
{"id":10008,"date":"2011-07-12T19:52:32","date_gmt":"2011-07-12T19:52:32","guid":{"rendered":"https:\/\/ujkafe.website\/?p=10008"},"modified":"2011-07-12T19:52:32","modified_gmt":"2011-07-12T19:52:32","slug":"adam-gyula-rajt-a-regizenei-fesztivalon","status":"publish","type":"post","link":"https:\/\/ujkafe.website\/?p=10008","title":{"rendered":"\u00c1d\u00e1m Gyula: Rajt a R\u00e9gizenei Fesztiv\u00e1lon"},"content":{"rendered":"<div id=\"attachment_10009\" style=\"width: 643px\" class=\"wp-caption alignnone\"><a href=\"https:\/\/ujkafe.website\/wp-content\/uploads\/2011\/07\/regizene_1.jpg\"><img loading=\"lazy\" decoding=\"async\" aria-describedby=\"caption-attachment-10009\" class=\"size-full wp-image-10009 \" title=\"regizene_1\" src=\"https:\/\/ujkafe.website\/wp-content\/uploads\/2011\/07\/regizene_1.jpg\" alt=\"\" width=\"633\" height=\"453\" srcset=\"https:\/\/ujkafe.website\/wp-content\/uploads\/2011\/07\/regizene_1.jpg 904w, https:\/\/ujkafe.website\/wp-content\/uploads\/2011\/07\/regizene_1-300x214.jpg 300w\" sizes=\"auto, (max-width: 633px) 100vw, 633px\" \/><\/a><p id=\"caption-attachment-10009\" class=\"wp-caption-text\">Els\u0151 nap a cs\u00edkszeredai R\u00e9gizene Fesztiv\u00e1lon. Fiatal bukaresti csapat mutatkozott be egyetemist\u00e1kb\u00f3l, Mihail Ghiga vezet\u00e9s\u00e9vel. Virtu\u00f3z j\u00e1t\u00e9kuk meg\u00e9l\u00e9nk\u00edtette a rendezv\u00e9ny rajtj\u00e1t.<\/p><\/div>\n","protected":false},"excerpt":{"rendered":"","protected":false},"author":3,"featured_media":0,"comment_status":"open","ping_status":"open","sticky":false,"template":"","format":"standard","meta":{"_monsterinsights_skip_tracking":false,"_monsterinsights_sitenote_active":false,"_monsterinsights_sitenote_note":"","_monsterinsights_sitenote_category":0,"ngg_post_thumbnail":0,"footnotes":""},"categories":[5],"tags":[],"class_list":["post-10008","post","type-post","status-publish","format-standard","hentry","category-foto"],"_links":{"self":[{"href":"https:\/\/ujkafe.website\/index.php?rest_route=\/wp\/v2\/posts\/10008","targetHints":{"allow":["GET"]}}],"collection":[{"href":"https:\/\/ujkafe.website\/index.php?rest_route=\/wp\/v2\/posts"}],"about":[{"href":"https:\/\/ujkafe.website\/index.php?rest_route=\/wp\/v2\/types\/post"}],"author":[{"embeddable":true,"href":"https:\/\/ujkafe.website\/index.php?rest_route=\/wp\/v2\/users\/3"}],"replies":[{"embeddable":true,"href":"https:\/\/ujkafe.website\/index.php?rest_route=%2Fwp%2Fv2%2Fcomments&post=10008"}],"version-history":[{"count":0,"href":"https:\/\/ujkafe.website\/index.php?rest_route=\/wp\/v2\/posts\/10008\/revisions"}],"wp:attachment":[{"href":"https:\/\/ujkafe.website\/index.php?rest_route=%2Fwp%2Fv2%2Fmedia&parent=10008"}],"wp:term":[{"taxonomy":"category","embeddable":true,"href":"https:\/\/ujkafe.website\/index.php?rest_route=%2Fwp%2Fv2%2Fcategories&post=10008"},{"taxonomy":"post_tag","embeddable":true,"href":"https:\/\/ujkafe.website\/index.php?rest_route=%2Fwp%2Fv2%2Ftags&post=10008"}],"curies":[{"name":"wp","href":"https:\/\/api.w.org\/{rel}","templated":true}]}}