
{"id":100155,"date":"2022-03-12T02:57:11","date_gmt":"2022-03-12T02:57:11","guid":{"rendered":"https:\/\/ujkafe.website\/?p=100155"},"modified":"2022-03-11T20:22:01","modified_gmt":"2022-03-11T20:22:01","slug":"elekes-ferenc-vivienek-es-hortenziak","status":"publish","type":"post","link":"https:\/\/ujkafe.website\/?p=100155","title":{"rendered":"Elekes Ferenc: Vivienek \u00e9s Hortenzi\u00e1k"},"content":{"rendered":"\r\n<p>Itt van ez a f\u00e9szbuk. Ez az \u00f6r\u00f6k\u00f6sen ny\u00fczsg\u0151 pletykaf\u00e9szek. A neve is onnan j\u00f6n, a f\u00e9szekb\u0151l. \u00c9s a bukfencb\u0151l. Nekem mondhatj\u00e1k a nyelv\u00e9szek, hogy nem onnan j\u00f6n. Mert bizony, onnan. \u00c9n m\u00e1r csak tudom, honnan sz\u00f6knek nekem naponta a Vivienek \u00e9s Hortenzi\u00e1k! <br>\u0150k azok, akiknek semmi dolguk nincs ezen a vil\u00e1gon, csak az, hogy valakinek nekisz\u00f6kjenek. A Vivienek \u00e9s Hortenzi\u00e1k! Nekik nem sz\u00e1m\u00edt, hogy \u00f6reg vagyok, rosszul l\u00e1tok, alig hallok, hajam elhullt, ki sem mozdulok a h\u00e1zb\u00f3l. J\u00f6nnek ezek a Vivienek \u00e9s Hortenzi\u00e1k, mutatj\u00e1k nekem a k\u00f6ld\u00f6k\u00fcket, a hossz\u00fa hajukat, a ping\u00e1lt k\u00f6rm\u00fcket \u00e9s mint egy pecs\u00e9tet, homlokomra nyomj\u00e1k, hogy l\u00e1jk! \u00c9s \u00edrj\u00e1k nekem, hogy mint egy pecs\u00e9tet, \u00e9n is nyomjam oda a festett orc\u00e1juk al\u00e1, l\u00e1jk! Legy\u00fcnk bar\u00e1tok. Ezek a Vivienek \u00e9s Hortenzi\u00e1k! <br>Csak egyszer \u00fcss oda, ebbe a pletykaf\u00e9szekbe egy l\u00e1jkot, t\u00f6bb\u00e9 nem szabadulsz meg a Vivienekt\u0151l \u00e9s Hortenzi\u00e1kt\u00f3l. <br>Egyszer \u00fct\u00f6ttem oda egy Vivienre, mert sz\u00e9p, hossz\u00fa l\u00e1ba volt neki, d\u00fas haja \u00e9s cs\u00e1bos tekintete. \u00c9s akkor l\u00e1ttam meg az igazi Vivient. <br>Az igazi Vivien cs\u00fanya volt, r\u00e1ncos, \u00e9letunt, k\u00f6v\u00e9r \u00e9s n\u00e1lamn\u00e1l is \u00f6regebb. Ha v\u00e9gig s\u00e9t\u00e1lna a f\u0151t\u00e9ren, a galambok is messzire elker\u00fcln\u00e9k. <br>\u00cdgy j\u00e1rtam Hortenzi\u00e1val is. De \u0151 legal\u00e1bb bevallotta, tizennyolc unok\u00e1ja van, szereti a j\u00f3 zen\u00e9t, a templomok cs\u00f6ndj\u00e9t, n\u00e9zni a hegyek cs\u00facsait \u00e9s ha nagyon nem f\u00e1j a l\u00e1ba, kis\u00e9t\u00e1l a k\u00f6zeli erd\u0151be \u00e1lmodozni, sz\u00e1j\u00e1ban egy \u00fatk\u00f6zben let\u00e9pett, gy\u00f6nge vir\u00e1gsz\u00e1llal. \u00c9s nem titkolta el, az a sz\u00e9p, hossz\u00fa l\u00e1b\u00fa, d\u00fas haj\u00fa, cs\u00e1bos tekintet\u0171 le\u00e1nyz\u00f3, akit maga helyett a pletykaf\u00e9szekbe rakott, voltak\u00e9ppen nem \u0151, hanem valami r\u00e9gi \u00e1lma, amit soha nem val\u00f3s\u00edthatott meg. Csak az\u00e9rt rakta oda, mert ez volt az \u0151 legh\u0151bb v\u00e1gya, s ebb\u0151l a r\u00e9gi v\u00e1gyb\u00f3l legal\u00e1bb ennyi maradjon meg.<br>\u00cdgy j\u00e1rtam Viviennel \u00e9s Hortenzi\u00e1val. <br>Furcsa egy t\u00e1rsas\u00e1g ez a f\u00e9szbuk! Senki sem az, ami, senki sem az, aki, hanem valami m\u00e1s, valaki m\u00e1s. \u00d3, miv\u00e9 lettetek ti, Vivienek \u00e9s Hortenzi\u00e1k!<br><br><em>Forr\u00e1s: szerz\u0151 FB-oldala<\/em><\/p>\r\n","protected":false},"excerpt":{"rendered":"<p>Itt van ez a f\u00e9szbuk. Ez az \u00f6r\u00f6k\u00f6sen ny\u00fczsg\u0151 pletykaf\u00e9szek. A neve is onnan j\u00f6n, a f\u00e9szekb\u0151l. \u00c9s a bukfencb\u0151l. Nekem mondhatj\u00e1k a nyelv\u00e9szek, hogy nem onnan j\u00f6n. Mert bizony, onnan. \u00c9n m\u00e1r csak tudom, honnan sz\u00f6knek nekem naponta a Vivienek \u00e9s Hortenzi\u00e1k! \u0150k azok, akiknek semmi dolguk nincs ezen a vil\u00e1gon, csak az, hogy [&hellip;]<\/p>\n","protected":false},"author":3,"featured_media":0,"comment_status":"open","ping_status":"open","sticky":false,"template":"","format":"standard","meta":{"_monsterinsights_skip_tracking":false,"_monsterinsights_sitenote_active":false,"_monsterinsights_sitenote_note":"","_monsterinsights_sitenote_category":0,"ngg_post_thumbnail":0,"footnotes":""},"categories":[120,1],"tags":[],"class_list":["post-100155","post","type-post","status-publish","format-standard","hentry","category-essze","category-nincs-kategorizalva"],"_links":{"self":[{"href":"https:\/\/ujkafe.website\/index.php?rest_route=\/wp\/v2\/posts\/100155","targetHints":{"allow":["GET"]}}],"collection":[{"href":"https:\/\/ujkafe.website\/index.php?rest_route=\/wp\/v2\/posts"}],"about":[{"href":"https:\/\/ujkafe.website\/index.php?rest_route=\/wp\/v2\/types\/post"}],"author":[{"embeddable":true,"href":"https:\/\/ujkafe.website\/index.php?rest_route=\/wp\/v2\/users\/3"}],"replies":[{"embeddable":true,"href":"https:\/\/ujkafe.website\/index.php?rest_route=%2Fwp%2Fv2%2Fcomments&post=100155"}],"version-history":[{"count":0,"href":"https:\/\/ujkafe.website\/index.php?rest_route=\/wp\/v2\/posts\/100155\/revisions"}],"wp:attachment":[{"href":"https:\/\/ujkafe.website\/index.php?rest_route=%2Fwp%2Fv2%2Fmedia&parent=100155"}],"wp:term":[{"taxonomy":"category","embeddable":true,"href":"https:\/\/ujkafe.website\/index.php?rest_route=%2Fwp%2Fv2%2Fcategories&post=100155"},{"taxonomy":"post_tag","embeddable":true,"href":"https:\/\/ujkafe.website\/index.php?rest_route=%2Fwp%2Fv2%2Ftags&post=100155"}],"curies":[{"name":"wp","href":"https:\/\/api.w.org\/{rel}","templated":true}]}}