
{"id":100207,"date":"2022-03-17T02:55:25","date_gmt":"2022-03-17T02:55:25","guid":{"rendered":"https:\/\/ujkafe.website\/?p=100207"},"modified":"2022-03-16T17:53:33","modified_gmt":"2022-03-16T17:53:33","slug":"b-tomos-hajnal-ketszaz-ev-mulva","status":"publish","type":"post","link":"https:\/\/ujkafe.website\/?p=100207","title":{"rendered":"B. Tomos Hajnal K\u00e9tsz\u00e1z \u00e9v m\u00falva"},"content":{"rendered":"\r\n<p>Megsz\u00f3lnak, s\u0151t gyakran<br>egyf\u00e9le m\u0171vi kirak\u00f3s<br>sehova sem p\u00e1sszol\u00f3<br>elem\u00e9nek b\u00e9lyegeznek,<!--more--><br>mert nem fogadtam el<br>a sz\u0151ke par\u00f3k\u00e1t,<br>a szilikon-implant\u00e1tumokat,<br>meg a fecskend\u0151k<br>testidegen k\u00f3djait.<br>Felvetett\u00e9k, hogy mit gondolnak <br>gener\u00e1ci\u00f3nkr\u00f3l az elj\u00f6v\u0151k,<br>ha mondjuk k\u00e9tsz\u00e1z \u00e9v m\u00falva ki\u00e1snak<br>s a t\u00f6megjellem kort\u00fcneteit <br>nem \u00e9szlelik majd rajtam<\/p>\r\n<div id=\"attachment_100209\" style=\"width: 309px\" class=\"wp-caption alignnone\"><a href=\"https:\/\/ujkafe.website\/wp-content\/uploads\/2022\/03\/ketsyay.jpg\"><img loading=\"lazy\" decoding=\"async\" aria-describedby=\"caption-attachment-100209\" class=\"wp-image-100209\" src=\"https:\/\/ujkafe.website\/wp-content\/uploads\/2022\/03\/ketsyay-200x300.jpg\" alt=\"\" width=\"299\" height=\"449\" srcset=\"https:\/\/ujkafe.website\/wp-content\/uploads\/2022\/03\/ketsyay-200x300.jpg 200w, https:\/\/ujkafe.website\/wp-content\/uploads\/2022\/03\/ketsyay-683x1024.jpg 683w, https:\/\/ujkafe.website\/wp-content\/uploads\/2022\/03\/ketsyay-768x1152.jpg 768w, https:\/\/ujkafe.website\/wp-content\/uploads\/2022\/03\/ketsyay-1024x1536.jpg 1024w, https:\/\/ujkafe.website\/wp-content\/uploads\/2022\/03\/ketsyay.jpg 1152w\" sizes=\"auto, (max-width: 299px) 100vw, 299px\" \/><\/a><p id=\"caption-attachment-100209\" class=\"wp-caption-text\"><em><strong>Szerz\u0151 fot\u00f3ja<\/strong><\/em><\/p><\/div>\r\n<p><strong><em>Forr\u00e1s: szerz\u0151 FB-oldala<\/em><\/strong><\/p>\r\n","protected":false},"excerpt":{"rendered":"<p>Megsz\u00f3lnak, s\u0151t gyakranegyf\u00e9le m\u0171vi kirak\u00f3ssehova sem p\u00e1sszol\u00f3elem\u00e9nek b\u00e9lyegeznek,<\/p>\n","protected":false},"author":3,"featured_media":0,"comment_status":"open","ping_status":"open","sticky":false,"template":"","format":"standard","meta":{"_monsterinsights_skip_tracking":false,"_monsterinsights_sitenote_active":false,"_monsterinsights_sitenote_note":"","_monsterinsights_sitenote_category":0,"ngg_post_thumbnail":0,"footnotes":""},"categories":[5,4],"tags":[],"class_list":["post-100207","post","type-post","status-publish","format-standard","hentry","category-foto","category-vers"],"_links":{"self":[{"href":"https:\/\/ujkafe.website\/index.php?rest_route=\/wp\/v2\/posts\/100207","targetHints":{"allow":["GET"]}}],"collection":[{"href":"https:\/\/ujkafe.website\/index.php?rest_route=\/wp\/v2\/posts"}],"about":[{"href":"https:\/\/ujkafe.website\/index.php?rest_route=\/wp\/v2\/types\/post"}],"author":[{"embeddable":true,"href":"https:\/\/ujkafe.website\/index.php?rest_route=\/wp\/v2\/users\/3"}],"replies":[{"embeddable":true,"href":"https:\/\/ujkafe.website\/index.php?rest_route=%2Fwp%2Fv2%2Fcomments&post=100207"}],"version-history":[{"count":0,"href":"https:\/\/ujkafe.website\/index.php?rest_route=\/wp\/v2\/posts\/100207\/revisions"}],"wp:attachment":[{"href":"https:\/\/ujkafe.website\/index.php?rest_route=%2Fwp%2Fv2%2Fmedia&parent=100207"}],"wp:term":[{"taxonomy":"category","embeddable":true,"href":"https:\/\/ujkafe.website\/index.php?rest_route=%2Fwp%2Fv2%2Fcategories&post=100207"},{"taxonomy":"post_tag","embeddable":true,"href":"https:\/\/ujkafe.website\/index.php?rest_route=%2Fwp%2Fv2%2Ftags&post=100207"}],"curies":[{"name":"wp","href":"https:\/\/api.w.org\/{rel}","templated":true}]}}