
{"id":100242,"date":"2022-03-19T02:55:52","date_gmt":"2022-03-19T02:55:52","guid":{"rendered":"https:\/\/ujkafe.website\/?p=100242"},"modified":"2022-03-18T20:53:19","modified_gmt":"2022-03-18T20:53:19","slug":"naszta-katalin-ozvegy-baradlayne-es-csaladja","status":"publish","type":"post","link":"https:\/\/ujkafe.website\/?p=100242","title":{"rendered":"N\u00e1szta Katalin: \u00d6zvegy Baradlayn\u00e9 \u00e9s csal\u00e1dja"},"content":{"rendered":"\r\n<p><em><strong>A k\u0151sz\u00edv\u0171 ember fiai a zalaegerszegi Hevesi S\u00e1ndor Sz\u00ednh\u00e1zban<\/strong><\/em><br><br>\u201eAz 1848\u201349-es forradalom \u00e9s szabads\u00e1gharc Magyarorsz\u00e1g \u00fajkori t\u00f6rt\u00e9net\u00e9nek egyik meghat\u00e1roz\u00f3 esem\u00e9nye, a modern nemzeti identit\u00e1s egyik alapk\u00f6v\u00e9v\u00e9 v\u00e1lt, mivel egyszerre t\u00f6rekedett az egy\u00e9ni szabads\u00e1gjogok kiv\u00edv\u00e1s\u00e1ra \u00e9s a nemzeti \u00f6nrendelkez\u00e9s megteremt\u00e9s\u00e9re. T\u00e1rsadalmi reformjaival a polg\u00e1ri \u00e1talakul\u00e1s megind\u00edt\u00f3ja, \u00f6nv\u00e9delmi harc\u00e1val a nemzeti mitol\u00f3gia r\u00e9sz\u00e9v\u00e9 v\u00e1lt. Szerves r\u00e9sze volt az 1848-as eur\u00f3pai forradalmi hull\u00e1mnak, azok k\u00f6z\u00fcl viszont l\u00e9nyeg\u00e9ben egyed\u00fcl jutott el sikeres katonai ellen\u00e1ll\u00e1sig. Eredm\u00e9nyess\u00e9g\u00e9t mi sem bizony\u00edtja jobban, mint hogy a Habsburg-h\u00e1z csak az Orosz Birodalom katonai beavatkoz\u00e1s\u00e1val tudott gy\u0151zedelmeskedni. Az 1848\u201349-es szabads\u00e1gharc a magyar nemzet t\u00f6rt\u00e9net\u00e9nek Magyarorsz\u00e1gon tal\u00e1n legismertebb h\u00e1bor\u00fas konfliktusa.\u201d (Wikip\u00e9dia)<!--more--><br><br>Voltak id\u0151k mikor h\u00e1bor\u00faban a katon\u00e1kat sz\u00edn\u00e9szn\u0151k buzd\u00edtottak el\u0151ad\u00e1saikkal kitart\u00e1sra, k\u00fczdelemre \u2013 a harct\u00e9ren. Lelkes\u00edtve \u0151ket, hogy k\u00f6nnyebben elviselj\u00e9k a sebeket, vesztes\u00e9geket. Azok a h\u00e1bor\u00fak m\u00e9g rem\u00e9nyteljesek voltak. Egy nemzet, egy orsz\u00e1g hadserege k\u00fczd\u00f6tt az \u00e9let\u00e9\u00e9rt. Azok a h\u00e1bor\u00fak \u2013 horribile dictu! \u2013 m\u00e9g tisztess\u00e9gesek voltak. Az 1848-49-es szabads\u00e1gharcunk eml\u00e9ke mai napig kis nemzet\u00fcnk nagy b\u00fcszkes\u00e9ge. Ebben haltak meg annyian nagyjaink k\u00f6z\u00fcl, erre eml\u00e9kez\u00fcnk szomor\u00fa b\u00fcszkes\u00e9ggel, ha el is buktuk. Az ilyen h\u00e1bor\u00fak \u00f6sszekov\u00e1csolj\u00e1k a sz\u00e9tforg\u00e1csolt nemzetet. H\u0151s any\u00e1k fiaikat h\u0151s\u00f6kk\u00e9 nevelik, \u00e9rtelme van a becs\u00fcletnek. Tisztess\u00e9ges a haz\u00e1\u00e9rt halni meg. <br>Lehet tisztess\u00e9ges egy hadvisel\u00e9s? Egy forradalom? Mikor hal\u00e1lt hoz valamelyik f\u00e9lnek? Voltak korok, amikor a hal\u00e1l tisztess\u00e9gesebb volt, mint a megalkuv\u00f3, kiegyez\u00e9ses \u00e9let. <br>Fon\u00e1k helyzetei az ember \u00e9let\u00e9nek. Akkor a lehajtott fej sz\u00e9gyent, a felemelt b\u00fcszkes\u00e9get jelentett. Az ellens\u00e9ggel szemben csak felemelt f\u0151 nyerhetett tisztess\u00e9get, a lehajtott csak Krisztus el\u0151tt bocs\u00e1natot. Az al\u00e1zat \u00e9s al\u00e1zatoskod\u00e1s k\u00f6zti k\u00fcl\u00f6nbs\u00e9g \u00e9les volt. Az any\u00e1k b\u00fcszk\u00e9n nevelt\u00e9k fiaikat szabads\u00e1gharcosoknak, egyed\u00fcl Isten el\u0151tti al\u00e1zatra tan\u00edtva \u0151ket.<\/p>\r\n<div id=\"attachment_100254\" style=\"width: 635px\" class=\"wp-caption alignnone\"><a href=\"https:\/\/ujkafe.website\/wp-content\/uploads\/2022\/03\/Both-Gabor.jpg\"><img loading=\"lazy\" decoding=\"async\" aria-describedby=\"caption-attachment-100254\" class=\"wp-image-100254\" src=\"https:\/\/ujkafe.website\/wp-content\/uploads\/2022\/03\/Both-Gabor-300x156.jpg\" alt=\"\" width=\"625\" height=\"326\" srcset=\"https:\/\/ujkafe.website\/wp-content\/uploads\/2022\/03\/Both-Gabor-300x156.jpg 300w, https:\/\/ujkafe.website\/wp-content\/uploads\/2022\/03\/Both-Gabor.jpg 480w\" sizes=\"auto, (max-width: 625px) 100vw, 625px\" \/><\/a><p id=\"caption-attachment-100254\" class=\"wp-caption-text\"><strong>Both G\u00e1bor<\/strong><\/p><\/div>\r\n<p><br>J\u00f3kai M\u00f3r A k\u0151sz\u00edv\u0171 ember fiai c\u00edm\u0171 reg\u00e9ny\u00e9t \u00e1ll\u00edtotta sz\u00ednpadra a zalaegerszegi Hevesi S\u00e1ndor Sz\u00ednh\u00e1z t\u00e1rsulata. Egy h\u0151si kor eml\u00e9ke a magyar t\u00f6rt\u00e9nelemb\u0151l. <br>P\u00e1ly\u00e1ja sor\u00e1n minden sz\u00edn\u00e9sz szeretn\u00e9 elj\u00e1tszani legal\u00e1bb egy-k\u00e9t emblematikus alakj\u00e1t m\u00faltunknak. J\u00f3kai egy h\u0151s any\u00e1t \u00e1ll\u00edt a \u201948-as id\u0151kb\u0151l p\u00e9ldak\u00e9pnek, aki szembe megy kora elavult t\u00e1rsadalmi beidegz\u0151d\u00e9seivel, f\u00e9rje v\u00e9grendelet\u00e9t semmibe v\u00e9ve katon\u00e1t, b\u00e1tor hazafiakat nevelve fiaib\u00f3l. \u0150 sem megy f\u00e9rjhez elhunyt f\u00e9rje v\u00e9gakarata szerint a sz\u00e1m\u00e1ra rendelt emberhez \u2013 mely nemcsak a csal\u00e1d megszokott p\u00e1ly\u00e1j\u00e1t lett volna hivatott er\u0151s\u00edteni, de a cs\u00e1sz\u00e1r fennhat\u00f3s\u00e1ga alatt marad\u00e1st is szavatolta volna. Az anya el\u0151bbre l\u00e1tott, haza- \u00e9s n\u00e9p\u00e9t szeret\u0151 sz\u00edv dobogott benne.<br>Ennek a nem k\u00f6nnyen v\u00e9ghezvihet\u0151 ellenszeg\u00fcl\u00e9snek lehet\u00fcnk n\u00e9z\u0151i.<\/p>\r\n<div id=\"attachment_100255\" style=\"width: 510px\" class=\"wp-caption alignnone\"><a href=\"https:\/\/ujkafe.website\/wp-content\/uploads\/2022\/03\/Pap-Lujza.jpg\"><img loading=\"lazy\" decoding=\"async\" aria-describedby=\"caption-attachment-100255\" class=\"wp-image-100255\" src=\"https:\/\/ujkafe.website\/wp-content\/uploads\/2022\/03\/Pap-Lujza-200x300.jpg\" alt=\"\" width=\"500\" height=\"750\" srcset=\"https:\/\/ujkafe.website\/wp-content\/uploads\/2022\/03\/Pap-Lujza-200x300.jpg 200w, https:\/\/ujkafe.website\/wp-content\/uploads\/2022\/03\/Pap-Lujza.jpg 320w\" sizes=\"auto, (max-width: 500px) 100vw, 500px\" \/><\/a><p id=\"caption-attachment-100255\" class=\"wp-caption-text\"><strong>Pap Lujza<\/strong><\/p><\/div>\r\n<p><br>Az any\u00e1t Pap Lujza alak\u00edtja. T\u00f6r\u00e9keny termete ellen\u00e9re ac\u00e9los elsz\u00e1nts\u00e1got t\u00fckr\u00f6z. Elhat\u00e1roz\u00e1s\u00e1t, mit esk\u00fcvel fogad meg Isten el\u0151tt, v\u00e9ghez viszi. A sz\u00ednm\u0171v\u00e9sz \u00e9rz\u00e9kenys\u00e9g\u00e9t a n\u0151i l\u00e9lek finom rezd\u00fcl\u00e9seinek \u00e1br\u00e1zol\u00e1s\u00e1ra m\u00e1r t\u00f6bbsz\u00f6r megcsod\u00e1lhattuk. Most azt mutatja meg, mire k\u00e9pes \u00f6zvegy Baradlayn\u00e9. Terve v\u00e9ghezvitel\u00e9hez olyan lelkier\u0151re van sz\u00fcks\u00e9ge, mint egy harcedzett katon\u00e1nak. Szembesz\u00e1ll a joggyakorlattal, a v\u00e9grendelkez\u00e9ssel, a hagyom\u00e1nnyal, a term\u00e9szetesen kibontakoz\u00f3 szerelem \u00fatj\u00e1t egyengeti fiai \u00e9let\u00e9ben, \u00f6nfel\u00e1ldoz\u00f3 h\u0151st nevel egyik\u00fckb\u0151l. Saj\u00e1t f\u00e1jdalm\u00e1val nem terheli k\u00f6rnyezet\u00e9t, \u00edgy nyeri el egy\u00fctt\u00e9rz\u00e9s\u00fcnket \u00e9s tisztelet\u00fcnket. Szerepform\u00e1l\u00e1s\u00e1val t\u00falmutat a szerep kor-idej\u00e9n, a jelennek \u00e1ll\u00edtva \u00e9letmint\u00e1t csal\u00e1dvezet\u00e9sb\u0151l. Csak a koszt\u00fcm\u00f6k, a k\u00f6r\u00fclm\u00e9nyek \u00e9vsz\u00e1zadosak, a gondolkod\u00e1sm\u00f3d a mindenkori forradalmas-forr\u00f3 helyzetekre ad tan\u00e1csot. Szeretete nagyfok\u00fa diplom\u00e1ciai \u00e9rz\u00e9kenys\u00e9ggel ir\u00e1ny\u00edtja helyes ir\u00e1nyba a t\u00f6rt\u00e9n\u00e9seket. Pap Lujza, egyre nyilv\u00e1nval\u00f3bb, egyike azoknak a m\u0171v\u00e9szegy\u00e9nis\u00e9geknek, akik \u00e9rtenek a l\u00e9lek rezd\u00fcl\u00e9seit a legfinomabb, de hat\u00e1rozott vonalakkal megrajzolni, megmutatni a sz\u00ednpadon. Egy apr\u00f3 fejbiccent\u00e9s, alig \u00e9szrevehet\u0151 \u00e1tf\u00f3kusz\u00e1l\u00e1sa tekintet\u00e9nek, egy rebben\u0151 k\u00e9zmozdulat \u2013 \u00e9rz\u00e9keny sz\u00ednpadi intelligenci\u00e1r\u00f3l \u00e1rulkodik. \u00d6zvegy Baradlayn\u00e9 alakj\u00e1nak megform\u00e1l\u00e1s\u00e1val legpregn\u00e1nsabb bizony\u00edt\u00e9k\u00e1t adja egyedi sz\u00edn\u00e9szi k\u00e9pess\u00e9geinek. Reag\u00e1l\u00e1sai lelke rezd\u00fcl\u00e9seit hajsz\u00e1lpontosan jelzik, minden tolakod\u00f3 gesztus n\u00e9lk\u00fcl. Alak\u00edt\u00e1sa m\u00e9rf\u00f6ldk\u0151 m\u0171v\u00e9szi p\u00e1ly\u00e1j\u00e1n.<\/p>\r\n<div id=\"attachment_100256\" style=\"width: 510px\" class=\"wp-caption alignnone\"><a href=\"https:\/\/ujkafe.website\/wp-content\/uploads\/2022\/03\/Dura-Veronika.jpg\"><img loading=\"lazy\" decoding=\"async\" aria-describedby=\"caption-attachment-100256\" class=\"wp-image-100256\" src=\"https:\/\/ujkafe.website\/wp-content\/uploads\/2022\/03\/Dura-Veronika-300x200.jpg\" alt=\"\" width=\"500\" height=\"333\" srcset=\"https:\/\/ujkafe.website\/wp-content\/uploads\/2022\/03\/Dura-Veronika-300x200.jpg 300w, https:\/\/ujkafe.website\/wp-content\/uploads\/2022\/03\/Dura-Veronika.jpg 640w\" sizes=\"auto, (max-width: 500px) 100vw, 500px\" \/><\/a><p id=\"caption-attachment-100256\" class=\"wp-caption-text\"><strong>Dura Veronika<\/strong><\/p><\/div>\r\n<p><br>A sz\u00edn\u00e9szek k\u00f6z\u00fcl a m\u00e1sik kiemelked\u0151 teljes\u00edtm\u00e9ny az Alphonsine szerep\u00e9t alak\u00edt\u00f3 Dura Veronik\u00e1\u00e9. Nemr\u00e9g ker\u00fclt a sz\u00ednh\u00e1zhoz, t\u00fal nagy tapasztalattal nem rendelkezhet, ennek ellen\u00e9re sz\u00ednes, lankadatlan l\u00e9lekjelenl\u00e9ttel j\u00e1tssza el a kezdetben m\u00e9g alig, de k\u00e9s\u0151bb v\u00e9gzetesen megkeseredett \u00e9s gonossz\u00e1 v\u00e1l\u00f3 fiatal n\u0151t. \u0150 is ismeri az \u00e1t\u00e9lt \u00e9rzelmek, gondolatok diszkr\u00e9t arckifejez\u00e9seit, amivel r\u00f6gt\u00f6n a megjegyzend\u0151 sz\u00edn\u00e9szek sor\u00e1ba ker\u00fcl. K\u00f6vetkez\u0151 alak\u00edt\u00e1saira is k\u00edv\u00e1ncsiak vagyunk. <br><br><br>A dramaturgia nem ny\u00fajt mindenkinek egyforma lehet\u0151s\u00e9get a kibontakoz\u00e1sra, \u00edgy \u00f3hatatlanul sz\u0171kebb szerep\u00e1br\u00e1zol\u00e1sokkal is tal\u00e1lkozunk. Hogy kinek melyik szerep \u00e1ll k\u00f6zel a sz\u00edv\u00e9hez az is megszabja, milyen kor\u00fa az illet\u0151. Kamaszkoromban Baradlay Jen\u0151\u00e9rt dobbant meg a sz\u00edvem s a fiatals\u00e1g kegyetlen r\u00e9szv\u00e9tlens\u00e9g\u00e9vel szeml\u00e9ltem az anya int\u00e9zked\u00e9seit. Ma pedig az elhat\u00e1roz\u00e1s\u00e1hoz szil\u00e1rdan ragaszkod\u00f3 any\u00e1t csod\u00e1lom, kinek b\u00e1tors\u00e1ga, akaratereje p\u00e9ldamutat\u00f3. Azt hinn\u00e9d, a t\u00f6r\u00e9keny alkat t\u00f6r\u00e9keny lelket is takar \u2013 de csal\u00f3dnod kell. T\u00f6rhetetlen. Gy\u00e9m\u00e1ntkem\u00e9ny. Sz\u00e1nd\u00e9kainak tisztas\u00e1ga, haz\u00e1ja ir\u00e1nti szeretete k\u00f6telezi a legnehezebb feladatra: saj\u00e1t gyermekeit kell megnyernie a magasztos c\u00e9lnak, a haza v\u00e9delm\u00e9re kelni. <br><br>Legnagyobb fi\u00e1t, Baradlay \u00d6d\u00f6nt Both G\u00e1bor j\u00e1tssza, sokszor \u00e9lvezhett\u00fck a h\u0151smagyar dalokat szenved\u00e9lyes profi el\u0151ad\u00e1s\u00e1ban, ezzel most is megteremti a kell\u0151 szabads\u00e1gharcos hangulatot. Elmaradhatatlanok a husz\u00e1rok t\u00e1nca, a dolm\u00e1nyviselet, a harcmez\u0151n \u00e9nekelt indul\u00f3k. A f\u0151\u00fari b\u00e1ljelenetek kering\u0151i, a gy\u00f6ny\u00f6r\u0171 koszt\u00fcm\u00f6k, frakkok el\u00e9nk var\u00e1zsolj\u00e1k az 1848-as \u00e9veket. A d\u00edszlet komor feketes\u00e9ge nem sok j\u00f3t vet\u00edt el\u0151re, nyomaszt\u00f3ak a harci jelenetek is, a rengeteg f\u00e1kly\u00e1val, f\u00fcsttel \u2013 a filinget mindenk\u00e9pp megteremtik Palwitz Ott\u00f3 hal\u00e1ltus\u00e1j\u00e1hoz, amit Mih\u00e1ly P\u00e9ter tisztess\u00e9ggel el is j\u00e1tszik. Hagyatkoz\u00e1sa gyermeke fel\u0151l a fiatal, boh\u00e9m Baradlay Rich\u00e1rdot m\u00e9lyen meg\u00e9rinti \u2013 Ticz Andr\u00e1s sz\u00e9pen kimunk\u00e1lt folyamatos jellem\u00e1br\u00e1zol\u00e1sa \u00fajb\u00f3l igazolja: szem\u00e9ly\u00e9ben a sz\u00ednh\u00e1z j\u00f3 sz\u00edn\u00e9szt nyert, mikor szerz\u0151d\u00e9st k\u00f6t\u00f6tt vele. Baradlay Jen\u0151 (Helvaci Ersan D\u00e1vid) \u00e9s L\u00e1nghy Aranka (T\u00e1madi Anita) pozit\u00edv szerepeiben kev\u00e9sb\u00e9 h\u00e1l\u00e1s feladathoz jutottak a sz\u00edn\u00e9szek. Ut\u00f3bbi az \u00c9retts\u00e9giben m\u00e1r bizony\u00edtotta dr\u00e1mai h\u0151sn\u0151i v\u00e9n\u00e1j\u00e1t, itt kevesebb lehet\u0151s\u00e9ge volt r\u00e1. Helvaci Ersan D\u00e1vid hitelesen hozza a botladoz\u00f3, kicsit g\u00e1tl\u00e1sos, \u00f6nbizalomhi\u00e1nyos fiatalembert, ki a legb\u00e1trabb f\u00e9rfiv\u00e1 lesz a h\u00e1rom testv\u00e9r k\u00f6z\u00fcl.<br>Haynau-t megkeseredett \u00e1llapot\u00e1ban l\u00e1tjuk sz\u00ednpadon Farkas Ign\u00e1c alak\u00edt\u00e1s\u00e1ban, utols\u00f3 kisz\u00f3l\u00e1s\u00e1val a v\u00e9reskez\u0171 t\u00f6rt\u00e9nelmi alak emberi oldal\u00e1t is megvillantva, Plankenhorst Antoinette szerep\u00e9t, Alphonsine anyj\u00e1t Debrei Zsuzsa a t\u0151le megszokott precizit\u00e1ssal \u00e1br\u00e1zolja, hidegv\u00e9r\u0171 \u00e9s hideglelk\u0171, sz\u00e1m\u00edt\u00f3 asszony a sz\u00ednpadon, a l\u00e1ny\u00e1t is ilyennek nevelte. Kov\u00e1ts D\u00f3ra hihet\u0151en j\u00e1tssza a fiatal, kisemmizett rokont Liedenwall Edit szerep\u00e9ben.<br>Rideghv\u00e1ry Bence negat\u00edv alakj\u00e1ban, mint m\u00e1r annyi ehhez hasonl\u00f3ban, Kiss Ern\u0151t l\u00e1thatjuk. Nem okoz csal\u00f3d\u00e1st, megb\u00edzhat\u00f3an hozza a figur\u00e1t. Ismeri \u0151ket k\u00edv\u00fcl-bel\u00fcl. A rendez\u0151i szereposzt\u00e1s s a legk\u00e9nyelmesebb megold\u00e1shoz ny\u00falt eset\u00e9ben. <br>B\u00f6hm Gy\u00f6rgy nem okoz nagy meglepet\u00e9st ezzel a rendez\u00e9s\u00e9vel. Telereg\u00e9ny-\u00e9rzetem van, kicsit unalmas, nagyon f\u00fcst\u00f6s, friss leveg\u0151re v\u00e1gyom a v\u00e9g\u00e9n \u2013 s m\u00e9g amiatt is furdal a lelkiismeret, hogy nem tudok sz\u00f3t ejteni minden szerepl\u0151r\u0151l, akik kevesebbet lehetnek jelen az el\u0151ad\u00e1sban, de fontosak: a kezd\u0151 d\u00e9vaj t\u00e1ncjelenetben megcsod\u00e1lom Mikita Zsuzsanna Lilla csinos, t\u00e1ncra termett alakj\u00e1t, Baj L\u00e1szl\u00f3 kaj\u00e1n ker\u00edt\u0151j\u00e9vel a m\u0171v\u00e9sz saj\u00e1t el\u0151ad\u00f3i palett\u00e1j\u00e1t sz\u00ednes\u00edti, Besenczi \u00c1rp\u00e1dot sokadik epiz\u00f3dfigur\u00e1ban l\u00e1tjuk, B\u00e1lint P\u00e9ter megint egyh\u00e1zi m\u00e9lt\u00f3s\u00e1got k\u00e9nytelen j\u00e1tszani, ak\u00e1rcsak a t\u00f6bbi felvillan\u00f3 epiz\u00f3dszerepl\u0151 \u2013 de h\u00e1t ilyen a sz\u00ednh\u00e1z. Egyszer egyiknek, m\u00e1skor m\u00e1siknak ragyog a szerencse. Ha m\u00e1s\u00e9rt nem, de nemzeti m\u00faltunk sz\u00f3rakoztat\u00f3 megismertet\u00e9s\u00e9t j\u00f3l szolg\u00e1lja az el\u0151ad\u00e1s. \u00c9s akiknek az alakj\u00e1t megjegyezz\u00fck, azoknak h\u00e1l\u00e1sak is vagyunk.<br><br>*<br><br><strong>A k\u0151sz\u00edv\u0171 ember fiai \u2013 romantikus sz\u00ednm\u0171 k\u00e9t r\u00e9szben<\/strong><br><br>J\u00f3kai M\u00f3r azonos c\u00edm\u0171 reg\u00e9nye alapj\u00e1n \u2013 J\u00f3kai M\u00f3r \u00e9s Pet\u0151fi S\u00e1ndor verseinek felhaszn\u00e1l\u00e1s\u00e1val &#8211; \u00edrta:<br>B\u00f6hm Gy\u00f6rgy \u00e9s Korcsm\u00e1ros Gy\u00f6rgy<br>Zen\u00e9j\u00e9t szerezte: Tolcsvay B\u00e9la \u00e9s Tolcsvay L\u00e1szl\u00f3 <br><br>Szereposzt\u00e1s: <br><br>Baradlayn\u00e9 &#8211; Pap Lujza Domj\u00e1n Edit-d\u00edjas<br>\u00d6d\u00f6n &#8211; Both G\u00e1bor<br>Rich\u00e1rd &#8211; Ticz Andr\u00e1s<br>Jen\u0151 &#8211; Helvaci Ersan David<br>Rideghv\u00e1ry Bence &#8211; Kiss Ern\u0151 J\u00e1szai-d\u00edjas<br>Plankenhorst Alphonsine &#8211; Dura Veronika<br>Plankenhorst Antoinette &#8211; Debrei Zsuzsanna<br>Haynau &#8211; Farkas Ign\u00e1c J\u00e1szai-d\u00edjas<br>Liedenwall Edit &#8211; Kov\u00e1ts D\u00f3ra<br>Palwitz Ott\u00f3 &#8211; Mih\u00e1ly P\u00e9ter<br>L\u00e1nghy Aranka &#8211; T\u00e1madi Anita<br>L\u00e1nghy tiszteletes &#8211; B\u00e1lint P\u00e9ter<br>Remigia n\u0151v\u00e9r &#8211; Czeg\u0151 Ter\u00e9z Gobbi Hilda-d\u00edjas<br>Goldner Fritz &#8211; D. Varga \u00c1d\u00e1m<br>Mausmann &#8211; Fritz Attila<br>P\u00e1l \u00far &#8211; Besenczi \u00c1rp\u00e1d J\u00e1szai-d\u00edjas<br>Adjut\u00e1ns &#8211; Farkas Gerg\u0151<br>Leonin &#8211; Baj L\u00e1szl\u00f3<br>Jeza, t\u00e1ncosn\u0151 &#8211; Mikita Zsuzsanna Lilla <br><br>T\u00e1ncosok:<br>Bodork\u00f3s Marcell, B\u00f6d\u00f6r Alexandra, Cseh Rich\u00e1rd, G\u00f3ra M\u00e1t\u00e9, Kov\u00e1cs Marcell, Ludm\u00e1ny Levente, Lugosi Krisztina, Megyeri Csan\u00e1d, Moln\u00e1r Lilla, Mrakovics Norbert, Sabj\u00e1n \u00c1d\u00e1m, Szakonyi Franciska, Tornyos Ervin, Tuboly Andrea, Tuboly \u00c1d\u00e1m<br><br><br>D\u00edszlet-Jelmez: T\u00fari Erzs\u00e9bet<br>Koreogr\u00e1fus: Bak\u00f3 G\u00e1bor<br>Vil\u00e1g\u00edt\u00e1s: Gib\u00e1rti Tibor<br>\u00dcgyel\u0151: Kov\u00e1cs Arnold<br>S\u00fag\u00f3: Jurina Be\u00e1ta<br>Rendez\u0151asszisztens: Lengyel No\u00e9mi <br><br><strong>Rendez\u0151: B\u00f6hm Gy\u00f6rgy J\u00e1szai- \u00e9s N\u00e1dasdy-d\u00edjas<\/strong><br><strong>Bemutat\u00f3: 2022. m\u00e1rcius 11.<\/strong><\/p>\r\n","protected":false},"excerpt":{"rendered":"<p>A k\u0151sz\u00edv\u0171 ember fiai a zalaegerszegi Hevesi S\u00e1ndor Sz\u00ednh\u00e1zban \u201eAz 1848\u201349-es forradalom \u00e9s szabads\u00e1gharc Magyarorsz\u00e1g \u00fajkori t\u00f6rt\u00e9net\u00e9nek egyik meghat\u00e1roz\u00f3 esem\u00e9nye, a modern nemzeti identit\u00e1s egyik alapk\u00f6v\u00e9v\u00e9 v\u00e1lt, mivel egyszerre t\u00f6rekedett az egy\u00e9ni szabads\u00e1gjogok kiv\u00edv\u00e1s\u00e1ra \u00e9s a nemzeti \u00f6nrendelkez\u00e9s megteremt\u00e9s\u00e9re. T\u00e1rsadalmi reformjaival a polg\u00e1ri \u00e1talakul\u00e1s megind\u00edt\u00f3ja, \u00f6nv\u00e9delmi harc\u00e1val a nemzeti mitol\u00f3gia r\u00e9sz\u00e9v\u00e9 v\u00e1lt. Szerves r\u00e9sze volt [&hellip;]<\/p>\n","protected":false},"author":3,"featured_media":0,"comment_status":"open","ping_status":"open","sticky":false,"template":"","format":"standard","meta":{"_monsterinsights_skip_tracking":false,"_monsterinsights_sitenote_active":false,"_monsterinsights_sitenote_note":"","_monsterinsights_sitenote_category":0,"ngg_post_thumbnail":0,"footnotes":""},"categories":[24,5],"tags":[],"class_list":["post-100242","post","type-post","status-publish","format-standard","hentry","category-beszamolo","category-foto"],"_links":{"self":[{"href":"https:\/\/ujkafe.website\/index.php?rest_route=\/wp\/v2\/posts\/100242","targetHints":{"allow":["GET"]}}],"collection":[{"href":"https:\/\/ujkafe.website\/index.php?rest_route=\/wp\/v2\/posts"}],"about":[{"href":"https:\/\/ujkafe.website\/index.php?rest_route=\/wp\/v2\/types\/post"}],"author":[{"embeddable":true,"href":"https:\/\/ujkafe.website\/index.php?rest_route=\/wp\/v2\/users\/3"}],"replies":[{"embeddable":true,"href":"https:\/\/ujkafe.website\/index.php?rest_route=%2Fwp%2Fv2%2Fcomments&post=100242"}],"version-history":[{"count":0,"href":"https:\/\/ujkafe.website\/index.php?rest_route=\/wp\/v2\/posts\/100242\/revisions"}],"wp:attachment":[{"href":"https:\/\/ujkafe.website\/index.php?rest_route=%2Fwp%2Fv2%2Fmedia&parent=100242"}],"wp:term":[{"taxonomy":"category","embeddable":true,"href":"https:\/\/ujkafe.website\/index.php?rest_route=%2Fwp%2Fv2%2Fcategories&post=100242"},{"taxonomy":"post_tag","embeddable":true,"href":"https:\/\/ujkafe.website\/index.php?rest_route=%2Fwp%2Fv2%2Ftags&post=100242"}],"curies":[{"name":"wp","href":"https:\/\/api.w.org\/{rel}","templated":true}]}}