
{"id":100248,"date":"2022-03-19T02:51:47","date_gmt":"2022-03-19T02:51:47","guid":{"rendered":"https:\/\/ujkafe.website\/?p=100248"},"modified":"2022-03-18T20:02:51","modified_gmt":"2022-03-18T20:02:51","slug":"lackfi-janos-nem-vagy-egyedul","status":"publish","type":"post","link":"https:\/\/ujkafe.website\/?p=100248","title":{"rendered":"Lackfi J\u00e1nos: Nem vagy egyed\u00fcl"},"content":{"rendered":"\r\n<p><a href=\"https:\/\/ujkafe.website\/wp-content\/uploads\/2022\/03\/lackfi.jpg\"><img loading=\"lazy\" decoding=\"async\" class=\"alignnone wp-image-100251\" src=\"https:\/\/ujkafe.website\/wp-content\/uploads\/2022\/03\/lackfi-300x200.jpg\" alt=\"\" width=\"625\" height=\"418\" srcset=\"https:\/\/ujkafe.website\/wp-content\/uploads\/2022\/03\/lackfi-300x200.jpg 300w, https:\/\/ujkafe.website\/wp-content\/uploads\/2022\/03\/lackfi-1024x684.jpg 1024w, https:\/\/ujkafe.website\/wp-content\/uploads\/2022\/03\/lackfi-768x513.jpg 768w, https:\/\/ujkafe.website\/wp-content\/uploads\/2022\/03\/lackfi.jpg 1308w\" sizes=\"auto, (max-width: 625px) 100vw, 625px\" \/><\/a><\/p>\r\n<p>Nem vagy egyed\u00fcl, mikor az \u00e9gb\u0151l<br>es\u0151 \u00e9s naps\u00fct\u00e9s helyett hal\u00e1l d\u0151l.<br>Nem vagy egyed\u00fcl, mikor remeg feletted<br>az \u00e9p\u00fclet, por felh\u0151z, veted a keresztet.<!--more--><br><br>Nem vagy egyed\u00fcl, amikor b\u0151g a szir\u00e9na,<br>s nem tudhat\u00f3, t\u00fal\u00e9led-e m\u00e9g ma.<br>Nem vagy egyed\u00fcl, mikor egy falat rem\u00e9nyre<br>\u00e9hesen kutatsz, h\u00e1tha maradt f\u00e9lret\u00e9ve.<br><br>Nem vagy egyed\u00fcl, mikor a sz\u00e9trobbant<br>ablakok cserepei talpad alatt ropognak.<br>Nem vagy egyed\u00fcl, mikor csal\u00e1di fot\u00f3kra<br>vad\u00e1szol, turk\u00e1lsz a sitt k\u00f6z\u00f6tt, zokogva.<br><br>Nem vagy egyed\u00fcl, mikor t\u00edz liternyi<br>benzint siker\u00fclt nagy nehezen szerezni.<br>Nem vagy egyed\u00fcl, mikor l\u00e9lekszakadva<br>viszed az \u00e9telt, s a bujk\u00e1l\u00f3 f\u00e9rfi harapja. <br><br>Nem vagy egyed\u00fcl, mikor volna okod annyi<br>menek\u00fclni, de a t\u00e1rsad nem tudod sors\u00e1ra hagyni.<br>Nem vagy egyed\u00fcl, mikor megmetszed a f\u00e1kat,<br>legyen gy\u00fcm\u00f6lcs, az ember h\u00e1tha nem hi\u00e1ba f\u00e1rad.<br><br>Nem vagy egyed\u00fcl, mikor feljajdulva n\u00e9zed,<br>bez\u00e1rt a bank, s benn rekedt k\u00ednnal keresett p\u00e9nzed.<br>Nem vagy egyed\u00fcl, mikor menek\u00fclsz, \u00e9s a port\u00e1d<br>j\u00e1r eszedben, a hi\u00e9n\u00e1k tal\u00e1n m\u00e1r kir\u00e1molt\u00e1k.<br><br>Nem vagy egyed\u00fcl, mikor idegen pl\u00e9dbe<br>burkolva vacogsz, hi\u00e1ba vagy megv\u00e9dve.<br>Nem vagy egyed\u00fcl, mikor idegen orsz\u00e1g<br>fogad be, az adom\u00e1nyokat hozz\u00e1k.<br><br>Nem vagy egyed\u00fcl, mikor a fejedben<br>m\u00e9g hullanak a bomb\u00e1k, ez elfelejthetetlen.<br>Nem vagy egyed\u00fcl, mikor a napt\u00e1r<br>fikci\u00f3v\u00e1 foszlott, nem sz\u00e1molsz napokat m\u00e1r.<br><br>Nem vagy egyed\u00fcl, mert ember vagy, s ezer t\u00e1rsad<br>l\u00f6vi a l\u00e1thatatlan l\u00e9gv\u00e9delmi im\u00e1kat.<br>Nem vagy egyed\u00fcl, mert mell\u00e9d \u00e1llunk \u00f6nk\u00e9nt,<br>h\u00fasunkban hordozva azt, ami veled t\u00f6rt\u00e9nt.<br><br>(Huszonegy nap alatt kifejl\u0151dik \u00e9s kikel egy kiscsibe. Az\u00f3ta kotlik irgalmatlan vastoj\u00e1sain a h\u00e1bor\u00fa, \u00e9s ontja a hal\u00e1lt. Az\u00f3ta van itt a gondolatainkban, a p\u00f3rusainkban. Seg\u00edt\u00fcnk, ahogy \u00e9s ahol tudunk, \u00e9s persze nagyon sokakon nem tudunk tev\u0151leg, de itt vannak \u0151k is vel\u00fcnk, a csontjainkban. Benn\u00fcnk az \u00e1ldozatok. \u00c9s k\u00f6zben h\u00e1l\u00e1sak vagyunk az \u00e9let\u00e9rt, nem temetkez\u00fcnk el a hadih\u00edrek al\u00e1, nem szeretn\u00e9nk odaadni a h\u00e1bor\u00fa sz\u00f6rny\u00e9nek a j\u00f3zan esz\u00fcnket. De az \u00e1rtatlanokkal vagyunk minden m\u00e1sodik gondolatban. Tehetetlen\u00fcl, de nem embertelen\u00fcl. Ez annyira zakatolt bennem, nem tudtam nem meg\u00edrni.)<br><br>Forr\u00e1s: szerz\u0151 FB-oldala<\/p>\r\n","protected":false},"excerpt":{"rendered":"<p>Nem vagy egyed\u00fcl, mikor az \u00e9gb\u0151les\u0151 \u00e9s naps\u00fct\u00e9s helyett hal\u00e1l d\u0151l.Nem vagy egyed\u00fcl, mikor remeg felettedaz \u00e9p\u00fclet, por felh\u0151z, veted a keresztet.<\/p>\n","protected":false},"author":3,"featured_media":0,"comment_status":"open","ping_status":"open","sticky":false,"template":"","format":"standard","meta":{"_monsterinsights_skip_tracking":false,"_monsterinsights_sitenote_active":false,"_monsterinsights_sitenote_note":"","_monsterinsights_sitenote_category":0,"ngg_post_thumbnail":0,"footnotes":""},"categories":[5,4],"tags":[],"class_list":["post-100248","post","type-post","status-publish","format-standard","hentry","category-foto","category-vers"],"_links":{"self":[{"href":"https:\/\/ujkafe.website\/index.php?rest_route=\/wp\/v2\/posts\/100248","targetHints":{"allow":["GET"]}}],"collection":[{"href":"https:\/\/ujkafe.website\/index.php?rest_route=\/wp\/v2\/posts"}],"about":[{"href":"https:\/\/ujkafe.website\/index.php?rest_route=\/wp\/v2\/types\/post"}],"author":[{"embeddable":true,"href":"https:\/\/ujkafe.website\/index.php?rest_route=\/wp\/v2\/users\/3"}],"replies":[{"embeddable":true,"href":"https:\/\/ujkafe.website\/index.php?rest_route=%2Fwp%2Fv2%2Fcomments&post=100248"}],"version-history":[{"count":0,"href":"https:\/\/ujkafe.website\/index.php?rest_route=\/wp\/v2\/posts\/100248\/revisions"}],"wp:attachment":[{"href":"https:\/\/ujkafe.website\/index.php?rest_route=%2Fwp%2Fv2%2Fmedia&parent=100248"}],"wp:term":[{"taxonomy":"category","embeddable":true,"href":"https:\/\/ujkafe.website\/index.php?rest_route=%2Fwp%2Fv2%2Fcategories&post=100248"},{"taxonomy":"post_tag","embeddable":true,"href":"https:\/\/ujkafe.website\/index.php?rest_route=%2Fwp%2Fv2%2Ftags&post=100248"}],"curies":[{"name":"wp","href":"https:\/\/api.w.org\/{rel}","templated":true}]}}