
{"id":101011,"date":"2022-05-09T02:59:01","date_gmt":"2022-05-09T02:59:01","guid":{"rendered":"https:\/\/ujkafe.website\/?p=101011"},"modified":"2022-05-08T19:54:32","modified_gmt":"2022-05-08T19:54:32","slug":"cselenyi-bela-probaido","status":"publish","type":"post","link":"https:\/\/ujkafe.website\/?p=101011","title":{"rendered":"Csel\u00e9nyi B\u00e9la: Pr\u00f3baid\u0151"},"content":{"rendered":"\r\n<p>Valami mindig fontosabb volt a padl\u00e1da kifest\u00e9s\u00e9n\u00e9l. A torn\u00e1con \u00e1llt a padl\u00e1da, a k\u00fcnt \u00e9s a bent k\u00f6z\u00f6tt, a senkif\u00f6ldj\u00e9n. Azon \u00fclt ap\u00e1m. &#8217;96-ot \u00edrtunk. Otthon is volt, meg nem is: els\u0151sz\u00fcl\u00f6tt fia udvar\u00e1ra &#8222;l\u00e1tott&#8221;, de m\u00e9gsem.<br>&#8212; Hogy vagy fiam? &#8212; k\u00e9rdezte furcs\u00e1n, idegen\u00fcl, \u00e9s nem n\u00e9zett r\u00e1m. Nem n\u00e9zett r\u00e1m, mert \u00fagynevezett perif\u00e9ri\u00e1lis l\u00e1t\u00e1sa volt: csak arra nem l\u00e1tott, amerre n\u00e9zett. Ezt a Bergman-film jelenetet bes\u00fagtam a pszichi\u00e1teremnek is. Csak pr\u00f3baid\u0151re engedtek ki.<br>&#8212; J\u00f3, de ez m\u00e9g kev\u00e9s ahhoz, hogy k\u00e9ts\u00e9gbeessen &#8212; mondta a pszichi\u00e1ter n\u0151. Valamikor sz\u00e9p lehetett, k\u00e1b\u00e9 annyi id\u0151vel azel\u0151tt, amennyi az\u00f3ta eltelt.<br><br><em>Budapest, 2022. V. 8.<\/em><\/p>\r\n","protected":false},"excerpt":{"rendered":"<p>Valami mindig fontosabb volt a padl\u00e1da kifest\u00e9s\u00e9n\u00e9l. A torn\u00e1con \u00e1llt a padl\u00e1da, a k\u00fcnt \u00e9s a bent k\u00f6z\u00f6tt, a senkif\u00f6ldj\u00e9n. Azon \u00fclt ap\u00e1m. &#8217;96-ot \u00edrtunk. Otthon is volt, meg nem is: els\u0151sz\u00fcl\u00f6tt fia udvar\u00e1ra &#8222;l\u00e1tott&#8221;, de m\u00e9gsem.&#8212; Hogy vagy fiam? &#8212; k\u00e9rdezte furcs\u00e1n, idegen\u00fcl, \u00e9s nem n\u00e9zett r\u00e1m. Nem n\u00e9zett r\u00e1m, mert \u00fagynevezett perif\u00e9ri\u00e1lis l\u00e1t\u00e1sa [&hellip;]<\/p>\n","protected":false},"author":3,"featured_media":0,"comment_status":"open","ping_status":"open","sticky":false,"template":"","format":"standard","meta":{"_monsterinsights_skip_tracking":false,"_monsterinsights_sitenote_active":false,"_monsterinsights_sitenote_note":"","_monsterinsights_sitenote_category":0,"ngg_post_thumbnail":0,"footnotes":""},"categories":[23],"tags":[],"class_list":["post-101011","post","type-post","status-publish","format-standard","hentry","category-rovidproza"],"_links":{"self":[{"href":"https:\/\/ujkafe.website\/index.php?rest_route=\/wp\/v2\/posts\/101011","targetHints":{"allow":["GET"]}}],"collection":[{"href":"https:\/\/ujkafe.website\/index.php?rest_route=\/wp\/v2\/posts"}],"about":[{"href":"https:\/\/ujkafe.website\/index.php?rest_route=\/wp\/v2\/types\/post"}],"author":[{"embeddable":true,"href":"https:\/\/ujkafe.website\/index.php?rest_route=\/wp\/v2\/users\/3"}],"replies":[{"embeddable":true,"href":"https:\/\/ujkafe.website\/index.php?rest_route=%2Fwp%2Fv2%2Fcomments&post=101011"}],"version-history":[{"count":0,"href":"https:\/\/ujkafe.website\/index.php?rest_route=\/wp\/v2\/posts\/101011\/revisions"}],"wp:attachment":[{"href":"https:\/\/ujkafe.website\/index.php?rest_route=%2Fwp%2Fv2%2Fmedia&parent=101011"}],"wp:term":[{"taxonomy":"category","embeddable":true,"href":"https:\/\/ujkafe.website\/index.php?rest_route=%2Fwp%2Fv2%2Fcategories&post=101011"},{"taxonomy":"post_tag","embeddable":true,"href":"https:\/\/ujkafe.website\/index.php?rest_route=%2Fwp%2Fv2%2Ftags&post=101011"}],"curies":[{"name":"wp","href":"https:\/\/api.w.org\/{rel}","templated":true}]}}