
{"id":101774,"date":"2022-06-29T02:54:15","date_gmt":"2022-06-29T02:54:15","guid":{"rendered":"https:\/\/ujkafe.website\/?p=101774"},"modified":"2022-06-28T20:56:53","modified_gmt":"2022-06-28T20:56:53","slug":"keszthelyi-gyorgy-emlekkonyv","status":"publish","type":"post","link":"https:\/\/ujkafe.website\/?p=101774","title":{"rendered":"Keszthelyi Gy\u00f6rgy: Eml\u00e9kk\u00f6nyv"},"content":{"rendered":"\r\n<p>De j\u00f3 lenne az \u00f6r\u00f6k, mi \u0151rk\u00f6dik<br>\u00e9s id\u0151tlen\u00fcl \u00e1t\u00f6r\u00f6k\u00f6lhet\u0151.<br>R\u00e9gi lejt\u0151k\u00f6n r\u00e9gi h\u00e1zak,<br>r\u00e1csok \u00e9s kuty\u00e1k, cigarettaf\u00fcst,<br>m\u00e1moros napok vetetlen \u00e1gya<br>s az a rejt\u00e9ly, hogy itt vagy, de m\u00e9gsem.<!--more--><br>Riaszt\u00f3 cseng\u0151t hordtam magammal,<br>nyomunkban voltak a lesifot\u00f3sok,<br>gy\u0171rt\u00fck az \u00e1gynem\u0171t, elviselt\u00fck egym\u00e1st,<br>egy\u00fctt mostuk m\u00e1s szennyes\u00e9t.<br><br>M\u00e9gis jobb \u00edgy, meg\u00e1ll\u00f3k n\u00e9lk\u00fcl,<br>ha sehova nem k\u00f6lt\u00f6z\u00f6m t\u00f6bbet,<br>te ott maradt\u00e1l, \u00e9n viszont \u00e1tmentem<br>v\u00e1lt\u00f3\u00e1ramba, magasfesz\u00fclts\u00e9gbe,<br>m\u00f6g\u00f6ttem gyorsvonat sz\u00e1guld.<br>Rajtam j\u00f3n\u00e9h\u00e1ny \u00e1tok \u00fcl, <br>rajtad egy h\u00edrhedt lak\u00f3negyed.<br>Az \u00e9jjel itt volt\u00e1l \u2013 valahogy \u00edgy lett,<br>besz\u00e9lgett\u00fcnk angolul, n\u00e9met\u00fcl,<br>Kass\u00e1k halott lova m\u00e9gis meg\u00e9rtett.<br><br><em>2022. j\u00fanius 28.<\/em><\/p>\r\n<p><a href=\"https:\/\/ujkafe.website\/wp-content\/uploads\/2022\/06\/emlekkonyv.jpg\"><img loading=\"lazy\" decoding=\"async\" class=\"alignnone  wp-image-101779\" src=\"https:\/\/ujkafe.website\/wp-content\/uploads\/2022\/06\/emlekkonyv-259x300.jpg\" alt=\"\" width=\"358\" height=\"415\" srcset=\"https:\/\/ujkafe.website\/wp-content\/uploads\/2022\/06\/emlekkonyv-259x300.jpg 259w, https:\/\/ujkafe.website\/wp-content\/uploads\/2022\/06\/emlekkonyv.jpg 705w\" sizes=\"auto, (max-width: 358px) 100vw, 358px\" \/><\/a><\/p>\r\n<p><strong>Forr\u00e1s: szerz\u0151 FB-oldala<\/strong><\/p>\r\n","protected":false},"excerpt":{"rendered":"<p>De j\u00f3 lenne az \u00f6r\u00f6k, mi \u0151rk\u00f6dik\u00e9s id\u0151tlen\u00fcl \u00e1t\u00f6r\u00f6k\u00f6lhet\u0151.R\u00e9gi lejt\u0151k\u00f6n r\u00e9gi h\u00e1zak,r\u00e1csok \u00e9s kuty\u00e1k, cigarettaf\u00fcst,m\u00e1moros napok vetetlen \u00e1gyas az a rejt\u00e9ly, hogy itt vagy, de m\u00e9gsem.<\/p>\n","protected":false},"author":3,"featured_media":0,"comment_status":"open","ping_status":"open","sticky":false,"template":"","format":"standard","meta":{"_monsterinsights_skip_tracking":false,"_monsterinsights_sitenote_active":false,"_monsterinsights_sitenote_note":"","_monsterinsights_sitenote_category":0,"ngg_post_thumbnail":0,"footnotes":""},"categories":[19,4],"tags":[],"class_list":["post-101774","post","type-post","status-publish","format-standard","hentry","category-grafika","category-vers"],"_links":{"self":[{"href":"https:\/\/ujkafe.website\/index.php?rest_route=\/wp\/v2\/posts\/101774","targetHints":{"allow":["GET"]}}],"collection":[{"href":"https:\/\/ujkafe.website\/index.php?rest_route=\/wp\/v2\/posts"}],"about":[{"href":"https:\/\/ujkafe.website\/index.php?rest_route=\/wp\/v2\/types\/post"}],"author":[{"embeddable":true,"href":"https:\/\/ujkafe.website\/index.php?rest_route=\/wp\/v2\/users\/3"}],"replies":[{"embeddable":true,"href":"https:\/\/ujkafe.website\/index.php?rest_route=%2Fwp%2Fv2%2Fcomments&post=101774"}],"version-history":[{"count":0,"href":"https:\/\/ujkafe.website\/index.php?rest_route=\/wp\/v2\/posts\/101774\/revisions"}],"wp:attachment":[{"href":"https:\/\/ujkafe.website\/index.php?rest_route=%2Fwp%2Fv2%2Fmedia&parent=101774"}],"wp:term":[{"taxonomy":"category","embeddable":true,"href":"https:\/\/ujkafe.website\/index.php?rest_route=%2Fwp%2Fv2%2Fcategories&post=101774"},{"taxonomy":"post_tag","embeddable":true,"href":"https:\/\/ujkafe.website\/index.php?rest_route=%2Fwp%2Fv2%2Ftags&post=101774"}],"curies":[{"name":"wp","href":"https:\/\/api.w.org\/{rel}","templated":true}]}}