
{"id":102346,"date":"2022-08-07T02:57:21","date_gmt":"2022-08-07T02:57:21","guid":{"rendered":"https:\/\/ujkafe.website\/?p=102346"},"modified":"2022-08-06T22:10:22","modified_gmt":"2022-08-06T22:10:22","slug":"cselenyi-bela-csikszereda","status":"publish","type":"post","link":"https:\/\/ujkafe.website\/?p=102346","title":{"rendered":"Csel\u00e9nyi B\u00e9la: Cs\u00edkszereda"},"content":{"rendered":"\r\n<p>Mi jellemzi Cs\u00edkszered\u00e1t? Legjobban Becz\u00e1ssy Antal fest\u0151m\u0171v\u00e9sz fogalmazta meg, aki nem is ott sz\u00fcletett kolozsv\u00e1ri idegrendszer\u00e9vel. Egyszer megl\u00e1togattam Szered\u00e1ban.<br>&#8212; Nincs szebb dolog &#8212; mondta a &#8216;hetvenes-&#8216;nyolcvanas \u00e9vt\u00edzedfordul\u00f3n &#8212; mint egy eszm\u00e9\u00e9rt \u00e9lni &#8212; \u00f3ri\u00e1si hat\u00e1ssz\u00fcnet &#8212; \u00e9s egy eszm\u00e9\u00e9rt meghalni.<br>Mai napig ez a b\u0151v\u00edtett mondat sz\u00e1momra Cs\u00edkszereda: egy eszm\u00e9\u00e9rt \u00e9lni, s egy eszm\u00e9\u00e9rt&#8230; meghalni. T\u00f3ni fogalmazta meg nekem.<br><br><em>Budapest,<\/em> 2022. VIII. 6.<\/p>\r\n","protected":false},"excerpt":{"rendered":"<p>Mi jellemzi Cs\u00edkszered\u00e1t? Legjobban Becz\u00e1ssy Antal fest\u0151m\u0171v\u00e9sz fogalmazta meg, aki nem is ott sz\u00fcletett kolozsv\u00e1ri idegrendszer\u00e9vel. Egyszer megl\u00e1togattam Szered\u00e1ban.&#8212; Nincs szebb dolog &#8212; mondta a &#8216;hetvenes-&#8216;nyolcvanas \u00e9vt\u00edzedfordul\u00f3n &#8212; mint egy eszm\u00e9\u00e9rt \u00e9lni &#8212; \u00f3ri\u00e1si hat\u00e1ssz\u00fcnet &#8212; \u00e9s egy eszm\u00e9\u00e9rt meghalni.Mai napig ez a b\u0151v\u00edtett mondat sz\u00e1momra Cs\u00edkszereda: egy eszm\u00e9\u00e9rt \u00e9lni, s egy eszm\u00e9\u00e9rt&#8230; meghalni. T\u00f3ni [&hellip;]<\/p>\n","protected":false},"author":3,"featured_media":0,"comment_status":"open","ping_status":"open","sticky":false,"template":"","format":"standard","meta":{"_monsterinsights_skip_tracking":false,"_monsterinsights_sitenote_active":false,"_monsterinsights_sitenote_note":"","_monsterinsights_sitenote_category":0,"ngg_post_thumbnail":0,"footnotes":""},"categories":[23],"tags":[],"class_list":["post-102346","post","type-post","status-publish","format-standard","hentry","category-rovidproza"],"_links":{"self":[{"href":"https:\/\/ujkafe.website\/index.php?rest_route=\/wp\/v2\/posts\/102346","targetHints":{"allow":["GET"]}}],"collection":[{"href":"https:\/\/ujkafe.website\/index.php?rest_route=\/wp\/v2\/posts"}],"about":[{"href":"https:\/\/ujkafe.website\/index.php?rest_route=\/wp\/v2\/types\/post"}],"author":[{"embeddable":true,"href":"https:\/\/ujkafe.website\/index.php?rest_route=\/wp\/v2\/users\/3"}],"replies":[{"embeddable":true,"href":"https:\/\/ujkafe.website\/index.php?rest_route=%2Fwp%2Fv2%2Fcomments&post=102346"}],"version-history":[{"count":0,"href":"https:\/\/ujkafe.website\/index.php?rest_route=\/wp\/v2\/posts\/102346\/revisions"}],"wp:attachment":[{"href":"https:\/\/ujkafe.website\/index.php?rest_route=%2Fwp%2Fv2%2Fmedia&parent=102346"}],"wp:term":[{"taxonomy":"category","embeddable":true,"href":"https:\/\/ujkafe.website\/index.php?rest_route=%2Fwp%2Fv2%2Fcategories&post=102346"},{"taxonomy":"post_tag","embeddable":true,"href":"https:\/\/ujkafe.website\/index.php?rest_route=%2Fwp%2Fv2%2Ftags&post=102346"}],"curies":[{"name":"wp","href":"https:\/\/api.w.org\/{rel}","templated":true}]}}