
{"id":102456,"date":"2022-08-15T10:51:59","date_gmt":"2022-08-15T10:51:59","guid":{"rendered":"https:\/\/ujkafe.website\/?p=102456"},"modified":"2022-08-14T19:32:37","modified_gmt":"2022-08-14T19:32:37","slug":"watzatka-robert-brasso-gitarmuvesze","status":"publish","type":"post","link":"https:\/\/ujkafe.website\/?p=102456","title":{"rendered":"Watzatka R\u00f3bert, Brass\u00f3 git\u00e1rm\u0171v\u00e9sze"},"content":{"rendered":"\r\n<p><em>Watzatka R\u00f3bert, volt di\u00e1k, egyetemista, egy\u00fcttes alap\u00edt\u00f3, egy\u00fcttesek git\u00e1rosa, az \u00c1prily Lajos F\u0151gimn\u00e1zium zenetan\u00e1ra, a brass\u00f3i egyetemen magyar nyelvet tan\u00edtott, r\u00e1di\u00f3s, jelenleg szabadfoglalkoz\u00e1s\u00fa git\u00e1rm\u0171v\u00e9sz \u00e9s oktat\u00f3. Vele besz\u00e9lgettem el a 11. Brass\u00f3i Magyar Napok alkalm\u00e1val.<\/em><\/p>\r\n<div id=\"attachment_102462\" style=\"width: 513px\" class=\"wp-caption alignnone\"><a href=\"https:\/\/ujkafe.website\/wp-content\/uploads\/2022\/08\/A-gitar-oktatas-apro-oromei-2017.-junius.jpg\"><img loading=\"lazy\" decoding=\"async\" aria-describedby=\"caption-attachment-102462\" class=\"wp-image-102462\" src=\"https:\/\/ujkafe.website\/wp-content\/uploads\/2022\/08\/A-gitar-oktatas-apro-oromei-2017.-junius-300x269.jpg\" alt=\"\" width=\"503\" height=\"451\" srcset=\"https:\/\/ujkafe.website\/wp-content\/uploads\/2022\/08\/A-gitar-oktatas-apro-oromei-2017.-junius-300x269.jpg 300w, https:\/\/ujkafe.website\/wp-content\/uploads\/2022\/08\/A-gitar-oktatas-apro-oromei-2017.-junius-1024x917.jpg 1024w, https:\/\/ujkafe.website\/wp-content\/uploads\/2022\/08\/A-gitar-oktatas-apro-oromei-2017.-junius-768x688.jpg 768w, https:\/\/ujkafe.website\/wp-content\/uploads\/2022\/08\/A-gitar-oktatas-apro-oromei-2017.-junius.jpg 1080w\" sizes=\"auto, (max-width: 503px) 100vw, 503px\" \/><\/a><p id=\"caption-attachment-102462\" class=\"wp-caption-text\"><em>A git\u00e1roktat\u00e1s apr\u00f3 \u00f6r\u00f6mei (K\u00f6z\u00e9pen: Watzatka R\u00f3bert, Brass\u00f3 git\u00e1rm\u0171v\u00e9sze)<\/em><\/p><\/div>\r\n<p><br><strong>Bencze Mih\u00e1ly:<\/strong> <em>Hol \u00e9s mikor sz\u00fclett\u00e9l, mes\u00e9lj csal\u00e1dodr\u00f3l, hogyan \u00e9s mikor ker\u00fclt\u00e9l kapcsolatba a zen\u00e9vel?<\/em><br><br><strong>Watzatka R\u00f3bert:<\/strong> 1990. febru\u00e1r 11-\u00e9n sz\u00fclettem Brass\u00f3ban. Csal\u00e1domr\u00f3l r\u00f6viden: \u00e9desap\u00e1m Watzatka G\u00e1bor (Brass\u00f3, 1960. m\u00e1jus 15.), \u00e9desap\u00e1m apja Watzatka J\u00e1nos (Brass\u00f3, 1930. szeptember 11.), \u00e9desap\u00e1m anyja Schwetter M\u00e1ria-Am\u00e1lia (Brass\u00f3, 1932. okt\u00f3ber 2.), \u00e9desany\u00e1m Sommer Rosita (Brass\u00f3, 1964. m\u00e1jus 14.), \u00e9desany\u00e1m apja Sommer Art\u00far (Sz\u00e1szr\u00e9gen, 1936. febru\u00e1r 20. \u2013 Brass\u00f3, 2021. m\u00e1rcius 23.), \u00e9desany\u00e1m anyja R\u00e1duly Roz\u00e1lia (Budapest, 1943. febru\u00e1r 19.). <br>Els\u0151 perct\u0151l a zene vil\u00e1g\u00e1ba l\u00e9ptem be. Sz\u00fcleim \u00e9s nagysz\u00fcleim mindig \u00e9neksz\u00f3val altattak el, innen j\u00f6n az, hogy sz\u00e1momra a zene l\u00e9tfontoss\u00e1g\u00fa. Els\u0151, zen\u00e9hez k\u00f6t\u0151d\u0151 eml\u00e9kem 3 \u00e9ves koromb\u00f3l van. Apum \u00e9desanyja \u00f6l\u00e9ben \u00fcltem \u00e9s valami gyermekdalokat \u00e9nekelgett\u00fcnk magyar, rom\u00e1n \u00e9s n\u00e9met nyelven. Ez mellett \u00e9desany\u00e1m \u00e9desanyja mindig a Gyermekem \u00f3 aludj\u00e1l c\u00edm\u0171 \u00e9nekkel altatott. \u00c9desap\u00e1m mindig git\u00e1rozott, vagy Carulli \u00e9s Carcassi klasszikus darabjaib\u00f3l, vagy Fonogr\u00e1f, Skorpi\u00f3 \u00e9s Republic dalokat. \u00c9desany\u00e1m mai napig f\u0151z\u00e9s k\u00f6zben \u00e9nekel, tal\u00e1n az\u00e9rt oly finom a f\u0151ztje. Anyum \u00e9desapj\u00e1t\u00f3l \u00f6r\u00f6k\u00f6ltem els\u0151 eg\u00e9szes heged\u0171met, \u0151 is mindig szerette d\u00fadolgatni kedvenc Ko\u00f3s J\u00e1nos dalait (n\u00e9ha egy\u00fctt nagymam\u00e1mmal, mert h\u00e1t kettesben sz\u00e9p az \u00e9let). Apum \u00e9desapja n\u00e9ha zongor\u00e1zott, de csal\u00e1di \u00f6sszej\u00f6veteleken b\u00e1tran megadja a hangot, persze, nagymam\u00e1val egy\u00fctt. Anyum h\u00faga sokat git\u00e1rozott \u00e9s \u00e9nekelt k\u00f6nny\u0171 zen\u00e9t. \u00c1ltala ismertem meg a rock \u00e9s blues zene st\u00edlusokat \u00e9s mondhatom, hogy el\u00e9g sokszor \u00e9nekelt\u00fcnk \u00e9s tomboltunk egy\u00fctt. Apum h\u00faga zeneiskol\u00e1t \u00e9s zeneegyetemet v\u00e9gzett, zongorista \u00e9s orgonam\u0171v\u00e9sz, jelenleg a Liszt Ferenc M\u00fazeumban dolgozik Budapesten. V\u00e9g\u00fcl a h\u00fagomat, Watzatka Laur\u00e1t (Brass\u00f3, 1996. J\u00fanius. 16.) is megeml\u00edten\u00e9m, mert alkalmank\u00e9nt egy\u00fctt \u00e9nekelt\u00fcnk, csal\u00e1di \u00f6sszej\u00f6veteleken valamint egy p\u00e1r Sokadalmon. \u0150 volt az els\u0151 tan\u00edtv\u00e1nyom, fel\u00fcgyeltem, mikor gyakorolt, de bevallom akkoriban m\u00e9g nem voltam felk\u00e9sz\u00fclve erre, \u00e9s t\u00fcrelmem sem volt nagyon a tan\u00edt\u00e1shoz. Ilyen h\u00e1tt\u00e9rrel, lehetetlennek tartom azt, hogy \u00e9n ne legyek zen\u00e9sz.<br><br><strong>(B.M.):<\/strong><em> Milyen iskol\u00e1kat v\u00e9gezt\u00e9l, kik voltak fontosabb tan\u00e1raid, hogyan folytattad a zenetanul\u00e1st?<\/em><br><br><strong>(W.R.):<\/strong> Els\u0151 oszt\u00e1lyt\u00f3l m\u00e1r komolyra fordult a kocka. \u00c9desap\u00e1m be\u00edratott a Brass\u00f3i zenel\u00edceum heged\u0171 szak\u00e1ra. Itt eg\u00e9sz 8-os koromig tanultam heged\u00fclni Lehni Erika \u00e9s Hath\u00e1zy Mih\u00e1ly tan\u00e1rokt\u00f3l. Itt tanultam zeneelm\u00e9letet is Suzana Mure\u0219an, Muntanu Mariana, \u00e9s Goga Nicolae-t\u0151l. Ebben az id\u0151ben a 15-\u00f6s \u00e1ltal\u00e1nos iskola tanul\u00f3ja is voltam, ahol B\u00edr\u00f3 Antal tan\u00e1r \u00far tan\u00edtotta a zen\u00e9t. A heged\u0171 var\u00e1zslatos hangz\u00e1sa bevezetett a klasszikus zene vil\u00e1g\u00e1ba. Ehhez hozz\u00e1seg\u00edtettek a budapesti nagyn\u00e9n\u00e9m klasszikus zen\u00e9s bakelit lemezei, melyeket nagymam\u00e1mmal hallgattam sokat. Ezek mellett a csal\u00e1d t\u00f6bbi tagja is \u00e9s a heged\u0171 tan\u00e1rn\u0151m is gyakran megaj\u00e1nd\u00e9kozott klasszikus zen\u00e9t tartalmaz\u00f3 kazett\u00e1kkal. Mondhatom, hogy elvar\u00e1zsoltak Mozart, Beethoven, Csajkovszkij \u00e9s Bart\u00f3k m\u0171vei. 14 \u00e9vesen ugyancsak apum b\u00e1tor\u00edt\u00e1s\u00e1ra be\u00e1lltam a B\u00fazavir\u00e1g n\u00e9pt\u00e1nc egy\u00fcttesbe. Itt a magyar n\u00e9pzene vil\u00e1g\u00e1t saj\u00e1t\u00edtottam el \u00e9s 2015-ig akt\u00edvan m\u0171veltem. Ennyit a heged\u00fcl\u00e9sr\u0151l. Itt Reiff Pista b\u00e1csit\u00f3l, Bercit\u0151l, Csiki Dodit\u00f3l, Moln\u00e1r K\u00e1rolyt\u00f3l, \u00e9s Muzsnai Sanyi b\u00e1csit\u00f3l tanultam a n\u00e9pzen\u00e9t. A git\u00e1r 13 \u00e9ves koromban kapott helyet konkr\u00e9tan az \u00e9letemben. Addig \u00e9desap\u00e1m \u00e9s nagyn\u00e9n\u00e9m git\u00e1roz\u00e1s\u00e1t hallgattam otthon, de 2003-ban egy Icseknek bec\u00e9zett ismer\u0151s\u00fcnk egy AC\/DC koncert dvd-t adott nekem. Mikor meghallottam a git\u00e1rt \u00e9s megl\u00e1ttam a git\u00e1rost \u00e9s \u00e1t\u00e9rezem azt az energi\u00e1t, akkor eld\u00f6nt\u00f6ttem, hogy git\u00e1ros leszek. Att\u00f3l a pillanatt\u00f3l mindenhol a rock zen\u00e9t vad\u00e1sztam. Led Zeppelin, Deep Purple, AC\/DC, Chuck Berry, Red Hot Chilli Peppers, Green Day, Omega, Piramis, LGT, Phoenix, Iris, Conexiuni \u00e9s Pink Floyd lettek licis \u00e9veim h\u0171 k\u00eds\u00e9r\u0151i. A l\u00edceumot az \u00c1prily Lajos F\u0151gimn\u00e1ziumban v\u00e9geztem. Miut\u00e1n k\u00e9t \u00e9vig f\u00fcl ut\u00e1n tanulgattam git\u00e1rozni a h\u00edres sl\u00e1gereket apum git\u00e1rj\u00e1n, 9. oszt\u00e1ly elej\u00e9n aj\u00e1nd\u00e9kba kaptam egy klasszikus git\u00e1rt. Ezut\u00e1n ugyancsak \u00e9desap\u00e1m beadott a n\u00e9pm\u0171v\u00e9szeti suliba, ahol 5 \u00e9vig Petrovan Gheorghe tan\u00e1rt\u00f3l tanultam a hangszer titkait, valamint \u021au\u021bu Ciprian-t\u00f3l pedig zene t\u00f6rt\u00e9nelmet. P\u00e1rhuzamosan ezzel B\u00edr\u00f3 T\u00f3ni zenetan\u00e1r b\u00e1tor\u00edt\u00e1s\u00e1ra a Gyermekpalota k\u00f6nny\u0171zene szak\u00e1ra beiratkoztam mint git\u00e1ros. Itt Pancea Ioan ir\u00e1ny\u00edt\u00e1s\u00e1val \u00e9s egy p\u00e1r haverral megalap\u00edtottuk els\u0151 egy\u00fcttes\u00fcnket, a H5N1 zenekart. Az elej\u00e9n basszusgit\u00e1roztam, azt\u00e1n git\u00e1ros lettem \u00e9s miut\u00e1n otthon kider\u00fclt, hogy az iskol\u00e1ban az eredm\u00e9nyeim katasztrof\u00e1lisak, ism\u00e9t kanap\u00e9 git\u00e1ross\u00e1 v\u00e1ltam, m\u00edg iskolai eredm\u00e9nyeimen jav\u00edtottam. A banda n\u00e9lk\u00fclem folytatta \u00e9s p\u00e1r n\u00e9v \u00e9s tagcsere ut\u00e1n a Nivelul 4 n\u00e9ven meg\u00e1llapodva, p\u00e1r \u00e9vvel k\u00e9s\u0151bb lemezt is adott ki. A b\u00e9rm\u00e1l\u00e1somra kapott aj\u00e1nd\u00e9kp\u00e9nzb\u0151l megvettem az els\u0151 elektromos git\u00e1romat. 10. oszt\u00e1ly elej\u00e9n ism\u00e9t egy\u00fcttesben szerettem volna zen\u00e9lni. Untam otthon egyed\u00fcl git\u00e1rozni. Szerettem volna m\u00e1s emberekkel is egy\u00fctt zen\u00e9lni. Mondhatom, hogy ez egy term\u00e9szetes indulat volt. Egy nap Krisztina nagyn\u00e9n\u00e9m Pancea Ioannal tal\u00e1lkozott az utc\u00e1n, aki mondta neki, hogy keres git\u00e1rost a Gyermekpalota \u00faj di\u00e1k egy\u00fcttes\u00e9be. Nagyn\u00e9n\u00e9m k\u00f6zvet\u00edtette a h\u00edrt s \u00e9n m\u00e1r szaladtam is a git\u00e1rom ut\u00e1n. \u00c9letem legterm\u00e9szetesebb \u00f6r\u00f6m\u00e9t \u00e9reztem. Vajon ez lenne a boldogs\u00e1g? A Gyermekpalot\u00e1ban megalakult egy\u00fcttes t\u00f6bb n\u00e9ven is szerepelt. N\u00e9ha Sound n\u00e9v alatt koncertezt\u00fcnk, n\u00e9ha Poltergeist n\u00e9v alatt. Az egyezs\u00e9g az int\u00e9zm\u00e9nnyel az volt, hogy, ha hivatalos versenyen vesz\u00fcnk r\u00e9szt, akkor Sound n\u00e9v alatt jelen\u00fcnk meg, saj\u00e1t koncerteken pedig Poltergeist n\u00e9v alatt szerepel\u00fcnk. A zenekar fel\u00e1ll\u00e1sa n\u00e9ha v\u00e1ltozott, de alap magj\u00e1t Sz\u0151cs Attila dobok, Jakab Szil\u00e1rd basszus git\u00e1r, G\u00eenju Andreia-Loredana billenty\u0171s hangszerek, j\u00f3magam git\u00e1r, Muerth M\u00f3nika, Carp-Crudu Ioana \u00e9s Preda Silvia \u00e9nekesek alkott\u00e1k (n\u00e9ha Kerest\u00e9ly \u00c1rp\u00e1d is beugrott basszusgit\u00e1rozni). K\u00e9t \u00e9vet zen\u00e9ltem a zenekarban. Ez id\u0151 alatt sz\u00e1mos versenyen \u00e9s koncerten vett\u00fcnk r\u00e9szt. D\u00edjakat is hoztunk haza Vatra Dornei-r\u0151l, Maros\u00fajv\u00e1rr\u00f3l, valamint a Brass\u00f3i Gaudeamus fesztiv\u00e1lr\u00f3l is t\u00f6bb \u00edzben. Egyik legnagyobb sikerem a 2007-es Maros\u00fajv\u00e1ri fesztiv\u00e1lon j\u00f6tt. Az egy\u00fcttes t\u00f6bb d\u00edjat vitt el \u00e9s ezek k\u00f6zt a Legjobb Git\u00e1ros d\u00edjat is. Nagyon \u00f6r\u00fcltem, hogy a munk\u00e1m a zs\u0171ri szem\u00e9ben \u00e9rt\u00e9kesnek sz\u00e1m\u00edtott. Ez a d\u00edj m\u00e9g jobban becementezte azt a gondolatot, hogy m\u00e1rpedig \u00e9n profi git\u00e1ros leszek. A Poltergeist egy\u00fcttessel siker\u00fclt t\u00f6bb \u00e9neket is \u00edrnunk. T\u00f6bb feldolgoz\u00e1ssal egy\u00fctt n\u00e9gy saj\u00e1t dalt is siker\u00fclt st\u00fadi\u00f3ban r\u00f6gz\u00edten\u00fcnk. Ez 2008 elej\u00e9n t\u00f6rt\u00e9nt. CD is jelent meg, de korl\u00e1tozott sz\u00e1mban. 2008 nyara sz\u00e9p volt hisz v\u00e9gig koncerteztem a Poltergeist-al \u00e9s a B\u00fazavir\u00e1ggal Rom\u00e1ni\u00e1t \u00e9s Magyarorsz\u00e1got \u00e9s B\u00e9cset (az ut\u00f3bbi kett\u0151t a B\u00fazavir\u00e1ggal). Ny\u00e1r ut\u00e1n elj\u00f6tt az \u0151sz \u00e9s egyezs\u00e9gemet a sz\u00fcleimmel betartva ki\u00e1lltam a Gyermekpalota egy\u00fctteseib\u0151l, hogy jobban tudjak koncentr\u00e1lni az \u00e9retts\u00e9gire. A 2005-2009 k\u00f6z\u00f6tt, a l\u00edceumi \u00e9vek alatt t\u00f6bb m\u00e1s egy\u00fcttessel is l\u00e9ptem fel az \u00c1prily Lajos F\u0151gimn\u00e1zium el\u0151ad\u00e1sain. Fell\u00e9ptem a Szil\u00e1gyi J\u00e1nos \u00e1ltal vezetett r\u00e9gi zene egy\u00fcttessel, a Rajcsek Istv\u00e1n \u00e1ltal vezetett angol r\u00e9gi zene egy\u00fcttessel ahol Kar\u00e1csony No\u00e9mivel adtunk el\u0151 sz\u00e1mos k\u00f6z\u00e9pkori angol dal feldolgoz\u00e1st. Szigy\u00e1rt\u00f3 M\u00e1ria zenetan\u00e1rn\u0151 seg\u00edts\u00e9g\u00e9vel egy kis suli band\u00e1t is \u00f6ssze\u00e1ll\u00edtottunk melyben Sz\u0151cs Attila dobolt, Jakab Szil\u00e1rd basszusgit\u00e1rozott, \u00e9n git\u00e1roztam, Muerth M\u00f3nika \u00e9s Kar\u00e1csony No\u00e9mi \u00e9nekelt \u00e9s mellyel t\u00f6bb magyar \u00e9s angol pop\/rock sl\u00e1gert feldolgoztunk. Antal Szil\u00e1rddal alak\u00edtottunk egy git\u00e1ros du\u00f3t. \u0150 git\u00e1rozott, \u00e9n is git\u00e1roztam, de el\u0151sz\u00f6r \u00e9letemben felv\u00e1llaltam az \u00e9nekes szerep\u00e9t is. Csak k\u00e9t fell\u00e9p\u00e9s\u00fcnk volt, egy a Redutban az iskola el\u0151ad\u00e1son s egy a Rem\u00e9nys\u00e9g H\u00e1za udvar\u00e1n tartott Sokadalomban. Saj\u00e1t sz\u00e1mokat \u00e9s feldolgoz\u00e1sokat \u00e9nekelt\u00fcnk folkosan, akusztikusan. Az utols\u00f3 licis banda, amiben j\u00e1tszottam egy tri\u00f3 volt mellyel egy p\u00e1r suli-\u00f6sszej\u00f6vetelen l\u00e9pt\u00fcnk fel. Eml\u00e9kszem, hogy nem pr\u00f3b\u00e1ltunk sokat (k\u00f6zeledett az \u00e9retts\u00e9gi), de el\u00e9g j\u00f3l sz\u00f3ltunk, r\u00e9v\u00e9n, hogy ismert\u00fck m\u00e1r egym\u00e1st zeneileg (sokat zen\u00e9lt\u00fcnk r\u00e9gebb egy\u00fctt). Saj\u00e1t sz\u00e1mokat s blues improviz\u00e1ci\u00f3kat pr\u00f3b\u00e1lgattunk. Sz\u0151cs Attila volt a dobos, Kerest\u00e9ly \u00c1rp\u00e1d a basszusgit\u00e1ros, backing vok\u00e1los \u00e9s j\u00f3magam a git\u00e1ros, \u00e9nekes (lehet m\u00e9gis ez volt az els\u0151 alkalom, hogy a vok\u00e1los szerepet felv\u00e1llaltam). Az egyik fell\u00e9p\u00e9s evvel a zenekarral alkalmat adott, hogy megl\u00e1ssam \u00e9s jobban megismerjem (zeneileg) S\u00fct\u0151 Soka \u00c1kost. Valami\u00e9rt m\u00e1r akkor \u00e9reztem, hogy mi m\u00e9g fogunk zen\u00e9lni egy\u00fctt. \u2026 2007-ben egy k\u00e9t hetes t\u00f6r\u00f6korsz\u00e1gi kisz\u00e1ll\u00e1son vettem r\u00e9szt a B\u00fazavir\u00e1ggal. Ez \u00e9letem egyik leg\u00e9rdekesebb tapasztalata volt. Az els\u0151 h\u00e9ten Antaly\u00e1ban voltunk, itt egy p\u00e1r el\u0151ad\u00e1sunk volt \u00e9s nagyon k\u00f6zel a tengerparthoz voltunk sz\u00e1ll\u00e1solva. A m\u00e1sodik h\u00e9ten Szilifk\u00e9be ment\u00fcnk. Ez egy sokkal hagyom\u00e1nyosabb hely volt. Kis falvakban zen\u00e9lt\u00fcnk (sokszor az \u00f6regek tan\u00e1csa el\u0151tt) \u00e9s iskol\u00e1kban. Akkoriban nagyb\u0151g\u0151ztem. A b\u0151g\u0151 k\u00fcl\u00f6nleges volt a t\u00f6r\u00f6k gyermekek sz\u00e1m\u00e1ra, \u00edgy azon vettem \u00e9szre magam, hogy k\u00f6r\u00fcl vagyok v\u00e9ve sok cs\u00f6pps\u00e9ggel, akik meg szeretn\u00e9k k\u00f6zelebbr\u0151l vizsg\u00e1lni a hangszert, \u00e9s aki v\u00e9g\u00fcl autogramot is k\u00e9r. Az egyik el\u0151ad\u00e1s a v\u00e1rosk\u00f6zpontban volt egy nagysz\u00ednpadon, sok n\u00e9z\u0151 el\u0151tt. Egy adott pillanatban a mecset torny\u00e1b\u00f3l ima kezdett sz\u00f3lni, \u00edgy az el\u0151ad\u00e1sunkat f\u00e9lbe kellett szak\u00edtani p\u00e1r percre. Az ima ut\u00e1n j\u00f6tt a sej haj ez a te! \u00e9s folytat\u00f3dott az el\u0151ad\u00e1s. R\u00e9v\u00e9n, hogy nem voltam a legf\u00e9nyesebb tanul\u00f3, valahogy norm\u00e1lisnak t\u0171nt, hogy 12. oszt\u00e1lyban ink\u00e1bb a sulira figyeljek. Ez\u00e9rt meg\u00e1llapodtam magammal s a sz\u00fcleimmel, hogy b\u00e1rmilyen sulin k\u00edv\u00fcli aktivit\u00e1sokkal lennebb engedek \u00e9s helyet hagyok j\u00f3 bar\u00e1taimnak, a matematik\u00e1nak, k\u00e9mi\u00e1nak, magyar \u00e9s rom\u00e1n nyelvnek valamint az egy\u00e9b tant\u00e1rgyaknak melyek az \u00e9retts\u00e9gire val\u00f3 felk\u00e9sz\u00fcl\u00e9st ig\u00e9nyelt\u00e9k. Ez a meg\u00e1llapod\u00e1s pont 3 hetet tartott. Amit teh\u00e1t Isten egybek\u00f6t\u00f6tt, ember azt el ne v\u00e1lassza ige alapj\u00e1n eld\u00f6nt\u00f6ttem, hogy felv\u00e1llalom, hogy minden p\u00e9nteken a Szili-b\u00e1rban zen\u00e9ljek oszt\u00e1lyt\u00e1rsammal, Nagy R\u00f3berttel. Mai napig ezt a helyet tartom az els\u0151 munkahelyemnek. Sok bulit lezen\u00e9lt\u00fcnk, de elj\u00f6tt febru\u00e1r k\u00f6zepe \u00e9s ism\u00e9t gy\u0171l\u00e9sbe h\u00edvtak, hisz tiszta dolog volt, hogy elhanyagoltam a tanul\u00e1st. Most az egyszer ap\u00e1m nyugodt hanggal elmagyar\u00e1zta, hogy hossz\u00fa t\u00e1von mennyit rontok magamon \u00e9s, hogy vegyem \u00e9szre, hogy hol \u00e1llok az \u00e9letemben \u00e9s vegyem \u00e9szre azt, hogy t\u00f6bbre is k\u00e9pes vagyok. Ne csak vakon s \u00f6szt\u00f6n\u00f6sen \u00e9ljek, hanem figyeljek oda arra is, hogy pontosan mi t\u00f6rt\u00e9nik. K\u00f6sz\u00f6n\u00f6m ezt neki \u00e9s anyumnak, hogy r\u00e1ir\u00e1ny\u00edtottak a saj\u00e1t magam megismer\u00e9se \u00fatj\u00e1ra. Amint fent eml\u00edtettem, m\u00e9g csak egy-k\u00e9t iskolai el\u0151ad\u00e1son l\u00e9ptem fel a tri\u00f3val \u00e9s Antal Szil\u00e1rddal na meg a B\u00fazavir\u00e1ggal. Legjobb bar\u00e1tom a cd \u00e9s mp3 lej\u00e1tsz\u00f3 lett. Pink Floyd, Led Zeppelin, Deep Purple, Nirvana, System of a Down valamint Mendelsohn Bartholdy \u00e9s Chopin sz\u00f3lt a f\u00fcleimben eg\u00e9sz nap. Gyakoroltam \u00e9s \u00edrtam zen\u00e9t \u00e9s ismer\u0151s\u00f6kt\u0151l beszerzett koncert dvd-re t\u00e1ncoltam vagy t\u00e1tottam a sz\u00e1m. A sok meditat\u00edv viselked\u00e9s arra vitt, hogy r\u00e1j\u00f6jjek, hogy jobb volna, ha a torn\u00e1t v\u00e1lasztom \u00e9retts\u00e9gire, nem a t\u00f6rt\u00e9nelmet. Sz\u00fcleim f\u00e9ltettek, nehogy aznap rosszul legyek vagy valami, de \u00e9n \u00fagy gondoltam, hogy f\u00e9ll\u00e1bon szaladva az 50 m\u00e9tert jobb eredm\u00e9nyt \u00e9rn\u00e9k el, mint m\u00e9g napi 2 \u00f3ra magol\u00e1ssal. \u00d6sszesz\u00e1molva a l\u00e9nyeg az volt, hogy a t\u00f6rt\u00e9nelemtanul\u00e1s a h\u00e1zban tartott, a tornagyakorlatok meg a leveg\u0151n. Ennyit err\u0151l.<br><br><strong>(B.M.):<\/strong> <em>Hogyan alakult az \u00e9leted az \u00e9retts\u00e9gi ut\u00e1n?<\/em><br><br><strong>(W.R.):<\/strong> Meglett az \u00e9retts\u00e9gi. Az eredm\u00e9nyek alapj\u00e1n most m\u00e1r \u00e9n is \u00e9s a csal\u00e1d is tiszt\u00e1ban volt azzal, hogy bel\u0151lem nem lesz sem m\u00e9rn\u00f6k, sem IT-s. Hova tov\u00e1bb?. Az \u00e9retts\u00e9gi ut\u00e1n az oszt\u00e1llyal kiruccantunk a Szent Anna T\u00f3hoz \u00e9s 3 napot buliztunk. Az eredm\u00e9nyeket \u00fagy tudtuk meg, hogy \u00c1ron a fa tetej\u00e9r\u0151l dikt\u00e1lta (t\u00e9rer\u0151 hi\u00e1nya miatt volt \u0151 a f\u00e1n) a jegyeket, melyeket valaki felolvasott neki telefonon kereszt\u00fcl. M\u00e1r akkor azon j\u00e1rt az eszem, hogy mit hogy fogok csin\u00e1lni. Kicsenget\u00e9semre annyi p\u00e9nzt gy\u0171jt\u00f6ttem, hogy vehettem egy er\u0151s\u00edt\u0151t magamnak, addig a magnetofonba k\u00f6tve gyakoroltam, zen\u00e9l\u00e9seken pedig a Gyermekpalota felszerel\u00e9s\u00e9n zen\u00e9ltem. \u00c9desany\u00e1m aj\u00e1nl\u00e1s\u00e1ra a nyelv egyetemet v\u00e1lasztottam. \u00cdgy a Brass\u00f3i Transilvania Egyetem Nyelvek kar\u00e1nak lettem hallgat\u00f3ja. Pontosabban az Amerikai Tanulm\u00e1nyok szak hallgat\u00f3ja. Azon a ny\u00e1ron m\u00e9g t\u00f6rt\u00e9nt valami fontos. J\u00f3 bar\u00e1tommal, Thomassal, elment\u00fcnk az Erd\u0151csin\u00e1don megtartott git\u00e1rt\u00e1borba. Itt szenz\u00e1ci\u00f3s embereket ismertem meg \u00e9s t\u00f6bb egy\u00fcttessel zen\u00e9lgettem, git\u00e1rral, hanggal. Itt j\u00f6ttem r\u00e1 arra, hogy nagyon hamar \u00f6ssze tudok hozni embereket \u00e9s meggy\u0151zni \u0151ket, hogy j\u00f3l fogunk mi zen\u00e9lni egy\u00fctt. A legt\u00f6bbet Alex Man jazz git\u00e1rost\u00f3l tanultam. Els\u0151 sorban r\u00e1j\u00f6ttem arra, hogy nem csak a rock l\u00e9tezik \u00e9s, hogyha megengedem a zen\u00e9nek, hogy elmondja mondanival\u00f3j\u00e1t sokkal nagyobb lesz az \u00e9rzelem v\u00e1laszt\u00e9k \u00e9s sz\u00ednesebb lesz a zenei paletta melyb\u0151l inspir\u00e1l\u00f3dhatok. Haza \u00e9rve a t\u00e1borb\u00f3l, Thomassal megl\u00e1togattuk Cserg\u0151 J\u00e1nos haverunkat, h\u00e1rom csomag cigi \u00e9s n\u00e9gy k\u00e1v\u00e9 ut\u00e1n meg\u00edrtuk az els\u0151 dalunk, minek a neve Woman (n\u0151k) lett. Az elk\u00f6vetkezend\u0151 id\u0151szakban sok dal sz\u00fcletett \u00e9s a Brass\u00f3i Panda B\u00e1r minden vas\u00e1rnapi vend\u00e9gei lett\u00fcnk. A banda neve Gadjo Caffe lett \u00e9s a st\u00edlus egy gypsy jazz-b\u00f3l sz\u00e1rmaz\u00f3 improvizat\u00edv funky akusztikus muzsika volt, kis valcer \u00e9s kis blues adal\u00e9kkal. Mikor az emberek k\u00e9rdezt\u00e9k, hogy mit zen\u00e9l\u00fcnk, azt v\u00e1laszoltuk, hogy heavyflatlandgypsyjazz (er\u0151salf\u00f6ldicig\u00e1nyjazz). Sok saj\u00e1t szerzem\u00e9ny sz\u00fcletett, melyek k\u00f6z\u00fcl csak egyet siker\u00fclt r\u00f6gz\u00edteni. Ebb\u0151l az egy\u00fcttesb\u0151l azt tanultam, hogy ne \u00e9rdekeljen, hogy m\u00e1sok mit, mondanak, ha \u00e9n tudom, hogy \u00f6nmagam vagyok \u00e9s \u00f6nmagamat adom. A Gadjo Caffe \u00e9lete r\u00f6vid volt, de vel\u0151s. A Redutban is koncertezt\u00fcnk egy \u00f6nk\u00e9ntes g\u00e1l\u00e1n valamint sok b\u00e1rban, vend\u00e9gl\u0151ben \u00e9s k\u00f6nyvbemutat\u00f3n is hangoztattuk git\u00e1rjainkat. M\u00e9g egy nyugd\u00edjaz\u00e1s hangulat\u00e1t is feldobtuk a zen\u00e9nkkel. Cserg\u0151 J\u00e1nos b\u0151g\u0151z\u00f6tt, Silbernagel Thomas git\u00e1rozott, j\u00f3magam git\u00e1roztam \u00e9s \u00e9nekeltem. Gyors iramban dolgoztunk, majdnem minden este pr\u00f3b\u00e1ltunk. Nappal egyetemre j\u00e1rtam, d\u00e9lut\u00e1n tan\u00edtgattam git\u00e1rozni emberk\u00e9ket \u00e9s este mentem pr\u00f3b\u00e1ra hajnalig. Ez a program 2009 nyar\u00e1t\u00f3l eg\u00e9szen 2010 nyar\u00e1ig tartott. H\u00e9tv\u00e9genk\u00e9nt zen\u00e9lt\u00fcnk \u00e9s buliztunk \u00e9s ez mind norm\u00e1lis volt. A f\u00e1radts\u00e1g viszont be\u00fct\u00f6tt \u00e9s \u00e9reztem, hogy nem b\u00edrom m\u00e1r az iramot. El\u00e9g sok n\u00e9zetelt\u00e9r\u00e9s sz\u00fcletett ez az id\u0151 alatt \u00e9s szerintem mind elf\u00e1radtunk. 2010 augusztus\u00e1ban S\u00fct\u0151 Soka \u00c1kossal \u00e9s Ciprian Dragomirral elind\u00edtottam egy rock tri\u00f3t melynek F.A.N. lett a neve. A sok akusztikus zen\u00e9l\u00e9st\u0151l megj\u00f6tt a kedvem a rockhoz \u00e9s az eredeti 13 \u00e9ves kori \u00e1lmom, hogy szeretn\u00e9k rock egy\u00fcttesben zen\u00e9lni, el\u0151t\u00e9rbe f\u00e9szkel\u0151d\u00f6tt. Az els\u0151 pr\u00f3b\u00e1n m\u00e1r \u00e9rz\u0151d\u00f6tt a k\u00e9mia \u00e9s t\u00f6bb saj\u00e1t sz\u00e1m alapj\u00e1t raktuk le. Ahogy fennebb eml\u00edtettem, Soka-t azon a bizonyos l\u00edceumi koncerten l\u00e1ttam zen\u00e9lni az akkori egy\u00fcttes\u00e9vel \u00e9s m\u00e1r \u00e9reztem, hogy itt van k\u00e9mia. Ezt bizony\u00edtja az is, hogy 10 \u00e9ve egy\u00fctt zen\u00e9l\u00fcnk. Cipriannal m\u00e9g zen\u00e9ltem a Gyermekpalot\u00e1n\u00e1l egy k\u00e9t koncertet \u00e9s vele is \u00e9reztem, hogy zeneileg tal\u00e1lunk. Ut\u00f3lag kider\u00fclt, hogy nem csak zeneileg tal\u00e1ltunk, hanem nagyon j\u00f3 bar\u00e1tok is lett\u00fcnk mindh\u00e1rman. A F.A.N. egy\u00fcttessel funk, funk rock \u00e9s blues rock zenest\u00edlusokban j\u00e1tszottunk \u00e9s kompon\u00e1ltunk. A sz\u00e1mok jam-sessionok-b\u00f3l sz\u00fclettek \u00e9s nagyon sok energi\u00e1val voltak felt\u00f6ltve. Minden oldalr\u00f3l j\u00f6tt az inspir\u00e1ci\u00f3 \u00e9s r\u00f6vid id\u0151 alatt t\u00f6bb sz\u00e1mot meg\u00edrtunk \u00e9s k\u00e9szen \u00e1lltunk az els\u0151 koncert\u00fcnket megtartani. Az els\u0151 F.A.N. koncert \u00f3ri\u00e1si volt sz\u00e1momra. A Compact egy\u00fcttesnek nyitottunk egy nagy \u00fczlet parkol\u00f3j\u00e1ban tartott v\u00e1s\u00e1r, koncert rendezv\u00e9nyen. El\u0151sz\u00f6r \u00e9reztem azt, hogy zen\u00e9mmel embereknek a lelk\u00e9hez \u00e9rtem \u00e9s kihoztam egy \u00f6r\u00f6met, egy energi\u00e1t amely r\u00e9g fel akart szabadulni. Ugyanazon a rendezv\u00e9nyen a Gadjo Caffe-val is fell\u00e9pt\u00fcnk \u00e9s az embereket \u00e9s energi\u00e1ikat megmozgattuk. Ebben a pontban m\u00e1r \u00e9reztem, hogy k\u00e9ne v\u00e1lasszak, valahogy nem tartottam igazs\u00e1gosnak, hogy m\u00edg egyik band\u00e1nak koncerteket int\u00e9zek a m\u00e1sikat elhanyagolom. Egy Gadjo Caffe pr\u00f3ba alkalm\u00e1val el\u00e9g sok el\u00e9gedetlens\u00e9g \u00e9s el nem mondott probl\u00e9ma bukkant fel. A pr\u00f3ba v\u00e9g\u00e9re felm\u00e9rgel\u0151dtem s miut\u00e1n egyet kiab\u00e1ltam s egy szoba l\u00e1mp\u00e1t megpr\u00f3b\u00e1ltam a sr\u00e1cok fele dobni ki\u00e1lltam a zenekarb\u00f3l. \u00cdgy k\u00f6r\u00fclbel\u00fcl egy \u00e9vig megsz\u0171nt a bar\u00e1ts\u00e1g. Egy \u00e9v ut\u00e1n kib\u00e9k\u00fclt\u00fcnk s az\u00f3ta j\u00f3 bar\u00e1tok vagyunk, de egy\u00fctt nagyon ritk\u00e1n zen\u00e9l\u00fcnk \u00e9s azt is csak sz\u00f3rakoz\u00e1sb\u00f3l egy nappaliban. A F.A.N. maradt a f\u0151 f\u00f3kusz pont az \u00e9letemben. Mellette j\u00e1rtam egyetemre \u00e9s 2009 \u0151sz\u00e9t\u0151l \u00fajra Robival zen\u00e9ltem a Szili-b\u00e1rban. Majdnem minden p\u00e9nteken s n\u00e9ha szombatokon is be\u00fclt\u00fcnk \u00e9s h\u00edres magyar sl\u00e1gerekre t\u00e1ncoltattuk a Brass\u00f3i magyar fiatalokat \u00e9s nem annyira fiatalokat is. 2011-ben a Szili-b\u00e1r bez\u00e1r\u00e1sa ut\u00e1n m\u00e1r mind ritk\u00e1bban zen\u00e9lt\u00fcnk Robival, m\u00e9g volt egy k\u00e9t sz\u00fcreti b\u00e1l, egy k\u00e9t tal\u00e1lkoz\u00f3 \u00e9s v\u00e9g\u00fcl itt is \u00fagy d\u00f6nt\u00f6ttem, hogy egyetlen projektre \u00f6sszpontos\u00edtok \u00edgy Robival is sz\u00e9tv\u00e1ltunk. A F.A.N.-el folyt tov\u00e1bbra a munka. Kidolgoztunk egy j\u00f3 rock-bulis show-t \u00e9s elkezdt\u00fcnk koncerteket keresni. A Casa De Cultur\u0103 a Studen\u021bilor (Valentin Muntean \u00e9s Damian Mircea) seg\u00edts\u00e9g\u00e9vel t\u00f6bb fesztiv\u00e1lra is eljutottunk Galacra (2-szer is) \u00e9s Craiovara is. Craiov\u00e1n els\u0151 helyet nyert\u00fcnk a Rock, Jazz, Folk fesztiv\u00e1lon 2011-ben valamint a Brass\u00f3i Gaudeamus fesztiv\u00e1lon is els\u0151 helyet nyert\u00fcnk 2012-ben. Ugyancsak a 2011-2013 peri\u00f3dusban t\u00f6bb bukaresti fell\u00e9p\u00e9s\u00fcnk is volt a Club A-ban \u00e9s m\u00e9g sok m\u00e1s helyen is mint pl. Damage Crowbar. Egyes koncertek kalandosak voltak, mint p\u00e9ld\u00e1ul egyszer koncert ut\u00e1n Bukarestb\u0151l hazafele j\u00f6vet fent akadtunk \u00e9s egy \u00e9jjelt az aut\u00f3ban kellett t\u00f6lts\u00fcnk. T\u00e9l volt \u00e9s a h\u00f3vihar miatt az utak j\u00e1rhatatlann\u00e1 v\u00e1ltak. Megfordulni sem tudtunk, mert percek alatt a h\u00f3 ellepett mindent. \u00cdgy az \u00e9jszak\u00e1t az aut\u00f3ban t\u00f6lt\u00f6tt\u00fck \u00e9s v\u00e9g\u00fcl reggel egy panzi\u00f3ban megpihent\u00fcnk \u00e9s csak est\u00e9re \u00e9rt\u00fcnk haza. Volt olyan is, hogy egy t\u00e1boros zen\u00e9l\u00e9s el\u0151tt vihar kerekedett \u00e9s mindent hamar \u00f6ssze kellett szedj\u00fcnk. Sajnos a zen\u00e9l\u00e9s elmaradt. Olyan is volt, hogy a Bycycle sz\u00e1munk hallat\u00e1ra (\u00fagy mutattam be a sz\u00e1mot, hogy csajok \u00e9s bicikli, vagy csaj a biciklin, nem eml\u00e9kszem pontosan) a k\u00f6z\u00f6ns\u00e9g a sz\u00ednpad el\u00e9 hozott egy biciklit melyre fel\u00fcltettek egy f\u00fcrd\u0151ruh\u00e1ba \u00f6lt\u00f6z\u00f6tt l\u00e1nyt. Ez is egy szabadt\u00e9ri t\u00e1boros koncert volt, Vargyason azt hiszem. Ezek mellett a Partizan egy\u00fcttesnek nyitottunk a Rockstadt-ban. A Rockstadt-ban el\u00e9g sok fell\u00e9p\u00e9s\u00fcnk volt ebben a peri\u00f3dusban. Nyitottunk m\u00e9g a Fusion-Core-nak \u00e9s t\u00f6bb \u00f6n\u00e1ll\u00f3 koncertet adtunk. Az \u00f6n\u00e1ll\u00f3 koncertekre megjelent publikum bizony\u00edtotta nekem, hogy k\u00e9pesek vagyunk \u00e9s meg\u00e9ri az er\u0151fesz\u00edt\u00e9st \u00e9s hogy ez az \u00e9n hivat\u00e1som. A n\u00e9p t\u00e1ncolt, bulizott \u00e9s j\u00f3l \u00e9rezte mag\u00e1t koncertjeinken \u00e9s egy k\u00f6z\u00f6s energia felt\u00f6lt\u0151d\u00e9s t\u00f6rt\u00e9nt. Zen\u00e9lt\u00fcnk m\u00e9g T\u00e2rgovi\u0219ten is, ahol minden alkalommal telt h\u00e1zunk volt a Fiord rock-b\u00e1rban. Szent Gy\u00f6rgy-re is t\u00f6bbsz\u00f6r elment\u00fcnk zen\u00e9lni \u00e9s irt\u00f3 j\u00f3 bulikat csaptunk a sok m\u00e1s egy\u00fcttessel, akikkel megosztottuk a sz\u00ednpadot. 2012-ben kiadtunk 2 videoklippet is. Az egyiket a Funk Off sz\u00e1munknak k\u00e9sz\u00edtette Er\u0151ss L\u00e1szl\u00f3 a m\u00e1sodikat a Crown c\u00edm\u0171 dalnak k\u00e9sz\u00edtette R\u0103zvan Dobric\u0103. A Funk Off egy j\u00f3 tapasztalat volt sz\u00e1munkra, hiszen sokat tanultunk a forgat\u00f3k\u00f6nyv\u00edr\u00e1sr\u00f3l, a sz\u00edn\u00e9szked\u00e9sr\u0151l. A forgat\u00e1sok t\u00f6bb Brass\u00f3i helysz\u00ednen zajlottak. A Funk Off videoklipp f\u0151szerepl\u0151je Sz\u00e1sz R\u00f3bert j\u00f3 bar\u00e1tunk volt. Mellette szerepelt az egy\u00fcttes, mint maga az egy\u00fcttes \u00e9s a tagok k\u00fcl\u00f6n-k\u00fcl\u00f6n szerepeket is bev\u00e1llaltak. Ciprian a tv bemond\u00f3 szerep\u00e9t j\u00e1tszotta, \u00c1kos a pap szerep\u00e9ben j\u00e1tszott \u00e9s \u00e9n a tan\u00e1r szerep\u00e9t j\u00e1tszottam. Printz Tam\u00e1s skateboarder is vend\u00e9gszerepet j\u00e1tszott. A klipp arr\u00f3l sz\u00f3lt, hogy a fiatal ember, aki m\u00e9g nem ismeri j\u00f3l mag\u00e1t hallgatja k\u00fcl\u00f6nb\u00f6z\u0151 szem\u00e9lyek (tan\u00e1rok, tv, papok) tan\u00e1csait, kritik\u00e1j\u00e1t, pr\u00f3b\u00e1l megfelelni m\u00e1soknak \u00e9s saj\u00e1t mag\u00e1ra nem figyel. Ez\u00e9rt lassacsk\u00e1n, mindig m\u00e1sokra hallgatva a szerepl\u0151 elvesz saj\u00e1t \u00e9let\u00e9ben. Ez volt az els\u0151 videoklipp amit k\u00e9sz\u00edtett\u00fcnk \u00e9s amihez egy sz\u00e1munkra akkor fontos mondanival\u00f3t f\u0171zt\u00fcnk. A Crown-t a Brass\u00f3i hoki csapatnak \u00edrtunk biztat\u00f3k\u00e9nt. A videoklipben hoki meccseken \u00e9s a st\u00fadi\u00f3ban filmezett r\u00e9szletek voltak \u00f6ssze v\u00e1gva. A koncertek \u00e9s a konstans inspir\u00e1ci\u00f3 a pr\u00f3b\u00e1kr\u00f3l arra vezetett, hogy \u00e1lljunk neki lemezt felvenni. Minden egy\u00fcttes adott ki albumot, mi is szerett\u00fcnk volna. A legnagyobb probl\u00e9ma az volt, hogy fiatal egyetemistak\u00e9nt nem \u00e1lltunk valami j\u00f3l a p\u00e9nzzel. Itt kezdtem \u00e9n el\u00e9gedetlen lenni magammal \u00e9s valamilyen f\u00e9lek\u00e9ppen itt kezdett v\u00e9get \u00e9rni a szuperszt\u00e1r ill\u00fazi\u00f3, amiben \u00e9ltem. Abban a peri\u00f3dusban d\u00e9lel\u0151tt egyetemre j\u00e1rtam, d\u00e9lut\u00e1n git\u00e1r \u00f3r\u00e1kat tartottam \u00e9s este pr\u00f3b\u00e1kra j\u00e1rtam vagy gyakoroltam. Ezek mellett h\u00e9tv\u00e9genk\u00e9nt egy sz\u00ednpad \u00e9p\u00edt\u0151 \u00e9s hangos\u00edt\u00f3 c\u00e9gn\u00e9l dolgoztam. Az \u00e1lmom m\u00e9g mindig ugyanaz volt, zen\u00e9b\u0151l \u00e9lni meg, csak most m\u00e1r el\u00e9g nagy figyelemmel k\u00f6vettem az anyagi sz\u00fcks\u00e9gleteimet. Mind jobban s jobban m\u00e9rges\u00edtett, hogy nem siker\u00fcl f\u00e9lre tegyek el\u00e9g p\u00e9nzt. Az egy\u00fcttes mind jobban \u00e9s jobban ment. Mind t\u00f6bb \u00e9s t\u00f6bb koncert\u00fcnk volt \u00e9s mind jobb volt a kil\u00e1t\u00e1s, de 2013 \u0151sz\u00e9n Cipa (Ciprian Dragomir) sz\u00f3lt, hogy szem\u00e9lyes \u00fcgyek miatt ki\u00e1ll az egy\u00fcttesb\u0151l. Nehezen tudtam ezt feldolgozni \u00e9s sz\u00f3 szerint kiakadtam, mert nem tudtam akkor m\u00e9g kezelni a helyzetet, de v\u00e9g\u00fcl el kellett fogadnom d\u00f6nt\u00e9s\u00e9t, ha tetszett, ha nem.<br><br><strong>(B.M.):<\/strong> <em>A k\u00f6r\u00e9d s\u0171r\u0171s\u00f6d\u0151 \u00faj helyzetek f\u00fcggv\u00e9ny\u00e9ben, egyik megold\u00e1sk\u00e9nt a zenetan\u00e1ri p\u00e1lya is felmer\u00fclt. Milyen \u00faj lehet\u0151s\u00e9geket kerest\u00e9l?<\/em><br><br><strong>(W.R.):<\/strong> Ugyancsak 2013 tavasz\u00e1n a B\u00fazavir\u00e1ggal megj\u00e1rtam pr\u00edm\u00e1sk\u00e9nt Maced\u00f3ni\u00e1t, pontosabban Ohrid-ban zen\u00e9lt\u00fcnk \u00e9s t\u00e1ncoltunk. A kisz\u00e1ll\u00e1s ut\u00e1n feldob\u00f3dott a k\u00e9rd\u00e9s, hogy m\u00edg a zenetan\u00e1rn\u0151 gyermeknevel\u00e9si szabads\u00e1gon lesz, v\u00e1llaln\u00e1m-e, hogy az \u00c1prily Lajos F\u0151gimn\u00e1zium zenetan\u00e1ra legyek? Gyermekkorom \u00f3ta k\u00edv\u00e1ncsi voltam arra, hogy milyen is lehet tan\u00e1rnak lenni. Sokszor elk\u00e9pzeltem magamat a di\u00e1kok el\u0151tt magyar\u00e1zni, valahogy a sz\u00ednpadon val\u00f3 l\u00e9ttel asszoci\u00e1ltam. Igent mondtam \u00e9s el is mentem a helyettes\u00edt\u0151 vizsg\u00e1ra. Tan\u00e1r lettem az \u00c1prilyben. \u00c9rdekes \u00e9rz\u00e9s volt tegez\u0151dni azokkal a tan\u00e1rokkal, akikt\u0151l 4 \u00e9vvel azel\u0151tt f\u00e9ltem. \u00c9lveztem a helyzetet, most m\u00e1r mindk\u00e9t sz\u00f6gb\u0151l l\u00e1thattam az iskola vil\u00e1g\u00e1t. Els\u0151 dolog, amit tettem az volt, hogy vettem magamnak uniformist. Valahogy \u00edgy tartottam igazs\u00e1gosnak azt, hogy a di\u00e1kok olyan ruh\u00e1t kell hordjanak ami hab\u00e1r az iskol\u00e1t jelk\u00e9pezi, az \u0151k \u00e9nj\u00fcket nem. Szerettem tan\u00e1rkodni, \u00e9reztem, hogy azzal, hogy gyermekeket tan\u00edtok \u00e9n is tanulok. Sokat tanultam a koll\u00e9g\u00e1kt\u00f3l is. Egy j\u00f3 tapasztalat volt, de mikor v\u00e9get \u00e9rt 2015-ben, eld\u00f6nt\u00f6ttem, hogy a tan\u00fcgy nem nekem val\u00f3. Mai napig \u00fagy gondolom, hogy t\u00fal sok a pap\u00edr munka, t\u00fal sok az individualit\u00e1st megf\u00e9kez\u0151 szab\u00e1ly \u00e9s t\u00fal sok a f\u00e9lelem (az \u00fajt\u00f3l, ezt a tan\u00fcgyet szab\u00e1lyz\u00f3 t\u00f6rv\u00e9nyekre \u00e9rtem). Egyik legszebb eml\u00e9kem ebb\u0151l a peri\u00f3dusb\u00f3l a B\u00fazavir\u00e1ghoz k\u00f6t\u0151dik. 2014-ben a csoport neki \u00e1llt egy \u00faj t\u00e1ncot betanulni. Veres Emese-Gy\u00f6ngyv\u00e9rt\u0151l j\u00f6tt a felk\u00e9r\u00e9s, hogy egy cs\u00e1ng\u00f3 t\u00e1ncot k\u00e9sz\u00edtsen el\u0151 a csoport. Reiff Zsuzsa r\u00f6vid megbesz\u00e9l\u00e9s ut\u00e1n tudatta, hogy nagy \u00e9s izgalmas munka v\u00e1r r\u00e1nk. \u00cdgy is volt. Ez nem egy sima betanul\u00e1s volt, hanem null\u00e1t\u00f3l kezdt\u00fcnk mindent. S\u00f3lyom Tam\u00e1s gy\u0171jt\u00f6tte be az anyagot Krizb\u00e1n. Besz\u00e9lt \u00f6regekkel, keresett r\u00e9gi felv\u00e9teleket \u00e9s v\u00e9g\u00fcl kialak\u00edtott egy koreogr\u00e1fi\u00e1t. Hozott nek\u00fcnk hanganyagot, s akkor kezd\u0151d\u00f6tt igaz\u00e1b\u00f3l a buli. A zenekart \u00f6sszegy\u0171jt\u00f6tt\u00fck \u00e9s az \u00e9nekeket f\u00fcl ut\u00e1n tanultuk be a r\u00e9gi felv\u00e9telek alapj\u00e1n. Egy p\u00e1r sz\u00e1mra ker\u00fclt kotta is. J\u00f3 p\u00e1r est\u00e9nkbe telt, de meg\u00e9rte. A zenekar vegyes volt. A veter\u00e1nokhoz, Muzsnai S\u00e1ndor (harmonika), Csiky J\u00f3zsef (D\u00f3di) (git\u00e1r), Moln\u00e1r K\u00e1roly (harmonika), B\u00e1lint Levente (klarin\u00e9t), F\u00fcl\u00f6p Szil\u00e1rd (szaxofon) \u00e9s Berci (pr\u00edm\u00e1s) t\u00f6bb di\u00e1k is csatol\u00f3dott. Ezek voltak: Bartos N\u00e1ndor (nagyb\u0151g\u0151 \u00e9s harmonika \u00e9s n\u00e9ha git\u00e1r), S\u00e1ndor Szil\u00e1rd (nagyb\u0151g\u0151 \u00e9s git\u00e1r) Gyulai Zolt\u00e1n (git\u00e1r \u00e9s br\u00e1csa). A zene megvolt, az \u00e9nek csoportot eml\u00e9keim szerint Pet\u0151 Emese k\u00e9sz\u00edtette fel. Egy p\u00e1r pr\u00f3b\u00e1ra Szigy\u00e1rt\u00f3 M\u00e1ria zenetan\u00e1rn\u0151 is felj\u00f6tt \u00e9s beseg\u00edtett tud\u00e1s\u00e1val. S\u00f3lyom Tam\u00e1s tan\u00edtotta a t\u00e1ncot, t\u00e1ncp\u00e1rj\u00e1val Kocs Brigivel (most m\u00e1r Kerest\u00e9ly). \u00cdgy j\u00f6tt l\u00e9tre a Krizbai t\u00e1nc a B\u00fazavir\u00e1g el\u0151ad\u00e1s\u00e1ban. A bemutat\u00f3 Krizb\u00e1n t\u00f6rt\u00e9nt ahol a helyiek sz\u00edvesen \u00e9s \u00f6r\u00f6mmel fogadt\u00e1k. Ezut\u00e1n Pestre ment\u00fcnk a P\u00fcrkereczi Boric\u00e1val egy\u00fctt \u00e9s ott is bemutattuk nagy sikert aratva. Az el\u0151ad\u00e1s ut\u00e1n a zenekar p\u00e1r tagj\u00e1val a foly\u00f3s\u00f3n zen\u00e9lt\u00fcnk s a k\u00f6z\u00f6ns\u00e9g t\u00e1ncolt. J\u00f3 buli volt \u00e9s \u00e9reztem, hogy munk\u00e1nknak eredm\u00e9nye van \u00e9s boldogs\u00e1got tud hozni az emberek sz\u00edv\u00e9be \u00e9s lelk\u00e9be. A B\u00fazavir\u00e1ggal a k\u00e9t tan\u00e1ri \u00e9vem sor\u00e1n m\u00e9g voltunk Pr\u00e1g\u00e1ban \u00e9s B\u00e9csben valamint Magyarorsz\u00e1gon is j\u00e1rtunk m\u00e9g p\u00e1rszor, ezeken k\u00edv\u00fcl sok faluban megfordultunk s el\u0151adtuk a t\u00e1ncokat, mosollyal \u00e9s j\u00f3 kedvvel. A 2014-es B\u00e9csi \u00fatr\u00f3l p\u00e1r l\u00e9gz\u00e9si probl\u00e9m\u00e1val \u00e9rtem haza, sokat k\u00f6h\u00f6gtem \u00e9s \u00fagy n\u00e9zett ki, hogy a kimer\u00fclts\u00e9gnek k\u00f6sz\u00f6nhet\u0151 az eg\u00e9szs\u00e9gi helyzetem. Ez nem \u00e1ll\u00edtott meg, hogy v\u00e9gbe vigyem a F.A.N.-el bet\u00e1bl\u00e1zott felv\u00e9teleket. Ehhez visszaford\u00edtom picit az id\u0151t. Cipa 2013-as t\u00e1voz\u00e1s\u00e1t feldolgozva \u00c1kosnak mondtam, hogy meg k\u00e9ne pr\u00f3b\u00e1ljunk \u00faj tagokat behozni a zenekarba. \u00cdgy ker\u00fclt B\u00f3di Istv\u00e1n \u00e9s Bartos N\u00e1ndor az egy\u00fcttesbe. Mindketten a Relativ egy\u00fcttes tagjai voltak, Isti basszusgit\u00e1ron, N\u00e1ndi szintin j\u00e1tszott. P\u00e1r pr\u00f3ba ut\u00e1n az egy\u00fcttes megint j\u00f3l sz\u00f3lt \u00e9s m\u00e1r \u00faj sz\u00e1mokat is kezdt\u00fcnk \u00edrni. Ebb\u0151l \u00e9s egy p\u00e1r sikeres fell\u00e9p\u00e9sb\u0151l indulva (az egyik Isti udvar\u00e1n volt) eld\u00f6nt\u00f6tt\u00fck, hogy felvesz\u00fcnk p\u00e1r sz\u00e1mot st\u00fadi\u00f3ban, \u00e9l\u0151ben \u00e9s le is filmezz\u00fck. Ezt 2014-ben meg is tett\u00fck az ALAiLA studi\u00f3ban, ahova egy ideig bek\u00f6lt\u00f6zt\u00fcnk pr\u00f3b\u00e1lni is. A hangfelv\u00e9tellel Hora\u021biu Bodocan foglalkozott, a filmez\u00e9st Balogh H. Benj\u00e1min koordin\u00e1lta \u00e9s a v\u00e1g\u00e1st is \u0151 int\u00e9zte. Ezen k\u00edv\u00fcl m\u00e9g k\u00f6zre m\u0171k\u00f6dtek: Petki Mil\u00e1n, Ugrai M\u00e1rton (kamer\u00e1k), R\u0103zvan Stroe \u00e9s Bogdan Nistor (az ALAiLA st\u00fadi\u00f3 st\u00e1bja). A vide\u00f3kat 2014 \u00e9s 2015-ben egyenk\u00e9nt adtuk ki a Youtube csatorn\u00e1nkon. A Brass\u00f3i Magyar ad\u00e1sban is megjelentek B\u00e1lint Ferenc seg\u00edts\u00e9g\u00e9vel. Az els\u0151 a Helicopter c\u00edm\u0171 sz\u00e1m volt melyet 2014 kar\u00e1csony\u00e1n adtunk ki. Azut\u00e1n j\u00f6tt a t\u00f6bbi. Egy vagy k\u00e9t h\u00f3naponk\u00e9nt egy-egy klippet adtunk ki. K\u00f6zben 2015 tavasz\u00e1n orsz\u00e1gos turn\u00e9ra indultunk, amit mi szervezt\u00fcnk. Turn\u00e9 el\u0151tt p\u00e1r h\u00e9ttel szem\u00e9lyes \u00fcgyek megold\u00e1sa v\u00e9gedt N\u00e1ndi ki\u00e1llt a zenekarb\u00f3l, helyette Palalae Claudiu-Iulian j\u00f6tt (vok\u00e1l \u00e9s id\u0151nk\u00e9nt szinti). Ez a hirtelen v\u00e1ltoz\u00e1s a pr\u00f3baterem helysz\u00edne v\u00e1ltoztat\u00e1sa, egyes koncertek m\u00f3dos\u00edt\u00e1sa mind t\u00f6bb \u00e9s t\u00f6bb er\u0151fesz\u00edt\u00e9st ig\u00e9nyelt t\u0151l\u00fcnk. A turn\u00e9 zeneileg j\u00f3l siker\u00fclt, de kicsi volt a hallgat\u00f3s\u00e1gunk mivel, hogy a rekl\u00e1moz\u00e1st nem csin\u00e1ltuk valami j\u00f3l \u00e9s bevallom, id\u0151nk\u00e9nt makacsul kitartottam olyan dolgok mellett, melyek nem seg\u00edtettek abban, hogy k\u00f6nnyebben m\u0171k\u00f6djenek a dolgok. A tapasztalat j\u00f3 volt, s mind sokat tanultunk bel\u0151le. A Zilahi koncert\u00fcnk ut\u00e1n, a hely tulajdonosa megh\u00edvott, hogy zen\u00e9lj\u00fcnk egy motoros fesztiv\u00e1lon, amit t\u00f6bb emberrel \u0151 is szervezett. Ezek voltak az el\u0151nyei ezeknek a koncerteknek \u00e9s ezekkel pr\u00f3b\u00e1ltunk \u00e9lni min\u00e9l jobban, min\u00e9l t\u00f6bbet. A turn\u00e9 ut\u00e1n Claudiu is ki\u00e1llt a zenekarb\u00f3l. Att\u00f3l f\u00fcggetlen\u00fcl mi folytattuk a munk\u00e1t h\u00e1rmasban. \u00cdgy t\u00f6bb motoros fesztiv\u00e1lon is fell\u00e9pt\u00fcnk, \u00e9s m\u00e9g tartottunk koncerteket m\u00e1s egy\u00fcttesekkel egy\u00fctt is. 2014-ben \u00e9s 2015-ben t\u00f6bbsz\u00f6r is szerepelt\u00fcnk a Bukaresti Rock in Parc fesztiv\u00e1lon. 2014-ben a 3. helyet nyert\u00fcnk, Cipa vend\u00e9gszerepl\u00e9s\u00e9vel a d\u00f6nt\u0151ben. 2015-ben dics\u00e9retet kaptunk. Az el\u0151d\u00f6nt\u0151ben Claudiu volt az \u00e9nekes\u00fcnk, s ez egy sikeres form\u00e1ci\u00f3nak bizonyult. A d\u00f6nt\u0151ben tri\u00f3 form\u00e1ci\u00f3ban jelent\u00fck meg. Nagyon f\u00e1radtak voltunk \u00e9s nem siker\u00fclt a maximumot adnunk magunkb\u00f3l. Ez a konstans f\u00e1radts\u00e1g m\u00e1r egy ideje nyomasztott. A tan\u00e1ri munka, a git\u00e1r oktat\u00f3i munka, a pr\u00f3b\u00e1k, a koncertek \u00e9s sz\u00ednpadi munk\u00e1lkod\u00e1sok mellett a Die B\u00fcrzenland Party Band git\u00e1rosa is voltam. Nagyon kev\u00e9s id\u0151m volt, hogy foglalkozzak magammal \u00e9s az eg\u00e9szs\u00e9gemmel. A 2015-\u00f6s F.A.N turn\u00e9 k\u00f6zben \u00e9s ut\u00e1n mind gyakrabban \u00e9reztem fejf\u00e1j\u00e1sokat \u00e9s mind nehezebben l\u00e9legeztem. A mellkasomn\u00e1l nyom\u00e1st \u00e9reztem \u00e9s f\u00e9ltem, hogy valami gond van. Kivizsg\u00e1l\u00e1s ut\u00e1n kider\u00fclt, hogy makkeg\u00e9szs\u00e9ges vagyok, m\u00e9gis a k\u00f6z\u00e9rzetem nem volt valami j\u00f3. V\u00e9g\u00fcl egy koncert ut\u00e1n lefek\u00fcdtem \u00e9s egy eg\u00e9sz napot \u00e1taludtam. Innen vontam le a k\u00f6vetkeztet\u00e9st, hogy ki vagyok mer\u00fclve \u00e9s sz\u00fcks\u00e9gem lenne egy nagyobb pihen\u0151re. Ebben a pillanatban \u00e9rtettem meg, hogy mennyit b\u00edrok \u00e9s, hogy hol van a f\u00e1radts\u00e1gi hat\u00e1rom. 2015 nyar\u00e1n az akkori bar\u00e1tn\u0151mmel \u00e9s p\u00e1r haverral pihen\u0151k\u00e9nt elment\u00fcnk vak\u00e1ci\u00f3zni Taiz\u00e9-be. Az \u00fat sor\u00e1n megl\u00e1togattunk t\u00f6bb v\u00e1rost \u00e9s orsz\u00e1got is, mint p\u00e9ld\u00e1ul Olaszorsz\u00e1gban Velenc\u00e9t, R\u00f3m\u00e1t, Firenz\u00e9t \u00e9s San Rem\u00f3t, Franciaorsz\u00e1gban pedig Taiz\u00e9-n k\u00edv\u00fcl Saint Tropez-t l\u00e1togattuk m\u00e9g meg. Ez egy j\u00f3 pihen\u0151 volt, mert Taiz\u00e9-ben k\u00f6zelebb ker\u00fclhettem a lelkemhez \u00e9s jobban megismerhettem magam \u00e9s sok fiatalt m\u00e1s orsz\u00e1gokb\u00f3l. Egy j\u00f3 meditat\u00edv \u00e9s kultur\u00e1lis tapasztalat volt. \u0150sszel, az egy\u00fctteshez visszat\u00e9rve, \u00f6sszesz\u00e1moltuk az \u00e9v alatt \u00f6sszegy\u0171jt\u00f6tt p\u00e9nzt \u00e9s eld\u00f6nt\u00f6tt\u00fck, hogy felvessz\u00fck els\u0151 albumunk. A p\u00e9nz a k\u00fcl\u00f6nb\u00f6z\u0151 zen\u00e9l\u00e9sekr\u0151l f\u00e9lre tett p\u00e9nz volt, melyet k\u00f6z\u00f6s megegyez\u00e9ssel nem osztottunk sz\u00e9t, hanem f\u00e9lre tett\u00fcnk. A p\u00e9nz nem volt elegend\u0151 egy eg\u00e9sz albumot profi st\u00fadi\u00f3ban felvenni, de egy ismer\u0151s\u00fcnk egy r\u00e9gi kever\u0151t s egy st\u00fadi\u00f3 sz\u00e1m\u00edt\u00f3g\u00e9pet adott el s ez pont j\u00f3l j\u00f6tt. Megvett\u00fck a felszerel\u00e9st arra gondolva, hogy egyed\u00fcl felvessz\u00fck majd a zen\u00e9nket. A kever\u0151 a dobok felv\u00e9tel\u00e9n\u00e9l megadta mag\u00e1t, de egy h\u00e9t alatt megjav\u00edtott\u00e1k, csak a traf\u00f3t kellett kicser\u00e9lni \u00e9s egy h\u00e9tv\u00e9ge alatt \u00c1kossal felvett\u00fck a dobokat. A dalsz\u00f6vegek nagy r\u00e9sz\u00e9t 2015 nyar\u00e1n Isti h\u00e1l\u00f3szob\u00e1j\u00e1ban \u00edrtuk. Ezek j\u00f3 sz\u00f3rakoztat\u00f3 napok voltak. Tal\u00e1n a dobok felv\u00e9tele ism\u00e9t meggy\u00fajtotta benn\u00fcnk a kreat\u00edv t\u00fczet \u00e9s megadta a rem\u00e9nyt, hogy m\u00e9gis valami j\u00f3 lesz ebb\u0151l az eg\u00e9szb\u0151l. Okt\u00f3ber 30-\u00e1n megv\u00e1ltozott minden. A Colectiv klubban t\u00f6rt\u00e9nt trag\u00e9dia az eg\u00e9sz Rom\u00e1n (\u00e9s nemcsak) m\u0171v\u00e9szvil\u00e1got sokkolta. A trag\u00e9dia ut\u00e1n sok probl\u00e9ma der\u00fclt ki, amir\u0151l a m\u0171v\u00e9szek nem besz\u00e9ltek, \u00e9s amit a klub tulajdonosok \u00e9s rendezv\u00e9nyszervez\u0151k nem vettek addig a pillanatig figyelembe. A 2015-\u00f6s Colectiv trag\u00e9dia ut\u00e1n teljesen elment a kedv\u00fcnk a zen\u00e9l\u00e9st\u0151l. Koncertjeinket lef\u00fajt\u00e1k mind, mi meg ki voltunk \u00e9gve, mint egy r\u00e9gi villanyk\u00f6rte. \u00c9letem egyik legakt\u00edvabb \u00e9ve \u00edgy \u00e9rt v\u00e9get. A F.A.N.-ben csend lett, nem tudtuk, hogy mi\u00e9rt, de m\u00e9g mindig pr\u00f3b\u00e1ltunk hab\u00e1r nem tudtuk, hogy mire k\u00e9sz\u00fcl\u00fcnk. Visszan\u00e9zve, a makacss\u00e1gunk \u00e9s nagyfej\u0171s\u00e9g\u00fcnk volt szerintem az, ami nyomott tov\u00e1bb minket. De valahogy m\u00e1r nem j\u00f6tt term\u00e9szetesen. J\u00f6tt a t\u00e9li sz\u00fcnid\u0151 \u00e9s \u00edgy megpihent\u00fcnk. 2014 \u00e9s 2017 k\u00f6z\u00f6tt a B\u00fcrzenland Party Band tagja voltam. A zenekar feldolgoz\u00e1sokat j\u00e1tszott Okt\u00f3berfeszt st\u00edlus\u00fa rendezv\u00e9nyeken. Ez azt jelentette, hogy b\u00e1rmilyen meleg legyen musz\u00e1j volt hordani azt a vastag Bajor b\u0151rnadr\u00e1got, amir\u0151l az Okt\u00f3berfeszt h\u00edres. Sz\u00e1momra ez egy \u00e9rdekes tapasztalat volt, mert mind profi \u00e9s n\u00e1lamn\u00e1l tapasztaltabb zen\u00e9szekkel zen\u00e9ltem. A zenekart Adrian V\u0103lu\u0219escu (szinti, heged\u0171) alap\u00edtotta Claudia Miri\u021bescu \u00e9nekesn\u0151vel. Mellett\u00fck m\u00e9g \u00e9nekelt \u00e9s basszusgit\u00e1rozott Borkics L\u00e1szl\u00f3, Nu\u0219u Sorescu harmonik\u00e1zott, George \u0218omu szaxofonozott \u00e9s Ionu\u021b Caba\u0219 dobolt. Ezek mind tapasztalt zen\u00e9szek, akik sok \u00e9ve \u0171zik a zen\u00e9l\u00e9st profi szinten. Nagyon sok tapasztalatot szereztem vel\u00fck. A Rom\u00e1ni\u00e1ban tartott Okt\u00f3berfeszteken k\u00edv\u00fcl sok m\u00e1s b\u00e1lon \u00e9s s\u00f6rfesztiv\u00e1lon l\u00e9pt\u00fcnk fel mindenhol az orsz\u00e1gban (Brass\u00f3, Bukarest, Kolozsv\u00e1r, Buz\u0103u, D\u00e9va stb.). Klubzen\u00e9l\u00e9seink is voltak s mindenhol nagy buli \u00e9s t\u00e1nc volt. Att\u00f3l eltekintve, hogy egy j\u00f3 tapasztalat volt, m\u00e9gis nehezen tal\u00e1ltam a helyem, valahogy valami m\u00e1st szerettem volna. <br>2015 v\u00e9g\u00e9n \u00e9s 2016-ban folytattuk a felv\u00e9teleket a F.A.N. albumhoz. \u00c1ttett\u00fck magunkat a Colectiv trag\u00e9di\u00e1n \u00e9s pr\u00f3b\u00e1ltunk \u00f6sszpontos\u00edtani arra amit a legjobban tudunk csin\u00e1lni. Felvett\u00fck sorban a basszus r\u00e9szeket, majd a git\u00e1rt \u00e9s egy r\u00e9sz\u00e9t a vok\u00e1lnak. Ism\u00e9t optimist\u00e1k lett\u00fcnk, zen\u00e9l\u00e9sek is kezdtek megjelenni a l\u00e1that\u00e1ron, \u00fagy t\u0171nt j\u00f3ra fog fordulni minden. Ugyancsak ebben a peri\u00f3dusban mind t\u00fcrelmetlenebb \u00e9s el\u00e9gedetlenebb voltam azzal, amit csin\u00e1lok. Az \u00c1prilyben m\u00e1r nem tan\u00edtottam, a B\u00fcrzenland Party Band j\u00f3 \u00e9lm\u00e9ny volt, de \u00e9reztem, hogy nem az igazi. \u00cdgy a F.A.N. maradt tov\u00e1bbra is a f\u00f3kusz pontom, ez\u00e9rt a maximumot akartam kihozni \u00fagy magamb\u00f3l, mint a t\u00f6bbiekb\u0151l is. Ez az er\u0151ltet\u00e9s arra vitt, hogy sokat veszekedtem ok n\u00e9lk\u00fcl \u00e9s valahogy m\u00e1sokban kerestem a hib\u00e1st az \u00e9n el\u00e9gedetlens\u00e9geim\u00e9rt, k\u00e9ptelens\u00e9geim\u00e9rt. Mind t\u00f6bbet \u00e9s t\u00f6bbet foglalkoztam az egy\u00fcttessel, m\u00edg feljutottam arra a szintre, hogy sok bar\u00e1tomt\u00f3l \u00e9s szeretteimt\u0151l elt\u00e1volodtam viselked\u00e9sem miatt. V\u00e9g\u00fcl Isti bejelentette, hogy elk\u00f6lt\u00f6zik Angli\u00e1ba. Ism\u00e9t t\u00e9tlennek \u00e9s legy\u0151z\u00f6ttnek \u00e9reztem magam. Munk\u00e1nk ism\u00e9t f\u00e9lbe szakadt. \u00c1kossal \u00fagy d\u00f6nt\u00f6tt\u00fcnk, hogy az elind\u00edtott felv\u00e9teleket m\u00e9gis befejezz\u00fck. \u00cdgy jelent meg k\u00e9t jazzes feldolgoz\u00e1sa a Cranberries Zombie c\u00edm\u0171 sz\u00e1m\u00e1nak \u00e9s a h\u00edres Smells Like Teen Spirit (Nirvana) sz\u00e1mnak. Barab\u00e1s Tam\u00e1s basszusgit\u00e1rozott \u00e9s Ioana Carp-Crudu \u00e9nekelt ezeken a feldolgoz\u00e1sokon. Petki Mil\u00e1n int\u00e9zte a filmez\u00e9st \u00e9s a vide\u00f3 v\u00e1g\u00e1st. Ezek a klippek az egy\u00fcttes Youtube oldal\u00e1n jelentek meg, 2016 december\u00e9ben a Smells Like Teen Spirit, 2017 m\u00e1rcius\u00e1ban a Zombie. 2016-ban m\u00e9g pr\u00f3b\u00e1lkoztunk m\u00e1s embereket is behozni az egy\u00fcttesbe, de valahogy a motiv\u00e1ci\u00f3nk a f\u00f6ld\u00f6n hevert s nem siker\u00fclt konstans tagokat kapjunk. 2017 febru\u00e1rj\u00e1ban Cipa hazaj\u00f6tt ideiglenesen \u00e9n meg kihaszn\u00e1ltam az alkalmat s \u00f6sszehoztam a band\u00e1t k\u00e9t koncertre. Egy Sepsiszentgy\u00f6rgy\u00f6n, a m\u00e1sik Brass\u00f3ban zajlott le pont sz\u00fclinapomkor. A Palma Hills egy\u00fcttesnek nyitottunk mindk\u00e9t alkalommal. J\u00f3 volt \u00fajra egy\u00fctt zen\u00e9lni, de valahogy mind jobban nyomasztott a v\u00e1ltoz\u00e1s sz\u00fcks\u00e9ge. \u00c1kossal \u00e9s Ioana-val m\u00e9g volt egy k\u00eds\u00e9rlet\u00fcnk, melyben egy p\u00e1r h\u00edres sz\u00e1mot \u00f6sszerakva saj\u00e1t st\u00edlusban fel szerett\u00fcnk volna dolgozni \u00e9s lefilmezni. Egy p\u00e1r pr\u00f3ba, tervezget\u00e9s \u00e9s felv\u00e9tel ut\u00e1n a dolog f\u00e9lben maradt, mert nehezen kaptunk id\u0151t, hogy mindh\u00e1rman \u00f6ssze\u00fclj\u00fcnk. A hetek teltek, a munka mind nehezebben ment \u00e9s ez\u00e9rt \u00fagy d\u00f6nt\u00f6tt\u00fcnk egy\u00e9bre \u00f6sszpontos\u00edtunk. Ennek ellen\u00e9re \u00c1kossal befejezt\u00fck a F.A.N. album felv\u00e9teleit (vok\u00e1l, git\u00e1r \u00e9s extr\u00e1k) \u00e9s neki \u00e1lltam kis h\u00e1l\u00f3szobai st\u00fadi\u00f3mban a kever\u00e9snek s a maszteroz\u00e1snak. Ioana meg\u00edrta \u00e9s fel\u00e9nekelte a Stars c\u00edm\u0171 dalunk sz\u00f6veg\u00e9t \u00e9s dallamvonal\u00e1t, a basszusgit\u00e1r r\u00e9szt pedig ugyancsak Barab\u00e1s Tam\u00e1s j\u00e1tszotta fel. A sz\u00e1mnak egy anim\u00e1ci\u00f3s vide\u00f3t is k\u00e9sz\u00edtett\u00fcnk. Az illusztr\u00e1ci\u00f3t Zsigmond \u00c9va-M\u00f3nika k\u00e9sz\u00edtette, az anim\u00e1ci\u00f3t meg Z\u00f6ld Attila. Ez volt az utols\u00f3 F.A.N. \u00e1ltal megjelentetett dal, melyet 2017 szeptember\u00e9ben adtunk ki, ugyancsak az egy\u00fcttes Youtube oldal\u00e1n. Ez a sz\u00e1m ink\u00e1bb egy kollabor\u00e1ci\u00f3s projektnek akart mutatkozni, hiszen akkor a F.A.N. m\u00e1r egy j\u00f3 ideje nem volt akt\u00edv. 2017-ben mondhatom, hogy igaz\u00e1b\u00f3l kezdtem \u00fajra megismerni \u00f6nmagam. R\u00e9v\u00e9n, hogy a F.A.N. egy\u00fcttes m\u00e1r nem m\u0171k\u00f6d\u00f6tt, a t\u00f6bbi k\u00f6z\u00f6s projekt nehezen haladt, \u00fagy d\u00f6nt\u00f6ttem \u00e9lvezni fogom a git\u00e1ros \u00e9letet. 2016 v\u00e9g\u00e9n, vagy 2017 elej\u00e9n a Z\u0103 Band egy\u00fcttes felk\u00e9rt, hogy legyek a git\u00e1rosuk. Ez egy j\u00f3 alkalom volt v\u00e1ltoztatni \u00e9s \u00faj emberekkel is zen\u00e9lni. Az egy\u00fcttes funk-rock feldolgoz\u00e1sokat zen\u00e9l mindenf\u00e9le rendezv\u00e9nyeken saj\u00e1tos st\u00edlusban. Az egy\u00fcttesnek a napt\u00e1ra be volt t\u00e1bl\u00e1zva s \u00fagy n\u00e9zett ki, hogy sok munka v\u00e1r r\u00e1nk. \u00c9reztem, hogy k\u00f6zelebb ker\u00fcl\u00f6k ahhoz az \u00e1lmomhoz, hogy profi zen\u00e9sz legyek. Sok volt \u00e1m a munka, a reperto\u00e1rt be kellett tanulni, ez\u00e9rt legal\u00e1bb k\u00e9tszer egy h\u00e9ten pr\u00f3b\u00e1ltunk, mik\u00f6zben a h\u00e9tv\u00e9geken zen\u00e9lt\u00fcnk. Nekem ez el\u00e9g \u00faj volt, de tetszett, mert profi szinten haladt a dolog. A tagok mind bar\u00e1ts\u00e1gos \u00e9s j\u00f3 lelk\u0171 emberek, ez\u00e9rt tal\u00e1n el\u00e9g hamar \u00f6sszebar\u00e1tkoztunk \u00e9s meg\u00e9rtett\u00fck egym\u00e1st. Az elej\u00e9n furcsa volt, hogy nem a saj\u00e1t zen\u00e9met adom el\u0151, de ezt is lassacsk\u00e1n megszoktam. Az \u00f6lt\u00f6zk\u00f6d\u00e9sem is fejl\u0151d\u00f6tt, most m\u00e1r figyelmesebb voltam arra, hogy mit, mivel \u00e9s hogy veszek fel. R\u00e9v\u00e9n, hogy az egy\u00fcttesnek m\u00e1r volt n\u00e9mi h\u00edrneve, el\u00e9g k\u00f6nnyen j\u00f6ttek be a zen\u00e9l\u00e9sek \u00e9s \u00edgy el\u00e9g hamar rutint szerezhettem. Megtanultam figyelmesebb lenni a t\u00f6bbi zenekari tagra \u00fagy zeneileg, mint szem\u00e9lyesen is. Megtanultam elfogadni az embereket \u00e9s a mindenf\u00e9le bogaraikat. Persze ebben seg\u00edtettek a szem\u00e9lyes \u00e9lm\u00e9nyeim is \u00e9s a bar\u00e1taim is akikkel ebben a peri\u00f3dusban el\u00e9g sokat besz\u00e9lgett\u00fcnk a l\u00e9tr\u0151l \u00e9s filozof\u00e1ltunk az \u00e9let l\u00e9nyegeir\u0151l. A Z\u0103 Band git\u00e1rosa vagyok mai napig \u00e9s mondhatom, hogy eddig a legk\u00f6zelebbi tapasztalatom az \u00e1ltalam elk\u00e9pzelt profi zenekarhoz. Att\u00f3l eltekintve, hogy az elej\u00e9n nehezemre esett f\u00e9lre raknom az eg\u00f3m \u00e9s el\u00e9g nagyfej\u0171en \u00e9s makacsul pr\u00f3b\u00e1ltam minden \u00e1ron a saj\u00e1t igazamat tartani, m\u00e9gis siker\u00fclt meg\u00e9rt\u00e9st \u00e9s szeretetet kapnom a tagokt\u00f3l. A Z\u0103 Band jelenlegi tagjai: Vlad Sucaciu (dob), Radu Du\u021bu (basszusgit\u00e1r), Dan Gheorghila\u0219 (szintetiz\u00e1torok), Bogdan Apu\u0219c\u0103\u0219i\u021bei (szinti \u00e9s vok\u00e1l), j\u00f3magam git\u00e1r \u00e9s Brigitta Gheorghila\u0219 (vok\u00e1l). Ez a p\u00e1r \u00e9v sor\u00e1n az egy\u00fcttesben m\u00e9g egy p\u00e1r emberrel zen\u00e9ltem: Szab\u00f3-Seb\u0151k El\u0151d (basszusgit\u00e1r), So\u00f3s \u00c1gnes (basszusgit\u00e1r), Szebenyi Brigitta (vok\u00e1l). Abban a peri\u00f3dusban lassacsk\u00e1n ki\u00e1lltam minden m\u00e1s zenekarb\u00f3l, hisz el\u00e9g sok zen\u00e9l\u00e9sem volt a Z\u0103 Band-el \u00e9s valahogy pr\u00f3b\u00e1ltam a stabilit\u00e1s fele fordulni. <br>Az els\u0151 banda, amelyb\u0151l ki\u00e1lltam egy r\u00f6vid ideig l\u00e9tez\u0151 projekt volt melynek neve Taraful din Carpa\u021bi volt. Pontosan k\u00e9t zen\u00e9l\u00e9sen vettem r\u00e9szt. A tapasztalat viszont \u00e9rdekes volt, hisz sok ismert profi brass\u00f3i zen\u00e9sszel dolgoztam, mint p\u00e9ld\u00e1ul a zenekar vezet\u0151, Adrian B\u00eersan (szintetiz\u00e1tor, orgona). Adi \u00f6tlete az volt, hogy kombin\u00e1ljuk a rom\u00e1n n\u00e9pzene elemeit a jazz, funk \u00e9s blues zen\u00e9vel. A zene el\u00e9g komplex volt, sok hangszerest ig\u00e9nyelt \u00e9s tal\u00e1n pont ez volt az oka annak, hogy a csoport nem maradt egy\u00fctt. Neh\u00e9z \u00f6sszetartani sok olyan embert, akik sok mindennel foglalkoznak. A m\u00e1sodik banda neve Save volt. Itt alkalmat kaptam zen\u00e9lni Brass\u00f3 egyik legtapasztaltabb basszusgit\u00e1ros\u00e1val, Gabi Isac-al \u00e9s Rom\u00e1nia egyik legtapasztaltabb dobos\u00e1val, Gabi fi\u00e1val, Vlad Isac-al. Az egy\u00fcttes Stelian Savu (Save) pop \u00e9nekest k\u00eds\u00e9rte. Vlad volt Stelian producere abban a peri\u00f3dusban. T\u00f6bb koncert\u00fcnk is volt, a legeml\u00e9kezetesebb a bukaresti Hard Rock Cafe-ban volt mikor Delia h\u00edres rom\u00e1n pop \u00e9nekesn\u0151nek \u00e9s egy\u00fcttes\u00e9nek nyitottunk. Telt h\u00e1znak zen\u00e9lt\u00fcnk, nagy bulit csaptunk \u00e9s mindenek tetej\u00e9re, ezen a koncerten zen\u00e9ltem el\u0151sz\u00f6r \u00faj egyedi git\u00e1romon, melyet a Curly Brothers Custom Instruments Bukaresti hangszergy\u00e1rt\u00f3 gy\u00e1rtott. V\u00e9g\u00fcl a Die B\u00fcrzenland Party Band-b\u0151l is ki\u00e1lltam, mert t\u00fal sok zen\u00e9l\u00e9s esett egybe \u00e9s igazs\u00e1gtalan lett volna t\u0151lem, hogy el\u00edg\u00e9rkezzek, \u00e9s azt\u00e1n visszavonuljak. 2017 egy elhelyezked\u0151s \u00e9v volt. Sok pr\u00f3b\u00e1lkoz\u00e1s, sok banda, sok zen\u00e9l\u00e9s \u00e9s m\u00e9g t\u00f6bb tapasztalat. Ebben az \u00e9vben jelentettem meg az els\u0151 Watzzy sz\u00e1mot, a Purple Flashlight-ot. A hangfelv\u00e9telt \u00e9s a vide\u00f3t Petki Mil\u00e1n otthoni kis st\u00fadi\u00f3j\u00e1ban csin\u00e1ltuk. Egy egyszer\u0171 git\u00e1r \u00e9s vok\u00e1los ballada. Az els\u0151 pr\u00f3b\u00e1lkoz\u00e1s ut\u00e1n nem voltam megel\u00e9gedve a sz\u00f6veggel \u00edgy a m\u00e1sodik pr\u00f3b\u00e1lkoz\u00e1sra a sz\u00f6veget improviz\u00e1ltam \u00e9s mindketten Mil\u00e1nnal \u00fagy d\u00f6nt\u00f6tt\u00fcnk, hogy az marad. Ezen k\u00edv\u00fcl m\u00e9g egy p\u00e1r akusztikus fingerstyle git\u00e1r feldolgoz\u00e1st is kiadtam, mint p\u00e9ld\u00e1ul az Ochii T\u0103i Holograf sz\u00e1mot, vagy a Bagossy Brothers Company Ha R\u00f3lad Sz\u00f3lna c\u00edm\u0171 sz\u00e1m\u00e1t. Ezeket a klippeket a saj\u00e1t Youtube csatorn\u00e1mon adtam ki. Mil\u00e1nnal folytatva az egy\u00fcttm\u0171k\u00f6d\u00e9st t\u00f6bb git\u00e1ros vide\u00f3t is kiadtam. Ezeken a vide\u00f3kon mindenf\u00e9le sz\u00e1mokra improviz\u00e1ltam. Ez a peri\u00f3dus ink\u00e1bb arr\u00f3l sz\u00f3lt, hogy a git\u00e1r j\u00e1t\u00e9komat fejlesszem \u00e9s tanuljam meg a profi hozz\u00e1\u00e1ll\u00e1st a gyakorl\u00e1shoz. Csak 2017-t\u0151l eg\u00e9sz 2019-ig havi besz\u00e1mol\u00f3 vide\u00f3kat is (vlog) adtam ki. Zen\u00e9l\u00e9seken \u00e9s pr\u00f3b\u00e1kon, vak\u00e1ci\u00f3kon \u00e9s kisz\u00e1ll\u00e1sokon filmezgettem az anyagot ezekhez a vide\u00f3khoz. A v\u00e1g\u00e1sban Z\u00f6ld Attila seg\u00edtett. A besz\u00e1mol\u00f3s vide\u00f3z\u00e1st abba hagytam, amikor a sok filmez\u00e9s kezdett f\u00e1raszt\u00f3 lenni. Egy id\u0151 ut\u00e1n \u00fagy \u00e9reztem, hogy fontosabb, hogy levide\u00f3zzak valamit a vlognak, mint, hogy \u00e9lvezzem a pillanatot \u00e9s az \u00e9letet \u00fagy, ahogy van. S az igazs\u00e1g az, hogy a v\u00e1g\u00e1s is sok id\u0151be telt \u00e9s \u00fagy gondoltuk, hogy azt az id\u0151t fontosabb dolgokra ford\u00edthatjuk. 2017 sok v\u00e1ltoz\u00e1st hozott az \u00e9letembe. A sz\u00ednpad technik\u00e1s c\u00e9gt\u0151l elmentem \u00e9s be\u00e1lltam a Taxi egy\u00fcttesnek sz\u00ednpad technik\u00e1zni. Ez valamivel k\u00f6nnyebb munka volt, tal\u00e1n a legnehezebb r\u00e9sze az volt, hogy egy h\u00e9tv\u00e9ge alatt 500 \u00e9s 1000 km k\u00f6r\u00fcl is megtett\u00fcnk a k\u00fcl\u00f6nb\u00f6z\u0151 v\u00e1rosokban val\u00f3 koncertez\u00e9sekkel. Ezen k\u00edv\u00fcl t\u00f6bb projekt befejez\u0151d\u00f6tt, t\u00f6bb projekt indult. Visszan\u00e9zve az egyik legkomplexebb \u00e9v volt \u00e9letemb\u0151l. Ny\u00e1ron Tusv\u00e1nyosra mentem, hogy picit hozzam helyre magam \u00e9s der\u00edtsem ki, hogy mit hova tegyek az agyamban r\u00e9v\u00e9n, hogy picit elveszettnek \u00e9s f\u00e1radtnak \u00e9reztem magam. Tusv\u00e1nyos el\u00e9g sokat seg\u00edtett abban, hogy \u00e9rtsem meg, hogy nem a m\u00falt amit \u00fajra akarok \u00e9lni az igazi, hanem az, hogy \u00e9rt\u00e9keljem a mostat \u00e9s a vant. Az \u00e9vet \u00faj\u00e9vi zen\u00e9l\u00e9ssel fejeztem be a Z\u0103 Band-el, enn\u00e9l jobb \u00e9v v\u00e9ge nem is lehetett volna. 2018 j\u00f3 h\u00edrrel indult. Cipa behirdette, hogy haza k\u00f6lt\u00f6zik \u00e9s ez a h\u00edr feldobta ism\u00e9t a kedvemet. Egy hossz\u00fa megbesz\u00e9l\u00e9s ut\u00e1n biztos voltam abban, hogy amit a m\u00faltban elengedt\u00fcnk, azt most visszaszerezz\u00fck. Egy p\u00e1r pr\u00f3b\u00e1t is tartottunk \u00e9s sz\u00e1momra tiszta volt a dolog, hogy \u00fajra egy\u00fcttes lesz\u00fcnk. A helyzet val\u00f3j\u00e1ban az volt, hogy eddigre m\u00e1r el\u00e9g tele volt mindannyiunk programja \u00e9s nem tudtunk annyi id\u0151t fektetni a pr\u00f3b\u00e1kra s az egy\u00fcttessel j\u00e1r\u00f3 munk\u00e1ba (vide\u00f3z\u00e1sok, pr\u00f3b\u00e1k, rekl\u00e1m, koncertszervez\u00e9s) mint r\u00e9gebb. Ett\u0151l eltekintve Cipa \u00fajra felvette a basszusgit\u00e1r r\u00e9szeket az elhanyagolt F.A.N. albumra lecser\u00e9lve Isti r\u00e9szeit (kiv\u00e9tel a Tare sz\u00e1mban). Ezt a helyettes\u00edt\u00e9st az\u00e9rt csin\u00e1ltuk, mert Cipa lett az \u00faj (r\u00e9gi) zenekari tag, \u00e9s ha vele jelen\u00fcnk meg koncerten, akkor \u0151 is legyen a felv\u00e9teleken. Egy p\u00e1r jam sessiont is felvett\u00fcnk \u00e9s lefilmezt\u00fcnk a h\u00e1l\u00f3szobai st\u00fadi\u00f3mban, melyet j\u00f3val k\u00e9s\u0151bb (2019 december\u00e9ben) adtam ki r\u00f6vid egy perces vide\u00f3kra felosztva, Instagramon \u00e9s Facebookon. V\u00e9g\u00fcl neki \u00e1lltam \u00e9s Cipa \u00e9s \u00c1kos seg\u00edts\u00e9g\u00e9vel befejeztem az album kever\u00e9s\u00e9t \u00e9s maszteriz\u00e1l\u00e1s\u00e1t is. A zs\u00fafolt program miatt ez egy hosszadalmas munk\u00e1nak bizonyult, de nagyon sokat tanultam bel\u0151le. Tavasszal egy \u00fajabb sz\u00e1mot kiadtam a Youtube csatorn\u00e1mon. Ez alkalommal is egy szerelmes sz\u00e1m volt, neve Short Song. Az \u00e9neket \u00e9n \u00edrtam \u00e9s vettem fel, a grafik\u00e1t Zsigmond \u00c9va-M\u00f3nika k\u00e9sz\u00edtette \u00e9s az anim\u00e1ci\u00f3s klippet pedig Z\u00f6ld Attila. \u00d6r\u00fcltem, hogy elind\u00edtottam a Watzzy sz\u00f3l\u00f3 projektet, mert \u00edgy a saj\u00e1t, szem\u00e9lyesebb sz\u00e1maimat is kiadhattam. A ny\u00e1ri zen\u00e9l\u00e9sekkel volt tele. Cipa \u00e9s \u00c1kos egy\u00fctt zen\u00e9ltek a Showdown cover egy\u00fcttesben \u00e9s a Fusion Core-ban is, m\u00edg \u00e9n a Z\u0103 Band-el zen\u00e9ltem \u00e9s szabad h\u00e9tv\u00e9geken pedig a Taxi-nak technikuskodva j\u00e1rtam be eg\u00e9sz Rom\u00e1ni\u00e1t. H\u00e9tk\u00f6znap folytak a git\u00e1r \u00f3r\u00e1k. 2018 nyar\u00e1n a Z\u0103 Band pr\u00f3batermet is renov\u00e1ltuk \u00e9s berendezt\u00fck, \u00fagy, hogy st\u00fadi\u00f3nak is lehessen haszn\u00e1lni. Ez is egy j\u00f3 \u00e9lm\u00e9ny volt, mert \u00e9reztem, hogy v\u00e9gre van egy csapat, akikkel igaz\u00e1n egy\u00fctt tudok m\u0171k\u00f6dni \u00e9s a profi zen\u00e9sz \u00e1lmom beteljes\u00fcl\u00e9s\u00e9hez mind jobban k\u00f6zeledek. Szeptemberben a Taxi-val is fell\u00e9ptem egy koncertj\u00fck\u00f6n. Erre \u00fagy ker\u00fclt alkalom, hogy az eredeti git\u00e1ros ki\u00e1llt az egy\u00fcttesb\u0151l, a helyettes\u00edt\u0151 git\u00e1ros pedig erre a koncertre nem \u00e9rt el. Mihai a hangm\u00e9rn\u00f6k sz\u00f3lt Dan Teodoresc-nak (vok\u00e1l \u00e9s zenekarvezet\u0151), hogy \u00e9n is git\u00e1ros vagyok \u00e9s be tudok seg\u00edteni. Dan felh\u00edvott, felk\u00e9rt, \u00e9n elfogadtam. Pr\u00f3b\u00e1ra nem volt sem id\u0151 sem alkalom, \u00edgy egy koncertfelv\u00e9telt haszn\u00e1lva alapul megtanultam a sz\u00e1mokat egy h\u00e9t alatt \u00e9s m\u00e1ris \u00e1lltam a sz\u00ednpad mellett k\u00e9sz\u00fclve, hogy fell\u00e9pjek. Izgultam, de r\u00e9v\u00e9n, hogy ism\u00e9t profi zen\u00e9szekkel volt dolgom, hamar lenyugodtam \u00e9s \u00e9lveztem a bulit. Ebben a peri\u00f3dusban voltam egy r\u00f6vid vak\u00e1ci\u00f3n Giurcu\u021ba de Sus-on, a Nyugati Havasokban. R\u00e9gi bar\u00e1taimmal, volt oszt\u00e1lyt\u00e1rsaimmal voltam. Ez a r\u00f6vid kiruccan\u00e1s kicsit megnyugtatott. A term\u00e9szet \u00e9s a sz\u00e9p t\u00e1j arra inspir\u00e1lt, hogy szereljem fel a kamer\u00e1mat \u00e9s kezdjek el git\u00e1rozni. V\u00e9g\u00fcl a Youtube-ra a Lullaby (altat\u00f3) c\u00edm\u0171 gyermekdalom \u00e9s egy r\u00f6vid improviz\u00e1ci\u00f3 ker\u00fclt. Ugyancsak 2018 \u0151sz\u00e9n \u00fajra \u00f6sszeh\u00edvtam a F.A.N.-t. M\u00e1rmint Cipat \u00e9s \u00c1kost. Ez alkalommal azt besz\u00e9lt\u00fck, hogy k\u00e9ne \u00faj zen\u00e9t \u00edrjunk \u00e9s tal\u00e1n j\u00f3 volna nevet is v\u00e1ltoztatni. Egy eg\u00e9sz h\u00e9tv\u00e9g\u00e9t a pr\u00f3bateremben t\u00f6lt\u00f6tt\u00fcnk \u00e9s \u00f6tleteket felv\u00e9ve vagy lejegyezve jam-elt\u00fcnk. Ezekre a pr\u00f3b\u00e1kra minden hangszer\u00fcnket, ami volt el\u0151vett\u00fcnk, git\u00e1r, basszus, szinti, dob, heged\u0171, akusztikus git\u00e1r \u00e9s vok\u00e1l. Ez a p\u00e1r nap f\u00e1raszt\u00f3 volt, de siker\u00fclt egy p\u00e1r j\u00f3 \u00f6tletet f\u00e9lre rakni \u00e9s elind\u00edtani a munk\u00e1t az \u00faj lemezhez. \u00c9n k\u00f6zben \u00f6sszegy\u0171jt\u00f6ttem a sz\u00e1mokat, melyeket \u00edrtam \u00e9s kezdtem felvenni azokat is. Ekkor j\u00f6tt az \u00f6tletem, hogy lehet jobb volna mindent \u00f6sszevonni \u00e9s nem k\u00e9t fronton dolgozni, hanem egy kalap alatt adni ki az eg\u00e9sz zen\u00e9t. Az \u00faj sz\u00e1mok k\u00f6z\u00fcl megmutattam egy p\u00e1rat Cipri\u00e1nnak s \u00c1kosnak. Nekik tetszettek az \u00f6tletek \u00e9s elfogadt\u00e1k aj\u00e1nlatomat is, hogy vegy\u00fcnk mindent a Watzzy kalap al\u00e1. De azt hiszem, hogy ezek m\u00e1r 2019-ben t\u00f6rt\u00e9ntek. 2018 is \u00faj\u00e9vi zen\u00e9l\u00e9ssel v\u00e9gz\u0151d\u00f6tt a Z\u0103 Band-el, valamint Kar\u00e1csony t\u00e1j\u00e1n egy Brass\u00f3i zen\u00e9sz egyes\u00fclet \u00e1ltal szervezett jam-session-on is r\u00e9szt vettem. Sz\u00e1momra ez a dolog nagyon hi\u00e1nyzott. \u00d6r\u00fcltem, hogy m\u00e1s zen\u00e9szeket is megismerhettem \u00fagy szem\u00e9lyesen, mint zen\u00e9szk\u00e9nt is. Az egyes\u00fcletet Fine Sounds-nak h\u00edvj\u00e1k \u00e9s 2019-ben el\u00e9g sokat m\u0171k\u00f6dt\u00fcnk egy\u00fctt. Ezek a jam-session-ok el\u00e9g sok kis \u00faj projektet sz\u00fcltek. Azzal, hogy emberek megismerik egym\u00e1sban a zenei k\u00e9mi\u00e1t \u00e9s felv\u00e1llalj\u00e1k, hogy egy\u00fctt zen\u00e9ljenek, m\u00e9g akkor is ha nem ugyanaz a st\u00edlus, serkentik a kreativit\u00e1st \u00e9s ennek sokoldal\u00fas\u00e1g\u00e1t. A Visssual klubban szervezett jam-en is r\u00e9szt vettem ahol a Cred C\u0103 Sunt Extraterestru (a Subcarpa\u021bi egy\u00fcttes p\u00e1r tagja) rap\/hip-hop projekt koncertje ut\u00e1n improviz\u00e1lhattunk az el\u0151ad\u00f3kkal. 2019 is egy foglalt \u00e9vnek jelentkezett. A Fine Sounds csoport l\u00e9tre hozott egy \u00f6tletet mely a helyi m\u0171v\u00e9szek seg\u00edts\u00e9g\u00e9re volt. Ezt a projektet Soundcards-nak (hangk\u00e9peslap) nevezt\u00e9k. Ezek a k\u00e9peslapok az\u00e9rt k\u00fcl\u00f6nlegesek, mert a grafik\u00e1t helyi m\u0171v\u00e9szek k\u00e9sz\u00edtik \u00e9s a h\u00e1t\u00e1n pedig egy QR k\u00f3d van, amit telefonnal leolvasva egy \u00e9nekhez vezet, melyet ugyancsak egy helyi el\u0151ad\u00f3 \u00edrt \u00e9s vett fel. A daloknak a Fine Sounds web oldal\u00e1n k\u00fcl\u00f6n k\u00fcl\u00f6n van profil oldala (ide vezet a QR k\u00f3d), \u00edgy a hallgat\u00f3 t\u00f6bb inform\u00e1ci\u00f3t is megtudhat r\u00f3la, meg az el\u0151ad\u00f3r\u00f3l is. Egy id\u0151 ut\u00e1n m\u00e1r nem csak helyi el\u0151ad\u00f3k ker\u00fcltek fel a k\u00e9peslapokra, hanem m\u00e1s v\u00e1rosokb\u00f3l is. Nekem ez az \u00f6tlet tetszett \u00e9s eld\u00f6nt\u00f6ttem, hogy \u00edgy megjelentetem n\u00e9h\u00e1ny dalomat. Az Els\u0151 a Your Eyes volt. Ez egy r\u00f6vid akusztikus szerelmes dal. M\u00e1r egy ideje ki akartam adni, ez\u00e9rt \u00e9ltem az alkalommal \u00e9s felk\u00e9rtem Zsigmond \u00c9va-M\u00f3nik\u00e1t, hogy rajzoljon egy grafik\u00e1t a sz\u00e1mnak. Elk\u00fcldtem az \u00e9neket s megk\u00e9rtem, hogy legyen a rajzban k\u00e9t szem. Egyik rajzban csukott, a m\u00e1sikban nyitott. \u00c9va meg is rajzolta, a rajzokat pedig \u00e1tvittem Z\u00f6ld Attil\u00e1hoz, aki k\u00e9sz\u00edtett egy anim\u00e1ci\u00f3t. Igaz\u00e1b\u00f3l a k\u00e9t szem ny\u00edlik \u00e9s csuk\u00f3dik, teh\u00e1t pislog. Ezek mell\u00e9 be\u00edrta a sz\u00f6veget is a vide\u00f3ba, \u00fagy, hogy ez k\u00eds\u00e9rje az \u00e9neket. \u00cdgy lett meg az els\u0151 lyric vide\u00f3m. A nyitott szemes grafik\u00e1t r\u00e1tett\u00fck a k\u00e9peslapra \u00e9s meg volt az els\u0151 Soundcardom is. A bemutat\u00f3 a Tipografia K\u00e1v\u00e9z\u00f3ban volt, itt t\u00f6bb m\u0171v\u00e9sz mutatta be k\u00e9peslapjait. El\u0151bb zenehallgat\u00e1s volt, meghallgattuk mindegyik k\u00e9peslapra feltett \u00e9neket. Az est egy jam-sessionnal z\u00e1rult. Az \u00f6tlet mind jobban tetszett nekem. Ez\u00e9rt neki\u00e1lltam \u00e9s a t\u00f6bbi sz\u00e1mot is kezdtem rendbe tenni \u00e9s eld\u00f6nt\u00f6ttem, hogy az elmulasztott F.A.N. albumot is \u00e1tn\u00e9zem \u00e9s kiadom ilyen form\u00e1tumban. Nagyj\u00e1b\u00f3l minden h\u00f3napban kiadtam egy-egy ilyen k\u00e9peslapot. \u00cdgy jelent meg a Lean On Me c\u00edm\u0171 funky sz\u00e1m, melynek a grafik\u00e1t \u00e9s a klippet Z\u00f6ld Attila k\u00e9sz\u00edtette. Ez az \u00e9nek is sz\u00f6veges vide\u00f3t kapott, melyet a Youtube csatorn\u00e1mon adtam ki. Az anim\u00e1ci\u00f3ban egy f\u00e9rfi \u00e9s egy n\u0151 t\u00e1ncolnak az \u0171rben mik\u00f6zben a chakraik vil\u00e1g\u00edtva l\u00fcktetnek. A k\u00f6vetkez\u0151 a Stars volt. A F.A.N. oldalr\u00f3l a vide\u00f3t levett\u00fck, adtunk hozz\u00e1 sz\u00f6veget, kicsit kijav\u00edtottuk \u00e9s kiadtuk most az \u00e9n Youtube csatorn\u00e1mra. A grafika Zsigmond \u00c9va-M\u00f3nika rajza maradt, amihez a zenesz\u00f6veget anim\u00e1lva hozz\u00e1 adtuk. Soundcard form\u00e1tumban megjelent a Short Song is melynek a vide\u00f3ja m\u00e1r meg volt jelenve, a grafika meg a vide\u00f3ban megjelen\u0151 rajz volt melyet ugyancsak Zsigmond \u00c9va-M\u00f3nika k\u00e9sz\u00edtett. A Puprle Flashlight-nak is jelentettem meg Soundcard-ot. Ennek a k\u00e1rty\u00e1nak a grafik\u00e1ja egy G\u00e1ll Izabella \u00e1ltal k\u00e9sz\u00edtett rajz lett melyet t\u0151le kaptam aj\u00e1nd\u00e9kba p\u00e1r \u00e9vvel azel\u0151tt. A rajz egy absztrakt vir\u00e1gos sz\u00ednes rajz mely nagyon tal\u00e1lt szerintem az \u00e9nek mondanival\u00f3j\u00e1val. 2019 nyar\u00e1n videoklipet forgattunk a Bere c\u00edm\u0171 sz\u00e1mnak. A rendez\u00e9st \u00e9s filmez\u00e9st David Bahn\u0103 int\u00e9zte, a szerepekben Alex Barbu sz\u00edn\u00e9sz, Popa Diana \u00e9s j\u00f3magam vagyunk. A helysz\u00ednt j\u00f3 bar\u00e1tom G\u00e1bor Imre (Imi) biztos\u00edtotta. Ez az akkor m\u00e9g m\u0171k\u00f6d\u0151 Pilvax melletti \u00e1ltala vezetett Taqueria Mexicana volt. Szuper helysz\u00edn volt lebonyol\u00edtani a filmez\u00e9seket. El\u00e9g sok megbesz\u00e9l\u0151m \u00e9s tal\u00e1lk\u00e1m volt Daviddal m\u00edg eld\u00f6nt\u00f6tt\u00fck a klipp v\u00e9gs\u0151 form\u00e1j\u00e1t \u00e9s mondanival\u00f3j\u00e1nak a fel\u00e9p\u00edt\u00e9s\u00e9t. A filmez\u00e9sek k\u00e9t nap alatt bonyol\u00f3dtak le. Mindk\u00e9t nap d\u00e9l 12-ig be kellett fejezz\u00fck, hogy a vend\u00e9gl\u0151 tudjon megny\u00edlni a vend\u00e9geknek. Szombaton reggel 9-t\u0151l filmezt\u00fcnk, \u00e9n azt\u00e1n lementem Bukarestbe zen\u00e9lni a Z\u0103 Band-el. Alv\u00e1sra nem jutott id\u0151 hisz hajnalig zen\u00e9lt\u00fcnk \u00e9s reggel 8 k\u00f6r\u00fcl \u00e9rtem vissza Brass\u00f3ba. Szerencs\u00e9re k\u00fcl\u00f6n sof\u0151r\u00f6s mikrobusz volt b\u00e9relve, \u00edgy pihenhettem az \u00faton egy keveset. Vas\u00e1rnap folytattuk a filmez\u00e9st. El\u00e9g f\u00e1radt voltam, de \u00f6r\u00fcltem, hogy mozognak a dolgok. 12 el\u0151tt m\u00e1r k\u00e9szen voltunk \u00e9s j\u00f6hetett a v\u00e1rva v\u00e1rt pihen\u0151. A v\u00e1g\u00e1s el\u00e9g hamar meg lett \u00e9s p\u00e1r nap gondolkod\u00e1s, jav\u00edtgat\u00e1s \u00e9s tanakod\u00e1s ut\u00e1n a v\u00e9gs\u0151 v\u00e1ltozathoz jutottunk. Ezt is a Youtube csatorn\u00e1mon adtam ki \u00e9s Soundcardk\u00e9nt is megjelent. A grafika egy f\u00e9nyk\u00e9p volt a f\u0151szerepl\u0151vel, ahogyan s\u00f6r\u00f6k k\u00f6z\u00f6tt \u00fcl, b\u00e1gyadtan, napszem\u00fcvegesen. A klipp az alkohol k\u00fcl\u00f6nb\u00f6z\u0151 hat\u00e1sair\u00f3l sz\u00f3l \u00e9s arr\u00f3l, hogy milyen k\u00f6nnyen rabj\u00e1v\u00e1 eshet az ember, ha nem figyel mag\u00e1ra. A klip sikeres volt, el\u00e9g sok ember reag\u00e1lt \u00e9s ez b\u00e1tors\u00e1got adott, hogy m\u00e1s sz\u00e1moknak is k\u00e9sz\u00edtsek klipet. Visszat\u00e9rve a Fine Sounds csoporthoz, alap\u00edt\u00f3 Mihnea \u00e9s Ana Tencariu, Bogdan Ioni\u021b\u0103, Cosmin Haraga. Rendezv\u00e9nyeik (Soundcard kiad\u00e1sok, jam-sessionok) arra voltak j\u00f3k, hogy \u00faj emberekkel ismerkedjek meg. \u00daj zen\u00e9szeket \u00e9s grafikusokat ismertem meg. \u00cdgy ker\u00fcltem a Koolab Design Studio tagjait megismerni. C\u0103t\u0103lin \u00e9s Drago\u0219 k\u00e9t profi grafikus akik hamar belementek abba, hogy az els\u0151 lemezem grafik\u00e1j\u00e1t elk\u00e9sz\u00edts\u00e9k, s\u0151t, siker\u00fclt megegyez\u00fcnk abban is, hogy egy k\u00fcl\u00f6nleges form\u00e1tum\u00fa tokot tervezzenek ki \u00e9s gy\u00e1rtsanak le a cd-nek. A besz\u00e9lget\u00e9sek m\u00e1r a Bere megjelen\u00e9se el\u0151tt elkezd\u0151dtek, de sok id\u0151be telt ameddig eld\u00f6nt\u00f6ttem, hogy v\u00e9g\u00fcl, hogy \u00e9s mint csin\u00e1lom a dolgokat. Visszat\u00e9rve az \u00e9v elej\u00e9re, egy adott pillanatban \u00f6ssze\u00fclt\u00fcnk Cipa-val \u00e9s \u00c1kossal, hogy besz\u00e9lj\u00fck meg, hogy hogy m\u0171k\u00f6d\u00fcnk ezut\u00e1n. A sr\u00e1cok belementek abba, hogy a F.A.N. anyagot \u00f6sszetegyem a saj\u00e1t sz\u00e1maimmal \u00e9s a Watzzy n\u00e9v alatt adjam ki, csak \u00edrjam ki \u00e9s eml\u00edtsem meg az \u0151k r\u00e9szv\u00e9tel\u00fcket is. Megbesz\u00e9lt\u00fck azt is, hogy amennyiben tudnak, \u00e9s engedi az idej\u00fck seg\u00edtenek felv\u00e9telekben \u00e9s koncertekben is. \u00d6rvendtem ennek \u00e9s \u00e9reztem, hogy t\u00e9nyleg j\u00f3 emberek vesznek k\u00f6r\u00fcl. Az els\u0151 koncert a TAM TAM fesztiv\u00e1l megnyit\u00f3j\u00e1n volt j\u00falius 20-\u00e1n. A Kapu utc\u00e1n elhelyezett sz\u00ednpadon zen\u00e9lt\u00fcnk. Nagyon meleg volt, a nap er\u0151sen s\u00fct\u00f6tt \u00e9s az emberek megb\u00fajtak a h\u00e1zak \u00e1rny\u00e9k\u00e1ba. Att\u00f3l f\u00fcggetlen\u00fcl a koncert j\u00f3l ment, az emberek buliztak \u00e9s mi is j\u00f3l \u00e9rezt\u00fck magunkat, hab\u00e1r bevallom, izgultam hisz r\u00e9g l\u00e9pt\u00fcnk fel ebben a form\u00e1ci\u00f3ban ezekkel a sz\u00e1mokkal. A ny\u00e1r zen\u00e9l\u00e9ssel telt el. A legt\u00f6bb zen\u00e9l\u00e9s a Z\u0103 Band-el volt \u00e9s a Die B\u00fcrzenland Party Band felk\u00e9r\u00e9s\u00e9re visszat\u00e9rtem \u00e9s vel\u00fck is fell\u00e9ptem egy p\u00e1rszor, m\u00edg az \u00faj git\u00e1rosuk megszokta a reperto\u00e1rt. Id\u0151nk\u00e9nt a Taxi egy\u00fcttesnek is mentem technikuskodni. 2019 november\u00e9ben a Bulz Brotherz zenekarral tartottunk k\u00f6z\u00f6s koncertet a brass\u00f3i Rockstadt klubban. Sz\u00e1momra ez cs\u00facs volt, mert t\u00f6bb \u00e9v ut\u00e1n visszat\u00e9rhettem zen\u00e9lni abba a klubba, amelyben oly sokszor otthon \u00e9reztem magam a sz\u00ednpadon. Att\u00f3l eltekintve, hogy a klub helysz\u00edne \u00e9s berendez\u00e9se megv\u00e1ltozott, az emberek \u00e1ltal l\u00e9trehozott hangulat mindig energia d\u00fas volt. Most egy sokkal nagyobb helys\u00e9get kellett megt\u00f6lten\u00fcnk. Id\u0151ben elkezdt\u00fck a rekl\u00e1moz\u00e1st. Mindk\u00e9t egy\u00fcttes r\u00e9szt vett akt\u00edvan a szervez\u00e9sben. A Fine Sounds is nagy seg\u00edts\u00e9ggel j\u00f6tt (a Fine Sounds alap\u00edt\u00f3 tagjai zen\u00e9lnek a Bulz Brotherz egy\u00fcttesben is). A koncert el\u0151tt siker\u00fclt beszerveznem egy 10 napos vak\u00e1ci\u00f3t magamnak. Hamburgba l\u00e1togattam meg Thomast, r\u00e9gi haveromat \u00e9s volt egy\u00fcttes t\u00e1rsamat a Gadjo Caffe-b\u0151l. Sok id\u0151 ut\u00e1n ez volt az els\u0151 igazi vak\u00e1ci\u00f3m. Voltunk m\u00fazeumokban, v\u00e1rost n\u00e9zni, hamburgert enni \u00e9s koncertekre is elj\u00e1rtunk. Ez a 10 nap pont j\u00f3l felt\u00f6lt\u00f6tt a Watzzy koncertre, ami k\u00f6zeledett. M\u00edg Hamburgban voltam, felh\u00edvott Jancsi haverom, hogy egy h\u00edres angol blues sz\u00e1jmuzsik\u00e1s Brass\u00f3ban van l\u00e1togat\u00f3ban \u00e9s, hogy szeretne helyi zen\u00e9szekkel tal\u00e1lkozni \u00e9s zen\u00e9lni. Meg\u00edg\u00e9rtem, hogy tal\u00e1lkozunk mikor haza \u00e9rek. A tal\u00e1lkoz\u00e1s a Rockstadt-i koncert napj\u00e1n volt. Reggel tal\u00e1lkoztunk \u00e9s egyet k\u00e1v\u00e9ztunk. F\u00e9l \u00f3r\u00e1s besz\u00e9lget\u00e9s ut\u00e1n mondtam neki, hogy j\u00f6jj\u00f6n \u00e9s l\u00e9pjen fel velem egy p\u00e1r sz\u00e1m erej\u00e9ig. Elfogadta a megh\u00edv\u00e1st \u00e9s d\u00e9lut\u00e1n m\u00e1r a hangpr\u00f3b\u00e1n jelen volt \u00e9s ott m\u00e1r \u00e9rz\u0151d\u00f6tt, hogy j\u00f3 bulit fogunk csapni. Igen \u00e1m, de itt elk\u00f6vettem egy el\u00e9g nagy hib\u00e1t. M\u00e1r a ny\u00e1r \u00f3ta \u00e9szrevettem magamon, hogy picit sokat iszok. Az igazs\u00e1g az, hogy zen\u00e9l\u00e9sekkor nem ittam, viszont az azel\u0151tti napon, \u00e1ltal\u00e1ban elfogyasztottam n\u00e9h\u00e1ny poh\u00e1r t\u00f6m\u00e9nyt. A baj igaz\u00e1b\u00f3l sokkal m\u00e9lyebben volt. \u00dagy \u00e9reztem nem vagyok el\u00e9g j\u00f3, nem vagyok k\u00e9pes t\u00f6bbet ny\u00fajtani. Elkezdtem izgulni s az mag\u00e1val hozta, hogy a fell\u00e9p\u00e9s el\u0151tt m\u00e1r sz\u00e9d\u00fcltem \u00e9s inogtam. A Rockstadt \u00fagy amennyire megtelt \u00e9s a Bulz Brotherz szuper koncertet tartott bemeleg\u00edtve a n\u00e9pet. Sz\u00e1mba v\u00e9ve azt, hogy egy cs\u00fct\u00f6rt\u00f6ki nap volt, el\u00e9g nagy volt az \u00e9rdekl\u0151d\u00e9s \u00e9s el\u00e9g sok ember j\u00f6tt a koncertre. A mi koncert\u00fcnk is j\u00f3 volt. Sok energia, j\u00f3 buli \u00e9s az emberek is t\u00e1ncoltak. \u00c9n elfelejtettem egy p\u00e1r sz\u00e1m sz\u00f6veg\u00e9t, de r\u00f6gt\u00f6n\u00f6ztem. A buli akkor robbant ki igaz\u00e1n amikor Giles Robson sz\u00e1jmuzsik\u00e1s fell\u00e9pett \u00e9s el\u00e9nekelte vel\u00fcnk a Crossroads c\u00edm\u0171 dalt. A koncert v\u00e9g\u00e9n m\u00e9g egy blues\/rock &#8216;n&#8217; roll jam-re visszaj\u00f6tt \u00e9s olyan pillanataink is voltak, hogy \u00e9n heged\u0171vel, \u0151 a sz\u00e1jmuzsik\u00e1val dobtuk egym\u00e1snak \u00e1t a sz\u00f3l\u00f3kat. \u00c9letem egyik legjobb zenei \u00e9lm\u00e9nye volt, csak abban a pillanatban nehezen tudtam \u00e9rt\u00e9kelni. A konstans el\u00e9gedetlens\u00e9g \u00e9s lelki bizonytalans\u00e1g valahogy t\u00e1vol tartott att\u00f3l, hogy igaz\u00e1b\u00f3l tudjak \u00f6rvendeni ennek az esem\u00e9nynek. De a publikumnak tetszett. Az ismer\u0151seim megdics\u00e9rtek, az interneten az emberek k\u00e9peket \u00e9s vide\u00f3kat osztottak meg a koncertr\u0151l. Ez tal\u00e1n az, ami igaz\u00e1n sz\u00e1m\u00edt egy m\u0171v\u00e9sznek, hogy m\u0171v\u00e9szet\u00e9vel nyissa meg az emberek lelk\u00e9t k\u00fcl\u00f6n fajta \u00e9rzelmek \u00e9s ezek kifejez\u00e9se fele. A koncert k\u00f6zben a sz\u00ednpad h\u00e1ts\u00f3 r\u00e9sz\u00e9re Dena, brass\u00f3i fest\u0151m\u0171v\u00e9sz festm\u00e9nye, Square Love, volt kivet\u00edtve. Ism\u00e9t \u00fagy \u00e9reztem magam mint 2015-ben. F\u00e1radtnak \u00e9s legy\u0151z\u00f6ttnek. Egyszer\u0171en t\u00fal sok elv\u00e1r\u00e1st csatoltam a tev\u00e9kenys\u00e9geimhez. Mind t\u00f6bb \u00e9s t\u00f6bb alkoholt fogyasztottam, hogy vegyem el a figyelmem az igazi lelki probl\u00e9m\u00e1imt\u00f3l. Egy adott pontban ezt \u00e9szrevettem \u00e9s mind pr\u00f3b\u00e1ltam f\u00e9kezni magam. Siker\u00fclt egy darabig. Decemberben m\u00e9g tartottam k\u00e9t koncertet. Kigondoltam egy \u00fajabb koncert vari\u00e1nst. Alexu and the Voices Inside-t\u00f3l inspir\u00e1l\u00f3dva, \u00e1t\u00edrtam az \u00e9nekeket \u00fagy, hogy egyed\u00fcl is tudjam el\u0151adni \u0151ket kisebb, intimebb helyeken. \u00cdgy j\u00f6tt l\u00e9tre a #singurcuc projekt. A hangs\u00faly a ballad\u00e1kon \u00e9s az akusztikus sz\u00e1mokon volt, mint a Short Song, Purple Flashlight, Your Eyes, de siker\u00fclt a Bere, Tare \u00e9s Lean on Me Now sz\u00e1mokat is \u00e1tdolgozni \u00fagy, hogy a k\u00f6z\u00f6ns\u00e9g \u00e9nekeljen, vagy tapsoljon velem. Egy sz\u00f3l\u00f3 interakt\u00edv m\u0171sort siker\u00fclt \u00f6sszehoznom, viccekkel a sz\u00e1mok k\u00f6z\u00f6tt vagy \u00e9ppen k\u00f6zben. Decemberben k\u00e9t ilyen koncertre ker\u00fclt sor. Egy volt az Ora 0 gal\u00e9ri\u00e1ban, a m\u00e1sik egy c\u00e9g kar\u00e1csonyi \u00f6sszej\u00f6vetel\u00e9n. Az Ora 0-ban az tetszett nagyon, hogy sok helyi m\u0171v\u00e9sz \u00e1ltal k\u00e9sz\u00edtett festm\u00e9ny van ki\u00e1ll\u00edtva. A hely kicsi, intim \u00e9s retr\u00f3san van berendezve. Itt kezdtem \u00e9rdekl\u0151dni mind jobban \u00e9s jobban a festm\u00e9nyek \u00e9s a fest\u0151k ir\u00e1nt. Tetszett, hogy mennyire sz\u00e9pen ki tudnak fejezni bonyolult \u00e9rzelmeket ezek az emberek \u00e9s, sok festm\u00e9nyben magamat is megtal\u00e1ltam. Egy p\u00e1ran szem\u00e9lyesen is elj\u00f6ttek a koncertre, \u00edgy el is besz\u00e9lgethettem vel\u00fck. A koncert j\u00f3l siker\u00fclt. Kev\u00e9s ember, mert kev\u00e9s ember f\u00e9rt el, de ennek \u00e9n \u00f6rvendtem, mert m\u00e1r el\u00e9g r\u00e9g akartam egy nyugis, intimebb koncertet. A k\u00f6z\u00f6ns\u00e9g egy\u00fctt \u00e9nekelt velem \u00e9s \u00edgy j\u00f3l elsz\u00f3rakoztunk. Nagyon j\u00f3l \u00e9reztem magam \u00e9s kezdtem a magabiztoss\u00e1gomat ism\u00e9t megtal\u00e1lni. A probl\u00e9ma ism\u00e9t az volt, hogy m\u00e1r zen\u00e9l\u00e9s el\u0151tt elkezdtem inni. De lassacsk\u00e1n kezdtem \u00e9rezni, hogy hol a baj, m\u00e9gis, m\u00e9g messze volt a javul\u00e1s. A koncerten fell\u00e9pett velem Gheorghila\u0219 Brigi (Bajka, a Z\u0103 Band \u00e9nekese) akivel ketten \u00edrtunk egy sz\u00e1mot \u00e9s \u00e9n szerettem volna vele ezt bemutatni a kis k\u00f6z\u00f6ns\u00e9gnek. A f\u00e9nyk\u00e9peket pedig Tam\u00e1si Zolt\u00e1n bar\u00e1tom \u00e9s volt oszt\u00e1lyt\u00e1rsam k\u00e9sz\u00edtette (az Ora 0-ban \u00e9s a Rockstadtban is, a Rockstadtban a helys\u00e9g f\u00e9nyk\u00e9p\u00e9sze Ioan Poro\u0219nicu is k\u00e9sz\u00edtett sok sz\u00e9p k\u00e9pet). Ugyancsak 2019 december\u00e9ben kiadtam online form\u00e1tumban (Spotify, Deezer, Apple Music \u00e9s m\u00e1s ezekhez hasonl\u00f3 platformokon) a Pamela c\u00edm\u0171 albumot. A Koolab Design Studio egy fantasztikus grafik\u00e1t k\u00e9sz\u00edtett \u00e9s azt haszn\u00e1lva jelentettem meg. Az albumon keverve vannak a F.A.N. sz\u00e1mok, amiknek a felv\u00e9tel\u00e9n 2015 \u00f3ta dolgoztunk \u00e9s egy p\u00e1r saj\u00e1t dal mely a soundcardokon is megjelent. A fizikai form\u00e1tum megjelen\u00e9s\u00e9t (cd, soundcard) tavaszra tervezt\u00fck melyet koncertekkel szerett\u00fcnk volna meg\u00fcnnepelni. Ez a k\u00e9t koncert ut\u00e1n a szilveszteri zen\u00e9l\u00e9sre kezdt\u00fcnk pr\u00f3b\u00e1lni a Z\u0103 Band-el. Ism\u00e9t neh\u00e9z \u00faj\u00e9vi zen\u00e9l\u00e9s v\u00e1rt r\u00e1nk, de siker\u00fclt minden neh\u00e9zs\u00e9g \u00e9s f\u00e1radts\u00e1g ellen\u00e9re v\u00e9gig vigy\u00fck \u00e9s sikeresen lebonyol\u00edtsuk, \u00fagy, hogy a k\u00f6z\u00f6ns\u00e9g v\u00e9gig t\u00e1ncoljon \u00e9s bulizzon, \u00fagy ahogy ezt szilveszterkor kell. A 2019 \u00e9s 2020-as szilveszteri zen\u00e9l\u00e9sek a Sergiana Centerben zajlottak. Itt az volt az \u00e9rdekes, hogy \u00f6t teremben kellett zen\u00e9lj\u00fcnk k\u00fcl\u00f6n programokat. Mindegyik teremben volt egy h\u00e1zigazda zenekar, mi meg s\u00e9t\u00e1ltunk felszerel\u00e9s\u00fcnk egy r\u00e9sz\u00e9vel egyik teremb\u0151l a m\u00e1sikba \u00e9s 45 perces funk, k\u00f6nny\u0171zene \u00e9s rock programot j\u00e1tszodtunk. A program energikus \u00e9s modern volt, helyenk\u00e9nt git\u00e1r sz\u00f3l\u00f3kkal. Mondhatjuk, hogy egy igazi koncert \u00e9lm\u00e9nyt hoztunk a buliz\u00f3 embereknek. Ahhoz hogy a show l\u00e9trej\u00f6hessen egy nappal hamarabb m\u00e1r \u00f6ssze\u00fclt\u00fcnk a t\u00f6bbi egy\u00fcttessel \u00e9s a hang \u00e9s f\u00e9ny technik\u00e1t szolg\u00e1l\u00f3 c\u00e9ggel szerelni, k\u00e9s\u0151bb meg hangpr\u00f3b\u00e1ltunk. Ez egy eg\u00e9sz napos munka volt, f\u00e1raszt\u00f3, de k\u00f6vetkez\u0151 nap mikor elindult a buli, igazi show kerekedett. A f\u00e9nyj\u00e1t\u00e9kok b\u0151v\u00edtett\u00e9k a profi hangz\u00e1st \u00edgy igazi koncert \u00e9s buli hangulat lett. A logisztik\u00e1t \u00fagy oldottuk meg, hogy minden terembe szerelt\u00fcnk k\u00fcl\u00f6n dob alapot, basszus \u00e9s git\u00e1r er\u0151s\u00edt\u0151ket \u00e9s mikrofon \u00e9s szinti \u00e1llv\u00e1nyokat. Zen\u00e9l\u00e9sek k\u00f6z\u00f6tt p\u00e1r perc\u00fcnk volt \u00e1tsz\u00e1guldani a pinc\u00e9r folyos\u00f3n a git\u00e1rokkal, mikrofonokkal, egy\u00e9b hangszerekkel, hogy beszerelj\u00fcnk. Mondhatom, hogy eg\u00e9sz profin megoldottuk \u00e9s a zen\u00e9l\u00e9sek mind j\u00f3l mentek. A k\u00f6z\u00f6ns\u00e9g t\u00e1ncolt \u00e9s egy\u00fctt \u00e9nekelte vel\u00fcnk a h\u00edres refr\u00e9neket. Ez ut\u00e1n k\u00f6vetkezett egy p\u00e1r nap pihen\u0151. J\u00f3l is j\u00f6tt a nagy er\u0151fesz\u00edt\u00e9s ut\u00e1n, hisz est\u00e9t\u0151l reggelig zen\u00e9lt\u00fcnk miut\u00e1n egy eg\u00e9sz napot szerelt\u00fcnk. A p\u00e1r nap sz\u00fcnet ut\u00e1n visszament\u00fcnk \u00e9s \u00f6sszeszedt\u00fck a felszerel\u00e9st \u00e9s visszavitt\u00fck a pr\u00f3baterembe. M\u00e9g egyszer boldog \u00faj \u00e9vet k\u00edv\u00e1ntunk egym\u00e1snak \u00e9s bel\u00e9pt\u00fcnk egy r\u00f6vid szabads\u00e1gba. Az\u00e9rt r\u00f6vid, mert 2020 is esem\u00e9nyd\u00fas \u00e9vnek \u00edg\u00e9rkezett \u00e9s el kellett kezdj\u00fck a pr\u00f3b\u00e1kat. 2020 is j\u00f3l kezd\u0151d\u00f6tt, a #singurcuc projekt-el \u00fajabb koncertek \u00edg\u00e9rkeztek Bukarestben a Londophone klubban \u00e9s Brass\u00f3ban ism\u00e9t az Ora 0 gal\u00e9ri\u00e1ban. Teljes egy\u00fcttessel pedig a Rockstadt-ba tervezt\u00fcnk lemezbemutat\u00f3 koncertet. A Z\u0103 Band-el pedig a zen\u00e9l\u00e9s szezon kor\u00e1n kellett volna kezd\u0151dj\u00f6n. Kellett volna, de m\u00e1rciusban bej\u00f6tt a karant\u00e9n. Lassan de biztosan minden koncert, zen\u00e9l\u00e9s, bet\u00e1bl\u00e1zott rendezv\u00e9ny le lett mondva vagy \u00e1t lett rakva egy k\u00e9s\u0151bbi d\u00e1tumra. M\u00e1rciusig siker\u00fclt egyet koncerteznem az Ora 0-ban (Brass\u00f3ban) ahol az Unveiled egyes\u00fclet r\u00e9sze lettem. Az Unveiled egyes\u00fclet egy internetes oldal mely m\u0171v\u00e9szeknek seg\u00edt a promov\u00e1l\u00e1sban, egy\u00fcttm\u0171k\u00f6d\u00e9sben \u00e9s szervezked\u00e9sben. Az Unveiled.ro internetes platformon a m\u0171v\u00e9szek kapnak egy profilt, melyet friss\u00edthetnek \u00faj adatokkal \u00e9s inform\u00e1ci\u00f3kkal. Ezen a profilon kereszt\u00fcl a k\u00f6z\u00f6ns\u00e9g adom\u00e1nyozhat is a m\u0171v\u00e9sznek. Ugyanakkor t\u00f6bb interj\u00fat meg rendezv\u00e9nyt is szerveztek. Koncerteket a zen\u00e9szeknek, ki\u00e1ll\u00edt\u00e1sokat a fest\u0151knek. Az egyes\u00fclet f\u0151 tagjai: Corina Dumitrescu, Cern\u0103u\u021beanu Georgiana Roxana, Daria Catan\u0103, Vlad \u0218erb\u0103noiu, Getty Tatomir \u00e9s George Stanciu. \u00d6r\u00fcltem, hogy megismerhettem ezeket az embereket \u00e9s, hogy \u0151k felv\u00e1llalt\u00e1k, hogy ezt a seg\u00edts\u00e9get ny\u00fajts\u00e1k a m\u0171v\u00e9szeknek. Az Unveiled bemutatkoz\u00f3 koncert sikeres volt. Ugyanaz az intim hangulat \u00e9s \u00e9n mind jobban \u00e9s jobban b\u00edztam magamban. K\u00f6vetkez\u0151 nap Bukarestbe mentem ahol st\u00fadi\u00f3 felv\u00e9teleket k\u00e9sz\u00edtett\u00fcnk a Z\u0103 Band-el. A felv\u00e9telek ut\u00e1ni nap ugyancsak Bukarestben, a Londophone klubban zen\u00e9ltem csak egyed\u00fcl. Ism\u00e9t kis hely, kev\u00e9s ember, de nagyon j\u00f3 hangulat. Az emberek egy\u00fctt \u00e9nekeltek \u00e9s tapsoltak velem. Egy p\u00e1r sz\u00e1m erej\u00e9ig Marius Cre\u021bu cajon-on k\u00eds\u00e9rt. Marius \u00e9s testv\u00e9re Cristinel bukaresti hangszergy\u00e1rt\u00f3k. C\u00e9g\u00fck neve a Curly Brothers Custom Instruments \u00e9s profi git\u00e1rokat, basszus git\u00e1rokat \u00e9s dobokat gy\u00e1rtanak \u00e9s jav\u00edtanak. 2017-ben t\u0151l\u00fck v\u00e1s\u00e1roltam az egyik git\u00e1rom \u00e9s egy tombol\u00e1t megnyerve egy cajont is nyertem. A bukaresti koncerten v\u00e9gre megismertem R\u0103zvan Patachi-t. R\u0103zvan a CriticEyez blog-nak a vezet\u0151je. Ez a blog koncertekr\u0151l \u00e9s albumokr\u00f3l, a Rom\u00e1niai underground mozgalomr\u00f3l tartalmaz cikkeket \u00e9s kritik\u00e1kat. R\u0103zvan-on k\u00edv\u00fcl m\u00e1sok is \u00edrhatnak a blog-ba. J\u00f3magam 2019-ben t\u00f6bb cikket is \u00edrtam, p\u00e9ld\u00e1ul a Brass\u00f3ban zajl\u00f3 koncertekr\u0151l, a hamburgi tapasztalataimr\u00f3l \u00e9s a saj\u00e1t koncertemet is megkritik\u00e1ztam. Cser\u00e9ben \u0151 irt egy cikket a Pamela lemezr\u0151l \u00e9s seg\u00edtett a Londophone-i (Bukarest) koncert megszervez\u00e9s\u00e9ben. Err\u0151l a koncertr\u0151l is \u00edrt egy cikket. Majdnem egy f\u00e9l \u00e9v online egy\u00fcttm\u0171k\u00f6d\u00e9s ut\u00e1n v\u00e9gre tal\u00e1lkoztunk szem\u00e9lyesen is. J\u00f3l elbesz\u00e9lgett\u00fcnk a zene iparr\u00f3l, az undergroundr\u00f3l \u00e9s persze a m\u0171v\u00e9szetekr\u0151l s a m\u0171v\u00e9szekr\u0151l is.<\/p>\r\n<p><strong>(B.M.):<\/strong><em> Mennyis\u00e9gi felhalmoz\u00f3d\u00e1s, min\u0151s\u00e9gi ugr\u00e1shoz vezet. De ez nem m\u0171k\u00f6d\u00f6tt a koncerteket fenntart\u00f3 mesters\u00e9ges szenved\u00e9lyek n\u00e9lk\u00fcl. Hogyan k\u00fczd\u00f6tted le ezeket?<\/em><\/p>\r\n<p>(W.R.): A karant\u00e9n idej\u00e9n kij\u00e1r\u00e1s tilalom volt. Ezt az id\u0151szakot kihaszn\u00e1ltam, hogy a sz\u00fcleimmel, testv\u00e9remmel \u00e9s nagysz\u00fcleimmel t\u00f6ltsek t\u00f6bb id\u0151t. Valahogy j\u00f3l j\u00f6tt a sz\u00fcnet, mert \u00edgy id\u0151t kaptam arra, hogy \u00f6nvizsg\u00e1latot tartsak. Zen\u00e9t is \u00edrtam \u00e9s egy p\u00e1r \u00e9neket fel is vettem, de a hangs\u00faly ink\u00e1bb saj\u00e1t magam megismer\u00e9s\u00e9n \u00e9s gy\u00f3gy\u00edt\u00e1s\u00e1n volt. A cigiz\u00e9st felv\u00e1ltottam szalad\u00e1ssal, az alkoholt pedig medit\u00e1ci\u00f3val. A szalad\u00e1s egy \u00faj hobbym lett \u00e9s mind t\u00f6bbet \u00e9s t\u00f6bbet szaladtam, el\u0151bb a h\u00e1z k\u00f6rny\u00e9k\u00e9n, azt\u00e1n a Cenkre, a Poj\u00e1n\u00e1ba \u00e9s v\u00e9g\u00fcl egy p\u00e1r versenyre is beiratkoztam. A szalad\u00e1sban megtal\u00e1ltam \u00f6nbizalmam, \u00f6nkontrollom, akt\u00edv medit\u00e1ci\u00f3nak nevezn\u00e9m. Ez mellett Attil\u00e1val el\u00e9g gyakran ment\u00fcnk kuty\u00e1kat s\u00e9t\u00e1ltatni \u00e9s sportolgatni. Ezeken a tal\u00e1lkoz\u00e1sokon sokat filozof\u00e1ltunk a tapasztalataink \u00e9s \u00e9leteink \u00e9rtelm\u00e9r\u0151l \u00e9s c\u00e9lj\u00e1r\u00f3l. Ez is egy nagyon j\u00f3 folyamat volt, amib\u0151l sokat tanultam. M\u00e1sf\u00e9l h\u00f3nap otthon \u00fcl\u00e9s ut\u00e1n eld\u00f6nt\u00f6ttem, hogy k\u00e9ne valamit mozgassak. El\u00e9g igazs\u00e1gtalannak tartottam, hogy sok \u00f6reg, meg beteg ember nem j\u00e1rhat ki a h\u00e1zb\u00f3l \u00e9s nehezen jut \u00e9telhez, mik\u00f6zben \u00e9n k\u00f6sz\u00f6n\u00f6m sz\u00e9pen, j\u00f3l megvagyok a meleg otthonomban a j\u00f3 finom \u00e9tel mellett. \u00dagy d\u00f6nt\u00f6ttem be\u00e1llok egy egyes\u00fcletbe mely \u00f6regek \u00e9s beteg embereknek beszerez \u00e9s kisz\u00e1ll\u00edt \u00e9telt. Az egyes\u00fclet neve Arc Social \u00e9s egy fantasztikus kis csapat, mely \u00f3ri\u00e1si szeretettel seg\u00edt a k\u00f6z\u00f6ss\u00e9gen. \u00c9n k\u00e9tszer egy h\u00e9ten mentem \u00e9telt vinni egy csapatt\u00e1rssal. Ez a tapasztalat kinyitotta a szememet ara, hogy mennyi ember van elveszve sors\u00e1ban. Sok szeg\u00e9ny, rem\u00e9ny\u00e9t vesztett emberrel, sok elfelejtett \u00f6reggel \u00e9s m\u00e9g t\u00f6bb nagyon okos, de szeg\u00e9nys\u00e9gben nevelked\u0151 gyermekkel ismerkedtem meg. Sok ember csak a seg\u00edts\u00e9get v\u00e1rja, m\u00e1sok t\u00fal betegek, hogy seg\u00edthessenek magukon. Kicsit ki\u00e1br\u00e1ndultam, de azt\u00e1n a t\u00e1rsak seg\u00edts\u00e9g\u00e9vel r\u00e1j\u00f6ttem, hogy mi ha megtesz\u00fcnk mindent, ami t\u0151l\u00fcnk f\u00fcgg, akkor m\u00e1ris nagyot seg\u00edt\u00fcnk ezeken az embereken, hogy \u00e9szrevegy\u00e9k, hogy saj\u00e1t magukon is seg\u00edthetnek (egyesek). Az Unveiled felk\u00e9rt, hogy egyet koncertezzek a Facebook oldalamon. A koncertet a lomt\u00e1ramban tartottam f\u00fcrd\u0151k\u00f6penyben. Ezt az\u00e9rt, mert otthon szeretek laz\u00e1n \u00fclni \u00e9s val\u00f3sz\u00edn\u0171 a k\u00f6z\u00f6ns\u00e9g is laz\u00e1n volt otthon.<br>Ny\u00e1ron picit fellazult a karant\u00e9n, \u00edgy mentem sokat kir\u00e1ndulni \u00e9s a haverokkal voltunk ism\u00e9t Giurcu\u021ban \u00e9s M\u0103guran kiruccanni. Ezen k\u00edv\u00fcl m\u00e9g t\u00f6bbet szaladtam \u00e9s a Zernyesti \u00e9s Torock\u00f3i f\u00e9lmaratonokon is r\u00e9szt vettem. A versenyeket be is fejeztem. A ny\u00e1r folyam\u00e1n m\u00e9g egy p\u00e1r koncertet is siker\u00fclt tartani. A #singurcuc projekttel voltam, mert csak kisebb rendezv\u00e9nyeket engedtek teraszokon. \u00cdgy zen\u00e9ltem egyed\u00fcl a Rockstadtban \u00e9s \u00c1kossal (cajon) a Visssualban. Azon k\u00edv\u00fcl a TAM TAM fesztiv\u00e1lon is fell\u00e9ptem. T\u00f6bb vend\u00e9gl\u0151 terasz\u00e1n zen\u00e9ltem instrument\u00e1lis git\u00e1r zen\u00e9t. J\u00f3 nyugis hangulat volt. A tapasztalat nagyon \u00e9rdekes volt, hisz, r\u00e9g nem zen\u00e9ltem \u00edgy. Tal\u00e1n a leg \u00e9rdekesebb r\u00e9sze az eg\u00e9sznek az volt, hogy mik\u00f6zben zen\u00e9ltem a teraszokn\u00e1l figyelhettem az embereket, akik \u00fcltek \u00e9s szocializ\u00e1ltak, akik \u00f6rvendtek a szabadidej\u00fcknek, de ugyanakkor a j\u00e1r\u00f3kel\u0151ket is akik vagy valahova siettek, vagy egym\u00e1sba \u00f6lelkezve lassan s\u00e9t\u00e1lva \u00e9lvezt\u00e9k a melegen s\u00fct\u0151 napot. Mintha az id\u0151 meg \u00e1llt volna \u00e9s az \u00e9n git\u00e1roz\u00e1som egy h\u00e1tt\u00e9r zene lett volna minden egyes jelenlev\u0151 \u00e9let\u00e9nek filmj\u00e9ben. A Z\u0103 Band-el ism\u00e9t j\u00e1rtunk pr\u00f3b\u00e1ra, dolgoztunk \u00faj \u00f6tleteken. Nem adtuk fel. Ny\u00e1ron sok \u00faj emberrel ismerkedtem meg \u00e9s t\u00f6bb r\u00e9gi haverommal is \u00fajra felvettem a kapcsolatot. \u00cdgy el\u00e9g sokat kir\u00e1ndultam \u00e9s szocializ\u00e1ltam. Sokat voltam Plaiul Foii-n, Zernyesten, voltam a Bucegi hegys\u00e9gben is \u00e9s a Fogarasiban is t\u00far\u00e1ztunk egy nagyot, nyugodni pedig a Visssual terasz\u00e1ra mentem ahol sok emberrel cseveghettem, \u00e9s besz\u00e9lhettem mindenf\u00e9le t\u00e9m\u00e1kr\u00f3l. \u00c9n m\u00e9g egy p\u00e1r zen\u00e9l\u00e9st felv\u00e1llaltam. \u00c1kossal mentem, nyugis, akusztikus teraszos zen\u00e9l\u00e9seket v\u00e1llaltunk. A saj\u00e1t sz\u00e1mainkat zen\u00e9lt\u00fck, most m\u00e1r eg\u00e9sz j\u00f3l \u00e9reztem magamat \u00e9s \u00f6r\u00fcltem mindennek, amim van. \u00c9lveztem a pillanatot s \u00edgy a koncertjeim is \u00e9lvezetesebbek lettek. Az Unveiled egyes\u00fclet \u00e1ltal fell\u00e9ptem \u00c1kossal az Aiurea-n Parc Sz\u00f3rakoz\u00f3 helyen (\u00f3ri\u00e1s tengerparti terasz ut\u00e1nzat) \u00e9s v\u00e9g\u00fcl a Mediterra vend\u00e9gl\u0151ben is volt egy fell\u00e9p\u00e9s\u00fcnk. <br>Ugyancsak \u0151sszel m\u00e9g egyszer elmentem a haverokkal egy vak\u00e1ci\u00f3ra Giurcu\u021ba-ra. A ny\u00e1r folyam\u00e1n a Koolab St\u00fadi\u00f3val is folytattam a besz\u00e9lget\u00e9seket. A karant\u00e9n ideje alatt sz\u00fcnetel\u0151 cd projektet \u00fajra ind\u00edtottuk \u00e9s most m\u00e1r lassan de biztosan ment\u00fcnk egy v\u00e9gs\u0151 forma fele. Pamela \u00faton volt. 2020-ban m\u00e9g voltam a Tusn\u00e1di Gastro Blues Fest-en n\u00e9z\u0151k\u00e9nt, de siker\u00fclt az esti jam-re felmenjek a sz\u00ednpadra \u00e9s egyet jam sessionozzak a fell\u00e9p\u0151kkel. A szervez\u0151 meg is h\u00edvott a 2021-es esem\u00e9nyre. A fesztiv\u00e1lon megismertem egy p\u00e1r j\u00f3 zen\u00e9szt, akik k\u00f6z\u00fcl az egyikkel, Hora\u021biu Sila\u0219i basszusgit\u00e1rossal, egy r\u00f6vid vide\u00f3 gyan\u00e1nt egy\u00fctt is m\u0171k\u00f6dt\u00fcnk. A Visssual terasz\u00e1n a Fine Sounds ism\u00e9t jam session-t szervezett. Ez alkalommal is t\u00f6bb zen\u00e9sz gy\u0171lt \u00f6ssze \u00e9s eg\u00e9sz j\u00f3 hangulatot teremtett\u00fcnk az improviz\u00e1l\u00e1sunkkal. Itt Mihai Marin szintist ismertem meg aki ugyancsak a r\u00f6vid vide\u00f3s projektben szerepelt. Ugyancsak 2020-ban kiadtam az Instagram oldalamra egy p\u00e1r 1 perces jam vide\u00f3t. A projekt c\u00e9lja az, hogy egy zen\u00e9sz otthon felvesz egy 1 perces \u00f6tletet, azt\u00e1n tov\u00e1bb k\u00fcldi egy m\u00e1sik zen\u00e9sznek aki a saj\u00e1t \u00f6tleteivel b\u0151v\u00edti \u00e9s azt\u00e1n ism\u00e9t tov\u00e1bb k\u00fcldi \u00e9s \u00edgy tov\u00e1bb. Ennek az lett az eredm\u00e9nye, hogy siker\u00fclt t\u00f6bb st\u00edlust \u00f6sszekeverni. \u00cdgy a funk a rap, a hip-hop, a rock a jazz \u00e9s az elektronikus zene mind tal\u00e1lkozott ezekben a r\u00f6vid impr\u00f3kban. De nem csak a zene st\u00edlusok, hanem k\u00fcl\u00f6nb\u00f6z\u0151 zen\u00e9ket zen\u00e9l\u0151 zen\u00e9szek is egy percig egy sz\u00e1mba ker\u00fcltek. \u00cdgy S\u00fct\u0151 \u00c1kos \u00e9s Vlad Isac dobol\u00e1sa \u00e9s j\u00f3magam git\u00e1roz\u00e1sa, basszusgit\u00e1roz\u00e1sa \u00e9s szintetiz\u00e1toroz\u00e1sa mell\u00e9 ker\u00fclt Shelu rappel\u00e9se, Bartie dallamos hangja, Barab\u00e1s Tam\u00e1s \u00e9s Hora\u021biu Sila\u0219i basszusgit\u00e1roz\u00e1sa, valamint Mihai Nedea \u00e9s Mihai Marin szintiz\u00e9se. Florin Mu\u0219at hangm\u00e9rn\u00f6k bar\u00e1tom seg\u00edtett a vide\u00f3k v\u00e1g\u00e1s\u00e1val. Csak 6 ilyen vide\u00f3t siker\u00fclt kiadni. A hosszadalmas procedura v\u00e9get \u00e1lltunk meg, de rem\u00e9lem ezt a projektet hamarosan \u00fajra kezdhetj\u00fck. \u00c9v v\u00e9ge fele pedig egy r\u00e9gebb elind\u00edtott, de megszak\u00edtott projekten kezdt\u00fcnk ism\u00e9t dolgozni. Ez a zenei utaz\u00e1s arr\u00f3l sz\u00f3lt, hogy K\u00f3nya (drum and bass dj) \u00e1ltal rakott zen\u00e9re improviz\u00e1lok git\u00e1rral. Egy p\u00e1r \u00e9l\u0151 ad\u00e1st is tartottunk a Facebook-n \u00e9s ezek sikeresek voltak. A k\u00f6z\u00f6ns\u00e9g \u00f6r\u00f6mmel fogadta az \u00faj zenei komb\u00f3t. Sajnos \u00e9l\u0151ben csak z\u00e1rt k\u00f6rben l\u00e9phett\u00fcnk fel, de v\u00e1rjuk, hogy hamarosan lehessen bulikat szervezni ahol a k\u00f6z\u00f6ns\u00e9get megt\u00e1ncoltathassuk. 2021-ben sok minden elindult. Els\u0151k\u00e9nt a Pamela cd megjelen\u00e9s\u00e9re ker\u00fclt sor. A sok halasztgat\u00e1s \u00e9s munk\u00e1lkod\u00e1s ut\u00e1n v\u00e9gre meg lett az els\u0151 cd. Mell\u00e9je a 2014-ben felvett \u00e9s vide\u00f3ban kiadott F.A.N. anyagot is kiadtam cd-n F.A.N. Sessions n\u00e9v alatt. A cd-k mell\u00e9 posztereket \u00e9s matric\u00e1kat is k\u00e9sz\u00edtett\u00fcnk. A Pamela cd v\u00e9gs\u0151 form\u00e1j\u00e1nak l\u00e9trehoz\u00e1s\u00e1ban a Koolab Design Studio mellett a Fine Sounds tagjai, Mihnea \u00e9s Ana is seg\u00edtettek, akikkel egy p\u00e1r est\u00e9t elt\u00f6lt\u00f6tt\u00fcnk a bor\u00edt\u00f3k hajtogat\u00e1s\u00e1val \u00e9s ragasztgat\u00e1s\u00e1val. A cd-k meg\u00edr\u00e1s\u00e1t \u00e9s nyomtat\u00e1s\u00e1t Cristi-nek k\u00f6sz\u00f6n\u00f6m, aki \u00fagy d\u00f6nt\u00f6tt ink\u00e1bb titokban marad az identit\u00e1sa. Ez is egy \u00e9rdekes \u00e9s tanuls\u00e1gos folyamat volt. Az \u00e9v eleje m\u00e9g hozott mag\u00e1val egy \u00e9rdekes \u00f6tletet. Az egyik ismer\u0151s\u00f6m l\u00e1tta a K\u00f3ny\u00e1val el\u0151adott drum and bass Facebook live-t a pr\u00f3bateremb\u0151l \u00e9s felaj\u00e1nlotta, hogy a vend\u00e9gl\u0151\/bicikli jav\u00edt\u00f3 m\u0171hely\u00e9ben is tartsunk egy Facebook live-ot. A helyet Fixelli-nek h\u00edvj\u00e1k \u00e9s k\u00e9t r\u00e9szre van osztva. Az egyik r\u00e9sze bicikli javit\u00f3 m\u0171hely \u00e9s a m\u00e1sik fele a Simone nev\u0171 vend\u00e9gl\u0151. A live a Fixelli Facebook oldal\u00e1r\u00f3l ment \u00e9s a n\u00e9z\u0151k reakci\u00f3ja pozit\u00edv volt. Adriannak, a tulajdonosnak j\u00f6tt egy \u00f6tlete, hogy minden h\u00e9ten tartsunk ilyen on-line koncerteket a vend\u00e9gl\u0151j\u00e9ben. Egy ideig seg\u00edtettem a rendezv\u00e9nyek szervez\u00e9s\u00e9ben. K\u00fcl\u00f6nb\u00f6z\u0151 helyi egy\u00fctteseket \u00e9s dj-et szerveztem be, \u00edgy egy j\u00f3 p\u00e1r koncertet siker\u00fclt megtartani. V\u00e9g\u00fcl fell\u00e9ptem \u00e9n is az egy\u00fcttesemmel. Ez egy nagyon felfriss\u00edt\u0151 tapasztalat volt, hisz r\u00e9g nem koncerteztem teljes egy\u00fcttessel. \u00c1kos \u00e9s Ciprian mell\u00e9 beiktattam Mihai Nedea szintist is, aki mondhatom, hogy a puzzle hi\u00e1nyz\u00f3 darabja volt. Egy p\u00e1r pr\u00f3ba ut\u00e1n k\u00e9szen \u00e1lltunk \u00e9s megtartottuk a bulit. Att\u00f3l eltekintve, hogy a teremben egy p\u00e1r embert \u00e9s k\u00e9t kamer\u00e1t kiv\u00e9ve nem volt n\u00e9z\u0151, az interneten az emberek \u00f6sszegy\u0171ltek \u00e9s a visszajelz\u00e9sek alapj\u00e1n eg\u00e9sz j\u00f3l sz\u00f3rakoztak. Mi is egy j\u00f3t bulizunk, bele\u00e9lt\u00fck magunkat \u00e9s j\u00f3l esett, hogy v\u00e9gre zen\u00e9lhet\u00fcnk egyet. R\u00e9v\u00e9n, hogy sok mindennel foglalkoztam \u00e9s \u00fagy \u00e9reztem, hogy nem tudok kell\u0151 k\u00e9pen foglalkozni ezekkel a rendezv\u00e9nyekkel, kil\u00e9ptem a szervezked\u00e9sb\u0151l. A tulajdonos is \u00fagy d\u00f6nt\u00f6tt, hogy egy ideig a koncerteket sz\u00fcnetelteti.<br><br><strong>(B.M.)<\/strong>:<em> Zen\u00e9szi tapasztalatodat t\u00f6bb szinten pr\u00f3b\u00e1ltad hasznos\u00edtani. Valamikor a Szabad Eur\u00f3pa R\u00e1di\u00f3 Cseke L\u00e1szl\u00f3 \u00e9s Cornel Chiriac m\u0171sorain kereszt\u00fcl gener\u00e1ci\u00f3k kaptak zenei nevel\u00e9st. Gondolt\u00e1l-e egy ilyen lehet\u0151s\u00e9gre?<\/em><br><br><strong>(W.R,):<\/strong> K\u00f6zben k\u00e9t \u00e1lmom teljesedett. Az egyik \u00e1lmom az volt, hogy legyen egy r\u00e1di\u00f3s m\u0171sorom. Ez az \u00e1lmom akkor teljesedett, mikor K\u00f6k\u00f6si Attila felh\u00edvott, hogy Brass\u00f3ban indul egy r\u00e1di\u00f3 \u00e9s keresnek \u00f6nk\u00e9nteseket, akik v\u00e1llaln\u00e1nak m\u0171sorvezet\u00e9st. \u00cdgy j\u00f6tt l\u00e9tre a minden h\u00e9tf\u0151 este h\u00e9t \u00f3r\u00e1t\u00f3l tartott Emberek c\u00edm alatt fut\u00f3 m\u0171sor. A r\u00e1di\u00f3 neve Korona R\u00e1di\u00f3, a Barcas\u00e1g Hangja. M\u0171soromba pedig olyan embereket h\u00edvok, akik az \u00e1ltaluk szerzett \u00e9lettapasztalatokr\u00f3l besz\u00e9lgetnek. A zene is a megh\u00edvott kedvencei k\u00f6z\u00fcl van v\u00e1logatva. A m\u00e1sodik \u00e1lmom az volt, hogy foci meccseket bemondhassak. A SR Bra\u0219ov csapat minden hazai meccs\u00e9t a csapat Facebook oldal\u00e1n k\u00f6zvet\u00edtik. Felkerestem \u00e9s besz\u00e9ltem az evvel felel\u0151s emberekkel \u00e9s \u00edgy id\u0151nk\u00e9nt mehetek a f\u0151 bemond\u00f3nak beseg\u00edteni. Eddig ennyi gy\u0171lt \u00f6ssze.<br><br><strong>(B.M.):<\/strong> <em>Egy profi zen\u00e9sznek milyen zene tetszik, \u00e9s hogyan t\u00f6lti a szabadidej\u00e9t? Zen\u00e9n k\u00edv\u00fcl mivel foglalkozik, ak\u00e1r hobby szinten?<\/em><br><br><strong>(W.R.):<\/strong> A szabadid\u0151s aktivit\u00e1saim k\u00f6z\u00f6tt sok minden van. Egyik f\u0151 ilyen aktivit\u00e1som a koncertre j\u00e1r\u00e1s. Ez mindig felszabad\u00edt \u00e9s mindig egy inspir\u00e1l\u00f3 tapasztalat. Szeretem a rock \u00e9s met\u00e1l koncerteket, a jazz \u00e9s blues zene is k\u00f6zel \u00e1ll hozz\u00e1m, de az elektronikus zen\u00e9vel is j\u00f3 bar\u00e1t vagyok. A klasszikus \u00e9s n\u00e9pzen\u00e9t is szeretem hallgatni,\u00e9s megtapasztalni, de ugyanakkor id\u0151nk\u00e9nt egy modern zen\u00e9s buli is elmegy. A hip-hop \u00e9s rap zen\u00e9ket is kedvelem. Igaz\u00e1b\u00f3l, sz\u00e1momra a j\u00f3 zene az a zene mely sz\u00edvvel \u00e9s l\u00e9lekkel van \u00edrva \u00e9s j\u00e1tsz\u00f3dva. Lehet az ak\u00e1rmilyen st\u00edlus, a l\u00e9nyeg, hogy legyen \u00e9let benne, \u0151szinte \u00e9let. Egy m\u00e1s szabadid\u0151s aktivit\u00e1som a j\u00e9gkorongoz\u00e1s. A Kronstadt Pub Boys amat\u0151r hoki csapat tagja vagyok m\u00e1r egy p\u00e1r \u00e9ve. T\u00f6bb turn\u00e9n is voltam vel\u00fck, Bukarestben, Udvarhelyen \u00e9s Szentgy\u00f6rgy\u00f6n is. Focizni is szeretek, \u00e9s n\u00e9zni is szeretem a focit. Egy id\u0151ben focist\u00e1s matric\u00e1kat is gy\u0171jt\u00f6ttem. Ny\u00e1ron g\u00f6rkorcsoly\u00e1zni \u00e9s kir\u00e1ndulni szoktam. Ezen k\u00edv\u00fcl, egy \u00e9ve k\u00f6r\u00fclbel\u00fcl szaladok is. 2020-ban 3 versenyen is voltam. Szaladtam Zernyesten \u00e9s Torock\u00f3n hegyi f\u00e9lmaratont. Szeretem a dolgokat megfigyelni \u00e9s szeretem \u00e9rezni az \u00e9letet mindenben ami k\u00f6r\u00fcl\u00f6ttem t\u00f6rt\u00e9nik, ez\u00e9rt lettem m\u0171v\u00e9sz. Tal\u00e1n a legfontosabb szabadid\u0151s aktivit\u00e1som a git\u00e1roz\u00e1s \u00e9s kompon\u00e1l\u00e1s, hisz \u00edgy hozom l\u00e9tre a zen\u00e9t, \u00edgy fejezem ki az \u00e9rzelmeket \u00e9s \u00edgy tan\u00edthatom magam \u00e9s a hallgat\u00f3imat. Ezen k\u00edv\u00fcl szeretek hangosan \u00e9nekelni \u00e9s haverjaimmal sz\u00f3rakozni. A fentiekben ink\u00e1bb a zenei vil\u00e1gomat t\u00e1rtam fel. P\u00e1rhuzamosan ezzel a vil\u00e1ggal \u00f6t \u00e9vig egy m\u00e1s vil\u00e1gban is \u00e9ltem. Persze, hogy ez mind a fejemben volt, de a k\u00fcl\u00f6nbs\u00e9get megtettem a k\u00e9t vil\u00e1g k\u00f6z\u00f6tt. 2009 \u00e9s 2014 k\u00f6z\u00f6tt a Transilvania egyetem nyelv\u00e9szeti kar\u00e1nak hallgat\u00f3ja voltam. 2009 \u00e9s 2012 k\u00f6z\u00f6tt az Amerikai Tanulm\u00e1nyok szakon tanultam, a mesterit pedig 2012 \u00e9s 2014 k\u00f6z\u00f6tt a Kultur\u00e1lis Kommunik\u00e1ci\u00f3 \u00e9s Angol Nyelv\u00e9szet szakon v\u00e9geztem. Az\u00e9rt nevezem ezt egy p\u00e1rhuzamos vil\u00e1gnak, mert nagyon kev\u00e9s k\u00f6ze volt a zen\u00e9hez, ink\u00e1bb a szem\u00e9lyis\u00e9gemet \u00e9s kommunik\u00e1ci\u00f3s k\u00e9pess\u00e9gemet fejlesztettem az egyetem seg\u00edts\u00e9g\u00e9vel. Sok projektben vettem r\u00e9szt \u00e9s nagyon sokat tanultam a kult\u00far\u00e1r\u00f3l, mint fogalom, mint fontoss\u00e1g. Ugyanakkor az angol nyelv sok titk\u00e1t is elsaj\u00e1t\u00edtottam. H\u00e1rom sikerem volt az egyetemi \u00e9vek sor\u00e1n. Az els\u0151 2010 m\u00e1jus\u00e1ban volt, amikor siker\u00fclt els\u0151 helyet nyerjek az egyetem keret\u00e9n bel\u00fcl megszervezett tudom\u00e1nyos di\u00e1kk\u00f6ri konferenci\u00e1n. A dolgozatom t\u00e9m\u00e1ja a Blackfoot indi\u00e1nok \u00e9lete volt. 2011 \u00e1prilis\u00e1ban a Brass\u00f3i Henri Coand\u0103 L\u00e9gier\u0151 Akad\u00e9mia \u00e1ltal megszervezett di\u00e1k konferenci\u00e1n (AFASTUD) a 3. helyet nyertem. A dolgozatom a helikopterek h\u00e1bor\u00faban val\u00f3 szerep\u00e9r\u0151l sz\u00f3lt. Az el\u0151ad\u00e1s nagyon \u00e9rdekes volt, mert sok k\u00fclf\u00f6ldi r\u00e9sztvev\u0151 is volt. A r\u00e9sztvev\u0151k nagy r\u00e9sze hadi akad\u00e9mi\u00e1kr\u00f3l j\u00f6tt. Sz\u00e1momra ez egy nagyon \u00e9rdekes tapasztalat volt. 2012-ben ism\u00e9t r\u00e9szt vettem a L\u00e9gier\u0151 Akad\u00e9mia konferenci\u00e1j\u00e1n. Ezzel az alkalommal megh\u00edvtam volt oszt\u00e1lyt\u00e1rsamat, Tam\u00e1si Zolt\u00e1nt, hogy seg\u00edtsen a dolgozat gyakorlati r\u00e9sz\u00e9nek elk\u00e9sz\u00edt\u00e9s\u00e9ben. Zoli az informatika egyetem hallgat\u00f3ja volt. Dolgozatunk a szuper neh\u00e9z tankok haszn\u00e1lhat\u00f3s\u00e1g\u00e1r\u00f3l sz\u00f3lt. Harmadik helyet nyert\u00fcnk, ami ism\u00e9t nagy sikernek sz\u00e1m\u00edtott. A d\u00edjjak kioszt\u00e1sa ut\u00e1n mentem koncertezni C\u00e2mpulung Muscelre. A dolgozatokat Dr. Oana P\u00eernu\u021b\u0103 tan\u00e1rn\u0151 fel\u00fcgyelet\u00e9vel \u00e9s seg\u00edts\u00e9g\u00e9vel \u00edrtuk. Az \u00e1llamvizsga dolgozatomat is P\u00eernu\u021b\u0103 tan\u00e1rn\u0151 fel\u00fcgyelte. Ez George Gershwin zen\u00e9j\u00e9nek az amerikai kult\u00far\u00e1ra val\u00f3 hat\u00e1s\u00e1r\u00f3l sz\u00f3lt. \u00cdgy siker\u00fclt \u00f6sszek\u00f6tn\u00f6m a zen\u00e9t a kultur\u00e1lis tanulm\u00e1nyokkal \u00e9s az egyetemen tanultakkal. A mesterire nem tudtam m\u00e1r annyira koncentr\u00e1lni a sok munka miatt. Az igazs\u00e1g az, hogy nem \u00e9reztem k\u00f6zel magamat a tant\u00e1rgyakhoz. Sok ford\u00edt\u00e1st \u00e9s kutat\u00e1st tanultunk. Nekem ezek a tant\u00e1rgyak nem j\u00f6ttek annyira be, de ett\u0151l f\u00fcggetlen\u00fcl j\u00f3 eredm\u00e9nyekkel siker\u00fclt v\u00e9geznem. A disszert\u00e1ci\u00f3mat Dr. Andreea Nechifor fel\u00fcgyelte. A dolgozat a Sz\u00e9kelyek Nagy Menetel\u00e9s\u00e9nek a sajt\u00f3ban val\u00f3 megjelen\u00edt\u00e9s\u00e9r\u0151l sz\u00f3lt, azaz, hogyan t\u00fckr\u00f6zt\u00e9k a k\u00fcl\u00f6nb\u00f6z\u0151 sajt\u00f3 \u00e9s m\u00e9dia entit\u00e1sok ezt az esem\u00e9nyt. A statisztik\u00e1k alapj\u00e1t a k\u00fcl\u00f6nb\u00f6z\u0151 lingvisztikai von\u00e1sok elemz\u00e9se jelentette. A gyakorlati r\u00e9szben nagy seg\u00edts\u00e9ggel volt Michael Sturdza csoportt\u00e1rsam is. Az egyetemi \u00e9veim sor\u00e1n volt alkalmam Dr. Gabriela Cusen tan\u00e1rn\u0151 \u00e1ltal magyar nyelvet is tan\u00edtani p\u00e1r h\u00f3napig. Ezt az egyetem keret\u00e9n bel\u00fcl m\u0171k\u00f6d\u0151 modern nyelvtanul\u00e1si int\u00e9zm\u00e9ny keret\u00e9n bel\u00fcl tettem. \u00c9rdekes tapasztalat volt. Nagy r\u00e9sze a di\u00e1koknak vegyes h\u00e1zass\u00e1gban \u00e9l\u0151 emberek voltak, akik p\u00e1rjuk nyelv\u00e9t el akart\u00e1k saj\u00e1t\u00edtani. Neh\u00e9z, de sz\u00f3rakoztat\u00f3 tapasztalat volt, \u00edgy sok mindent tanultam a tan\u00edt\u00e1sr\u00f3l.<br><br><strong>(B.M.):<\/strong> <em>Mit \u00fczensz els\u0151 sorban a brass\u00f3i, de t\u00e1gabb \u00e9rtelemben az erd\u00e9lyi fiataloknak, zenekedvel\u0151knek?<\/em><br><br><strong>(W.R.):<\/strong> A zene a rezg\u00e9sek harm\u00f3ni\u00e1j\u00e1r\u00f3l sz\u00f3l. Ugyanolyan kulcsfontoss\u00e1g\u00fa int az \u00e9tel, vagy a leveg\u0151. Zene n\u00e9lk\u00fcl az ember elm\u00e9je els\u00f6t\u00e9t\u00fcl, a lelke pedig elb\u00fajik. Azt \u00fczennem, hogy ne csak hallgass\u00e1k \u00e9s t\u00e1ncoljanak a zen\u00e9re, hanem figyeljenek a mondanival\u00f3ra is \u00e9s pr\u00f3b\u00e1lj\u00e1k nem \u00e9rtelmezni, hanem ink\u00e1bb \u00e1t\u00e9rezni ezt. Azoknak, akik zen\u00e9lnek, pedig azt \u00fczenem, hogy tal\u00e1lj\u00e1k meg saj\u00e1t kifejez\u00e9sm\u00f3djukat es m\u0171velj\u00e9k a zen\u00e9t min\u00e9l magasabb szinteken, mert l\u00e9lekform\u00e1l\u00f3 ereje, \u00e9s hat\u00e1sa van.<\/p>\r\n","protected":false},"excerpt":{"rendered":"<p>Watzatka R\u00f3bert, volt di\u00e1k, egyetemista, egy\u00fcttes alap\u00edt\u00f3, egy\u00fcttesek git\u00e1rosa, az \u00c1prily Lajos F\u0151gimn\u00e1zium zenetan\u00e1ra, a brass\u00f3i egyetemen magyar nyelvet tan\u00edtott, r\u00e1di\u00f3s, jelenleg szabadfoglalkoz\u00e1s\u00fa git\u00e1rm\u0171v\u00e9sz \u00e9s oktat\u00f3. Vele besz\u00e9lgettem el a 11. Brass\u00f3i Magyar Napok alkalm\u00e1val. Bencze Mih\u00e1ly: Hol \u00e9s mikor sz\u00fclett\u00e9l, mes\u00e9lj csal\u00e1dodr\u00f3l, hogyan \u00e9s mikor ker\u00fclt\u00e9l kapcsolatba a zen\u00e9vel? Watzatka R\u00f3bert: 1990. febru\u00e1r 11-\u00e9n [&hellip;]<\/p>\n","protected":false},"author":3,"featured_media":0,"comment_status":"open","ping_status":"open","sticky":false,"template":"","format":"standard","meta":{"_monsterinsights_skip_tracking":false,"_monsterinsights_sitenote_active":false,"_monsterinsights_sitenote_note":"","_monsterinsights_sitenote_category":0,"ngg_post_thumbnail":0,"footnotes":""},"categories":[5,122],"tags":[],"class_list":["post-102456","post","type-post","status-publish","format-standard","hentry","category-foto","category-interju"],"_links":{"self":[{"href":"https:\/\/ujkafe.website\/index.php?rest_route=\/wp\/v2\/posts\/102456","targetHints":{"allow":["GET"]}}],"collection":[{"href":"https:\/\/ujkafe.website\/index.php?rest_route=\/wp\/v2\/posts"}],"about":[{"href":"https:\/\/ujkafe.website\/index.php?rest_route=\/wp\/v2\/types\/post"}],"author":[{"embeddable":true,"href":"https:\/\/ujkafe.website\/index.php?rest_route=\/wp\/v2\/users\/3"}],"replies":[{"embeddable":true,"href":"https:\/\/ujkafe.website\/index.php?rest_route=%2Fwp%2Fv2%2Fcomments&post=102456"}],"version-history":[{"count":0,"href":"https:\/\/ujkafe.website\/index.php?rest_route=\/wp\/v2\/posts\/102456\/revisions"}],"wp:attachment":[{"href":"https:\/\/ujkafe.website\/index.php?rest_route=%2Fwp%2Fv2%2Fmedia&parent=102456"}],"wp:term":[{"taxonomy":"category","embeddable":true,"href":"https:\/\/ujkafe.website\/index.php?rest_route=%2Fwp%2Fv2%2Fcategories&post=102456"},{"taxonomy":"post_tag","embeddable":true,"href":"https:\/\/ujkafe.website\/index.php?rest_route=%2Fwp%2Fv2%2Ftags&post=102456"}],"curies":[{"name":"wp","href":"https:\/\/api.w.org\/{rel}","templated":true}]}}