
{"id":102474,"date":"2022-08-16T02:52:03","date_gmt":"2022-08-16T02:52:03","guid":{"rendered":"https:\/\/ujkafe.website\/?p=102474"},"modified":"2022-08-15T19:20:08","modified_gmt":"2022-08-15T19:20:08","slug":"gergely-tamas-madar-szall","status":"publish","type":"post","link":"https:\/\/ujkafe.website\/?p=102474","title":{"rendered":"Gergely Tam\u00e1s: Mad\u00e1r sz\u00e1ll"},"content":{"rendered":"\r\n<p>K\u00f6lt\u0151i volt a Koma aznap. S\u0151t: k\u00f6lt\u0151, Vadmalac ezt \u00e1llap\u00edtotta meg.<br>Amikor ugyanis azt ecsetelte, hogy mi\u00e9rt \u00e1llt be a t\u00fcntet\u0151k k\u00f6z\u00e9, b\u00e1r eredetileg s\u00e9t\u00e1lni indult, \u00edgy fogalmazott:<br>\u2013 \u00dagy \u00e9reztem, hogy egy mad\u00e1r akar kisz\u00e1llni, amelyik addig a mellkasomba volt bez\u00e1rva.<br>\u2013 Milyen mad\u00e1r? \u2013 k\u00e9rdezte Vadmalac. \u2013 Bar\u00e1zdabilleget\u0151? Rig\u00f3?<br>\u00c9rtette a Koma a k\u00e9rd\u00e9st, \u00e1m \u0151 akkor t\u00f6bb szinttel a Vadmalac \u00e9rdekl\u0151d\u00e9se f\u00f6l\u00f6tt \u00e1llt. Ezt v\u00e1laszolta:<br>\u2013 Szabads\u00e1gmad\u00e1r.<br>\u2013 \u00c9s\u2026?<br>\u2013 \u00c9s amikor a k\u00e9t karom az \u00e9gnek emeltem, kisz\u00e1llt bel\u0151lem. Fel, fel, fel az \u00e9gbe tal\u00e1n.<br>Vadmalac ezt olyan sz\u00e9pnek tal\u00e1lta, hogy m\u00e9g a l\u00e9legzete is el\u00e1llt. Bep\u00e1r\u00e1sodott a szem\u00fcvege, de nem akarta a pat\u00e1j\u00e1val let\u00f6r\u00f6lni.<br><br><em>Forr\u00e1s: Lenolaj.hu<\/em><\/p>\r\n","protected":false},"excerpt":{"rendered":"<p>K\u00f6lt\u0151i volt a Koma aznap. S\u0151t: k\u00f6lt\u0151, Vadmalac ezt \u00e1llap\u00edtotta meg.Amikor ugyanis azt ecsetelte, hogy mi\u00e9rt \u00e1llt be a t\u00fcntet\u0151k k\u00f6z\u00e9, b\u00e1r eredetileg s\u00e9t\u00e1lni indult, \u00edgy fogalmazott:\u2013 \u00dagy \u00e9reztem, hogy egy mad\u00e1r akar kisz\u00e1llni, amelyik addig a mellkasomba volt bez\u00e1rva.\u2013 Milyen mad\u00e1r? \u2013 k\u00e9rdezte Vadmalac. \u2013 Bar\u00e1zdabilleget\u0151? Rig\u00f3?\u00c9rtette a Koma a k\u00e9rd\u00e9st, \u00e1m \u0151 akkor [&hellip;]<\/p>\n","protected":false},"author":3,"featured_media":0,"comment_status":"open","ping_status":"open","sticky":false,"template":"","format":"standard","meta":{"_monsterinsights_skip_tracking":false,"_monsterinsights_sitenote_active":false,"_monsterinsights_sitenote_note":"","_monsterinsights_sitenote_category":0,"ngg_post_thumbnail":0,"footnotes":""},"categories":[20],"tags":[],"class_list":["post-102474","post","type-post","status-publish","format-standard","hentry","category-egyperces"],"_links":{"self":[{"href":"https:\/\/ujkafe.website\/index.php?rest_route=\/wp\/v2\/posts\/102474","targetHints":{"allow":["GET"]}}],"collection":[{"href":"https:\/\/ujkafe.website\/index.php?rest_route=\/wp\/v2\/posts"}],"about":[{"href":"https:\/\/ujkafe.website\/index.php?rest_route=\/wp\/v2\/types\/post"}],"author":[{"embeddable":true,"href":"https:\/\/ujkafe.website\/index.php?rest_route=\/wp\/v2\/users\/3"}],"replies":[{"embeddable":true,"href":"https:\/\/ujkafe.website\/index.php?rest_route=%2Fwp%2Fv2%2Fcomments&post=102474"}],"version-history":[{"count":0,"href":"https:\/\/ujkafe.website\/index.php?rest_route=\/wp\/v2\/posts\/102474\/revisions"}],"wp:attachment":[{"href":"https:\/\/ujkafe.website\/index.php?rest_route=%2Fwp%2Fv2%2Fmedia&parent=102474"}],"wp:term":[{"taxonomy":"category","embeddable":true,"href":"https:\/\/ujkafe.website\/index.php?rest_route=%2Fwp%2Fv2%2Fcategories&post=102474"},{"taxonomy":"post_tag","embeddable":true,"href":"https:\/\/ujkafe.website\/index.php?rest_route=%2Fwp%2Fv2%2Ftags&post=102474"}],"curies":[{"name":"wp","href":"https:\/\/api.w.org\/{rel}","templated":true}]}}