
{"id":102716,"date":"2022-09-01T02:54:00","date_gmt":"2022-09-01T02:54:00","guid":{"rendered":"https:\/\/ujkafe.website\/?p=102716"},"modified":"2022-08-31T18:52:41","modified_gmt":"2022-08-31T18:52:41","slug":"borcsa-janos-kepzelt-interju-boer-gezaval","status":"publish","type":"post","link":"https:\/\/ujkafe.website\/?p=102716","title":{"rendered":"Borcsa J\u00e1nos: K\u00e9pzelt interj\u00fa Bo\u00e9r G\u00e9z\u00e1val"},"content":{"rendered":"\r\n<p><em><strong>A k\u00f6lt\u0151 sz\u00fclet\u00e9se 70. \u00e9vfordul\u00f3j\u00e1ra<\/strong><\/em><br><br>Bo\u00e9r G\u00e9za 1952. m\u00e1rcius 13-\u00e1n sz\u00fcletett Torj\u00e1n, \u00e9s K\u00e9zdiv\u00e1s\u00e1rhelyen \u00e9retts\u00e9gizett 1971-ben. A kolozsv\u00e1ri egyetemi \u00e9veket (B\u00f6lcs\u00e9szkar, magyar\u2013francia szak) k\u00f6vet\u0151en, 1975-ben t\u00e9rt vissza az udvarterek v\u00e1ros\u00e1ba, ahol k\u00f6z\u00e9piskolai tan\u00e1rk\u00e9nt dolgozott 1989. janu\u00e1r 23-\u00e1n bek\u00f6vetkezett hal\u00e1l\u00e1ig.<br><br><br>\u00c9let\u00e9ben egyetlen versesk\u00f6tete jelent meg (Hi\u00e1nyok t\u00e9rk\u00e9pe. Bukarest, Kriterion K\u00f6nyvkiad\u00f3, 1980), hal\u00e1la ut\u00e1n f\u00e9l \u00e9vvel, Mark\u00f3 B\u00e9la ut\u00f3szav\u00e1val adt\u00e1k ki a m\u00e1sodikat (l\u00e9tlelet. Bukarest, Kriterion K\u00f6nyvkiad\u00f3, 1989), k\u00e9ziratos hagyat\u00e9k\u00e1b\u00f3l pedig egy v\u00e1logat\u00e1s l\u00e1tott napvil\u00e1got alul\u00edrott kiad\u00e1s\u00e1ban \u00e9s el\u0151szav\u00e1val, Fekete Vince szerkeszt\u00e9s\u00e9ben (sorskeresztrejtv\u00e9ny. K\u00e9zdiv\u00e1s\u00e1rhely, Ambr\u00f3zia Kiad\u00f3, 2002).<!--more--><br><br><em><strong>K\u00e9pzelt interj\u00fank k\u00e9rd\u00e9seire a v\u00e1laszokat a megjelent Bo\u00e9r-k\u00f6tetekben olvashat\u00f3 versekben tal\u00e1ltuk meg<\/strong><\/em>.<br><br><a href=\"https:\/\/www.helikon.ro\/bejegyzesek\/kepzelt-interju-boer-gezaval?fbclid=IwAR10J34-VrUGNmrkUig3yL_HzNY2DSeFzLH_xCsziLhU_zDHTKfVb5JonPk\"><em><strong>Az interj\u00fa teljes sz\u00f6vege a kolozsv\u00e1ri Helikon foly\u00f3iratban<\/strong><\/em><\/a>.<br><br><\/p>\r\n","protected":false},"excerpt":{"rendered":"<p>A k\u00f6lt\u0151 sz\u00fclet\u00e9se 70. \u00e9vfordul\u00f3j\u00e1ra Bo\u00e9r G\u00e9za 1952. m\u00e1rcius 13-\u00e1n sz\u00fcletett Torj\u00e1n, \u00e9s K\u00e9zdiv\u00e1s\u00e1rhelyen \u00e9retts\u00e9gizett 1971-ben. A kolozsv\u00e1ri egyetemi \u00e9veket (B\u00f6lcs\u00e9szkar, magyar\u2013francia szak) k\u00f6vet\u0151en, 1975-ben t\u00e9rt vissza az udvarterek v\u00e1ros\u00e1ba, ahol k\u00f6z\u00e9piskolai tan\u00e1rk\u00e9nt dolgozott 1989. janu\u00e1r 23-\u00e1n bek\u00f6vetkezett hal\u00e1l\u00e1ig. \u00c9let\u00e9ben egyetlen versesk\u00f6tete jelent meg (Hi\u00e1nyok t\u00e9rk\u00e9pe. Bukarest, Kriterion K\u00f6nyvkiad\u00f3, 1980), hal\u00e1la ut\u00e1n f\u00e9l \u00e9vvel, Mark\u00f3 [&hellip;]<\/p>\n","protected":false},"author":3,"featured_media":0,"comment_status":"open","ping_status":"open","sticky":false,"template":"","format":"standard","meta":{"_monsterinsights_skip_tracking":false,"_monsterinsights_sitenote_active":false,"_monsterinsights_sitenote_note":"","_monsterinsights_sitenote_category":0,"ngg_post_thumbnail":0,"footnotes":""},"categories":[16,122],"tags":[],"class_list":["post-102716","post","type-post","status-publish","format-standard","hentry","category-bongeszde","category-interju"],"_links":{"self":[{"href":"https:\/\/ujkafe.website\/index.php?rest_route=\/wp\/v2\/posts\/102716","targetHints":{"allow":["GET"]}}],"collection":[{"href":"https:\/\/ujkafe.website\/index.php?rest_route=\/wp\/v2\/posts"}],"about":[{"href":"https:\/\/ujkafe.website\/index.php?rest_route=\/wp\/v2\/types\/post"}],"author":[{"embeddable":true,"href":"https:\/\/ujkafe.website\/index.php?rest_route=\/wp\/v2\/users\/3"}],"replies":[{"embeddable":true,"href":"https:\/\/ujkafe.website\/index.php?rest_route=%2Fwp%2Fv2%2Fcomments&post=102716"}],"version-history":[{"count":0,"href":"https:\/\/ujkafe.website\/index.php?rest_route=\/wp\/v2\/posts\/102716\/revisions"}],"wp:attachment":[{"href":"https:\/\/ujkafe.website\/index.php?rest_route=%2Fwp%2Fv2%2Fmedia&parent=102716"}],"wp:term":[{"taxonomy":"category","embeddable":true,"href":"https:\/\/ujkafe.website\/index.php?rest_route=%2Fwp%2Fv2%2Fcategories&post=102716"},{"taxonomy":"post_tag","embeddable":true,"href":"https:\/\/ujkafe.website\/index.php?rest_route=%2Fwp%2Fv2%2Ftags&post=102716"}],"curies":[{"name":"wp","href":"https:\/\/api.w.org\/{rel}","templated":true}]}}