
{"id":102724,"date":"2022-09-01T02:57:32","date_gmt":"2022-09-01T02:57:32","guid":{"rendered":"https:\/\/ujkafe.website\/?p=102724"},"modified":"2022-08-31T19:19:25","modified_gmt":"2022-08-31T19:19:25","slug":"boloni-domokos-bongeszoje-577","status":"publish","type":"post","link":"https:\/\/ujkafe.website\/?p=102724","title":{"rendered":"B\u00f6l\u00f6ni Domokos b\u00f6ng\u00e9sz\u0151je"},"content":{"rendered":"\r\n<p><em><strong>Farkas Mikl\u00f3s<\/strong><\/em><br><em><strong>H\u00c1NY OSZT\u00c1LYT V\u00c9GEZT\u00c9L?<\/strong><\/em><br><br>F. E. doktorn\u0151t \u00e9rtes\u00edtett\u00e9k: hamarosan sor ker\u00fcl a szem\u00e9lyi igazolv\u00e1nya (magyarul: \u201ebuletin\u201d) kicser\u00e9l\u00e9s\u00e9re; k\u00e9rik, hogy jelentkezzen a megadott id\u0151pontban a megadott helysz\u00ednen.<br>Egy frissen \u00e9retts\u00e9gizett \u201eserd\u00fcl\u0151 h\u00f6lgy\u201d jegyezte le a szem\u00e9lyi adatait.<br>Miut\u00e1n megadta a nev\u00e9t, lakc\u00edm\u00e9t, a hivatalnok l\u00e9di megk\u00e9rdezte: \u201eC\u00e2te clase ai?\u201d (H\u00e1ny oszt\u00e1lyt v\u00e9gezt\u00e9l?)<br>\u00cdgy, tegez\u0151 form\u00e1ban!<br>A v\u00e1lasz: 20.<br>Kikerekedett a h\u00f6lgy szeme, \u00e9s megk\u00e9rdezte: ez hogyan lehets\u00e9ges?<br>A v\u00e1lasz: 4 elemi + 3 \u00e1ltal\u00e1nos iskolai + 4 k\u00f6z\u00e9piskolai + 6 \u00e9v egyetem +3 \u00e9v a szakvizsg\u00e1ig, ez \u00f6sszesen 20. <br>V\u00e1lasza nagy der\u00fclts\u00e9get keltett a sorban \u00e1ll\u00f3k k\u00f6z\u00f6tt.<br><br><em>Forr\u00e1s: szerz\u0151 FB-oldala<\/em><\/p>\r\n","protected":false},"excerpt":{"rendered":"<p>Farkas Mikl\u00f3sH\u00c1NY OSZT\u00c1LYT V\u00c9GEZT\u00c9L? F. E. doktorn\u0151t \u00e9rtes\u00edtett\u00e9k: hamarosan sor ker\u00fcl a szem\u00e9lyi igazolv\u00e1nya (magyarul: \u201ebuletin\u201d) kicser\u00e9l\u00e9s\u00e9re; k\u00e9rik, hogy jelentkezzen a megadott id\u0151pontban a megadott helysz\u00ednen.Egy frissen \u00e9retts\u00e9gizett \u201eserd\u00fcl\u0151 h\u00f6lgy\u201d jegyezte le a szem\u00e9lyi adatait.Miut\u00e1n megadta a nev\u00e9t, lakc\u00edm\u00e9t, a hivatalnok l\u00e9di megk\u00e9rdezte: \u201eC\u00e2te clase ai?\u201d (H\u00e1ny oszt\u00e1lyt v\u00e9gezt\u00e9l?)\u00cdgy, tegez\u0151 form\u00e1ban!A v\u00e1lasz: 20.Kikerekedett a h\u00f6lgy [&hellip;]<\/p>\n","protected":false},"author":3,"featured_media":0,"comment_status":"open","ping_status":"open","sticky":false,"template":"","format":"standard","meta":{"_monsterinsights_skip_tracking":false,"_monsterinsights_sitenote_active":false,"_monsterinsights_sitenote_note":"","_monsterinsights_sitenote_category":0,"ngg_post_thumbnail":0,"footnotes":""},"categories":[16],"tags":[],"class_list":["post-102724","post","type-post","status-publish","format-standard","hentry","category-bongeszde"],"_links":{"self":[{"href":"https:\/\/ujkafe.website\/index.php?rest_route=\/wp\/v2\/posts\/102724","targetHints":{"allow":["GET"]}}],"collection":[{"href":"https:\/\/ujkafe.website\/index.php?rest_route=\/wp\/v2\/posts"}],"about":[{"href":"https:\/\/ujkafe.website\/index.php?rest_route=\/wp\/v2\/types\/post"}],"author":[{"embeddable":true,"href":"https:\/\/ujkafe.website\/index.php?rest_route=\/wp\/v2\/users\/3"}],"replies":[{"embeddable":true,"href":"https:\/\/ujkafe.website\/index.php?rest_route=%2Fwp%2Fv2%2Fcomments&post=102724"}],"version-history":[{"count":0,"href":"https:\/\/ujkafe.website\/index.php?rest_route=\/wp\/v2\/posts\/102724\/revisions"}],"wp:attachment":[{"href":"https:\/\/ujkafe.website\/index.php?rest_route=%2Fwp%2Fv2%2Fmedia&parent=102724"}],"wp:term":[{"taxonomy":"category","embeddable":true,"href":"https:\/\/ujkafe.website\/index.php?rest_route=%2Fwp%2Fv2%2Fcategories&post=102724"},{"taxonomy":"post_tag","embeddable":true,"href":"https:\/\/ujkafe.website\/index.php?rest_route=%2Fwp%2Fv2%2Ftags&post=102724"}],"curies":[{"name":"wp","href":"https:\/\/api.w.org\/{rel}","templated":true}]}}