
{"id":102733,"date":"2022-09-03T02:51:23","date_gmt":"2022-09-03T02:51:23","guid":{"rendered":"https:\/\/ujkafe.website\/?p=102733"},"modified":"2022-09-02T19:05:10","modified_gmt":"2022-09-02T19:05:10","slug":"szente-b-levente-ki-az-ki-veled","status":"publish","type":"post","link":"https:\/\/ujkafe.website\/?p=102733","title":{"rendered":"Szente B. Levente  Ki az ki veled"},"content":{"rendered":"\r\n<p><em>(\u201eAkik hi\u00fa b\u00e1lv\u00e1nyokra \u00fcgyelnek, elhagyj\u00e1k boldogs\u00e1gukat\u2026\u201d) J\u00f3n\u00e1s 2: 9<\/em><br><br>amikor mindenki aludt<br>vihar j\u00f6tt a tengerre<br>ilyent m\u00e9g senki sem \u00e9rt<br>v\u00e9lte a leg\u00e9nys\u00e9g<br>mondtam egy J\u00f3n\u00e1s f\u00e9le embernek<br>ha \u0151 nem h\u00e1t nem \u2013 helyette most \u00e9n<br>ugrok a tengerbe \u00e9s ne k\u00e9rdezze mi\u00e9rt<br>gyilkost senkib\u0151l nem csin\u00e1ln\u00e9k<!--more--><br>hadd ne tudja meg ez\u00fattal a tenger\u00e9szn\u00e9p<br>nem hagyom bedobjanak<br>a vad hull\u00e1mok k\u00f6z\u00e9 bizony magam sz\u00f6k\u00f6k<br>ha magad uram te m\u00e1r nem<br>\u00e9s tov\u00e1bb korholtam szel\u00edden<br>hogy bezzeg neki t\u00f6bbsz\u00f6r is sz\u00f3lt<br>kereste \u0151t az Isten<br>k\u00fcldte volna valami bizonytalan helyre<br>h\u00e1tha helyre\u00e1ll\u00edthatn\u00e1 a r\u00e9gi szerelmet<br>azt mondja ez az\u00e9rt van<br>mert nem figyeltem el\u00e9gg\u00e9<br>mi\u00e9rt kell nekem folyton h\u00e1tra fordulni<br>visszan\u00e9zni mik\u00e9nt feles\u00e9ge L\u00f3tnak is<br>s az \u0151 baj\u00e1val ne foglalkozzak<br>hogy azt\u00e1n hib\u00e1ztassak \u00e9rte embert \u00e9s<br>a j\u00f3 Istent \u00e9s ki tudja m\u00e9g kikben hiszek<br>ugorjak csak b\u00e1tran<br>oda se neki \u2013 legal\u00e1bb megtudjuk mi<br>mindannyian ha csitul a vihar<br>ki az ki veled<br>ki az ki t\u00e1n engem is r\u00e9gt\u0151l fogva keres<\/p>\r\n","protected":false},"excerpt":{"rendered":"<p>(\u201eAkik hi\u00fa b\u00e1lv\u00e1nyokra \u00fcgyelnek, elhagyj\u00e1k boldogs\u00e1gukat\u2026\u201d) J\u00f3n\u00e1s 2: 9 amikor mindenki aludtvihar j\u00f6tt a tengerreilyent m\u00e9g senki sem \u00e9rtv\u00e9lte a leg\u00e9nys\u00e9gmondtam egy J\u00f3n\u00e1s f\u00e9le embernekha \u0151 nem h\u00e1t nem \u2013 helyette most \u00e9nugrok a tengerbe \u00e9s ne k\u00e9rdezze mi\u00e9rtgyilkost senkib\u0151l nem csin\u00e1ln\u00e9k<\/p>\n","protected":false},"author":3,"featured_media":0,"comment_status":"open","ping_status":"open","sticky":false,"template":"","format":"standard","meta":{"_monsterinsights_skip_tracking":false,"_monsterinsights_sitenote_active":false,"_monsterinsights_sitenote_note":"","_monsterinsights_sitenote_category":0,"ngg_post_thumbnail":0,"footnotes":""},"categories":[4],"tags":[],"class_list":["post-102733","post","type-post","status-publish","format-standard","hentry","category-vers"],"_links":{"self":[{"href":"https:\/\/ujkafe.website\/index.php?rest_route=\/wp\/v2\/posts\/102733","targetHints":{"allow":["GET"]}}],"collection":[{"href":"https:\/\/ujkafe.website\/index.php?rest_route=\/wp\/v2\/posts"}],"about":[{"href":"https:\/\/ujkafe.website\/index.php?rest_route=\/wp\/v2\/types\/post"}],"author":[{"embeddable":true,"href":"https:\/\/ujkafe.website\/index.php?rest_route=\/wp\/v2\/users\/3"}],"replies":[{"embeddable":true,"href":"https:\/\/ujkafe.website\/index.php?rest_route=%2Fwp%2Fv2%2Fcomments&post=102733"}],"version-history":[{"count":0,"href":"https:\/\/ujkafe.website\/index.php?rest_route=\/wp\/v2\/posts\/102733\/revisions"}],"wp:attachment":[{"href":"https:\/\/ujkafe.website\/index.php?rest_route=%2Fwp%2Fv2%2Fmedia&parent=102733"}],"wp:term":[{"taxonomy":"category","embeddable":true,"href":"https:\/\/ujkafe.website\/index.php?rest_route=%2Fwp%2Fv2%2Fcategories&post=102733"},{"taxonomy":"post_tag","embeddable":true,"href":"https:\/\/ujkafe.website\/index.php?rest_route=%2Fwp%2Fv2%2Ftags&post=102733"}],"curies":[{"name":"wp","href":"https:\/\/api.w.org\/{rel}","templated":true}]}}