
{"id":102739,"date":"2022-09-03T02:55:27","date_gmt":"2022-09-03T02:55:27","guid":{"rendered":"https:\/\/ujkafe.website\/?p=102739"},"modified":"2022-09-02T19:09:24","modified_gmt":"2022-09-02T19:09:24","slug":"nemes-nagy-agnes-ejfel","status":"publish","type":"post","link":"https:\/\/ujkafe.website\/?p=102739","title":{"rendered":"Nemes Nagy \u00c1gnes: \u00c9jf\u00e9l"},"content":{"rendered":"\r\n<p>Harm\u00f3nik\u00e1s ablakom kit\u00e1rtam.<br>\u00cdgy lehet ak\u00e1r Argent\u00edn\u00e1ban,<br>oly s\u00f6t\u00e9t \u00e9s oly magas az \u00e9g.<br>Lent a kov\u00e1cs t\u00fcze m\u00e1r eloltva,<br>egy-egy g\u00f6rbe k\u00e9m\u00e9ny lovagolja<br>apr\u00f3 h\u00e1za nyereg-tetej\u00e9t.<!--more--><br><br>A h\u0151s\u00e9g is mintha elaludna.<br>N\u00e9ma l\u00e1mpaf\u00e9nyben \u00e9g az utca.<br>S r\u00e1ncos pill\u00e1n, f\u00fcgg\u00f6ny-r\u00e1ncon \u00e1t<br>t\u00e1volabbr\u00f3l egy kis villa f\u00f6ln\u00e9z \u2013<br>m\u00e9lyebb \u00e9jbe most fordul a f\u00f6ldr\u00e9sz \u2013<br>n\u00e9zi a n\u00f6vekv\u0151 \u00e9jszak\u00e1t.<br><br>Sz\u00e9l indul. Lent imbolyog a l\u00e1mpa,<br>lassan leng\u0151 f\u00e9nyk\u00f6r\u00e9be z\u00e1rva<br>egy faldarab v\u00e9le imbolyog.<br>S kint felejtve, odafenn a r\u00e1cson,<br>h\u00f3feh\u00e9ren borzong meg a v\u00e1szon,<br>s egymag\u00e1ban csattog \u00e9s lobog.<br><br>*<br><em>100 \u00e9ve sz\u00fcletett Nemes Nagy \u00c1gnes (Budapest, 1922. janu\u00e1r 3. \u2013 Budapest, 1991. augusztus 23.) Kossuth- \u00e9s J\u00f3zsef Attila-d\u00edjas k\u00f6lt\u0151, m\u0171ford\u00edt\u00f3, essz\u00e9\u00edr<\/em>\u00f3.<br><br>Forr\u00e1s: <a href=\"https:\/\/www.e-nepujsag.ro\/articles\/nemes-nagy-agnes-ejfe\">https:\/\/www.e-nepujsag.ro\/articles\/nemes-nagy-agnes-ejfe<\/a>l<\/p>\r\n","protected":false},"excerpt":{"rendered":"<p>Harm\u00f3nik\u00e1s ablakom kit\u00e1rtam.\u00cdgy lehet ak\u00e1r Argent\u00edn\u00e1ban,oly s\u00f6t\u00e9t \u00e9s oly magas az \u00e9g.Lent a kov\u00e1cs t\u00fcze m\u00e1r eloltva,egy-egy g\u00f6rbe k\u00e9m\u00e9ny lovagoljaapr\u00f3 h\u00e1za nyereg-tetej\u00e9t.<\/p>\n","protected":false},"author":3,"featured_media":0,"comment_status":"open","ping_status":"open","sticky":false,"template":"","format":"standard","meta":{"_monsterinsights_skip_tracking":false,"_monsterinsights_sitenote_active":false,"_monsterinsights_sitenote_note":"","_monsterinsights_sitenote_category":0,"ngg_post_thumbnail":0,"footnotes":""},"categories":[4],"tags":[],"class_list":["post-102739","post","type-post","status-publish","format-standard","hentry","category-vers"],"_links":{"self":[{"href":"https:\/\/ujkafe.website\/index.php?rest_route=\/wp\/v2\/posts\/102739","targetHints":{"allow":["GET"]}}],"collection":[{"href":"https:\/\/ujkafe.website\/index.php?rest_route=\/wp\/v2\/posts"}],"about":[{"href":"https:\/\/ujkafe.website\/index.php?rest_route=\/wp\/v2\/types\/post"}],"author":[{"embeddable":true,"href":"https:\/\/ujkafe.website\/index.php?rest_route=\/wp\/v2\/users\/3"}],"replies":[{"embeddable":true,"href":"https:\/\/ujkafe.website\/index.php?rest_route=%2Fwp%2Fv2%2Fcomments&post=102739"}],"version-history":[{"count":0,"href":"https:\/\/ujkafe.website\/index.php?rest_route=\/wp\/v2\/posts\/102739\/revisions"}],"wp:attachment":[{"href":"https:\/\/ujkafe.website\/index.php?rest_route=%2Fwp%2Fv2%2Fmedia&parent=102739"}],"wp:term":[{"taxonomy":"category","embeddable":true,"href":"https:\/\/ujkafe.website\/index.php?rest_route=%2Fwp%2Fv2%2Fcategories&post=102739"},{"taxonomy":"post_tag","embeddable":true,"href":"https:\/\/ujkafe.website\/index.php?rest_route=%2Fwp%2Fv2%2Ftags&post=102739"}],"curies":[{"name":"wp","href":"https:\/\/api.w.org\/{rel}","templated":true}]}}