
{"id":102749,"date":"2022-09-04T02:50:25","date_gmt":"2022-09-04T02:50:25","guid":{"rendered":"https:\/\/ujkafe.website\/?p=102749"},"modified":"2022-09-03T19:11:02","modified_gmt":"2022-09-03T19:11:02","slug":"dr-bencze-mihaly-a-nepali-magyarok","status":"publish","type":"post","link":"https:\/\/ujkafe.website\/?p=102749","title":{"rendered":"Dr. Bencze Mih\u00e1ly: A nep\u00e1li magyarok"},"content":{"rendered":"\r\n<p>K\u0151r\u00f6si Csoma S\u00e1ndor (Csomak\u0151r\u00f6s, 1784, m\u00e1rcius 27. \u2013 Dardzsiling, 1842. \u00e1prilis 11.) nyelvtud\u00f3s, a tibetol\u00f3gia megalap\u00edt\u00f3ja, a magyar \u0151shaza kutat\u00f3ja, r\u00e1\u00e9rzett arra, hogy \u00e9rdemes Nep\u00e1lba, majd az ujgurok f\u00f6ldj\u00e9re utazni, de a korai hal\u00e1la ett\u0151l megfosztotta. Nep\u00e1l akkor sajnos z\u00e1rt ter\u00fclet volt, senki se utazhatott be.<br>Michael Opitz h\u00edvta fel a vil\u00e1g figyelmet arra, hogy Nep\u00e1l k\u00f6z\u00e9ps\u0151-nyugati r\u00e9sz\u00e9ben \u00e9lnek magarok. Moln\u00e1r Auguszta a n\u0151k helyzet\u00e9r\u0151l, a Banyan dombvid\u00e9ken \u00e9l\u0151kr\u0151l John T. Hitchcock, a szertart\u00e1saikr\u00f3l David. E. Watters, \u00e9s kult\u00far\u00e1jukr\u00f3l Gary Spehperd \u00edrtak. A magyar kutat\u00f3k k\u00f6z\u00fcl els\u0151nek Wojnarovich Elek, majd Fekete Ferenc, Kiszely Istv\u00e1n, Lovass Ferenc, Boda Sarolta, Kunckel B\u00e9la \u00e9s Cs\u00e1ji L\u00e1szl\u00f3 Kopp\u00e1ny j\u00e1rtak k\u00f6z\u00f6tt\u00fck \u00e9s \u00edrtak r\u00f3luk. A magyar TV is j\u00e1rt e vid\u00e9ken, filmet is k\u00e9sz\u00edtett.<!--more--><br>Dor Bahadur Bista antropol\u00f3gus a People of Nepal k\u00f6nyv\u00e9ben b\u0151ven \u00edr az itteni magarokr\u00f3l. Szerinte egy ter\u00fcletet a folyamatosan ott \u00e9l\u0151 n\u00e9pekr\u0151l neveznek el, \u00e9s Magaran a magarok f\u00f6ldje, m\u00e1r t\u00f6bb ezer \u00e9ves ittl\u00e9t\u00fckr\u0151l tan\u00faskodik. Szerinte minden egyes fennmaradt fonalon v\u00e9gig kell menjenek a kutat\u00e1sok. K\u00fcl\u00f6n\u00f6s n\u00e9pt\u00f6rzs, amely f\u00f6ldm\u0171vel\u00e9ssel \u00e9s \u00e1llattart\u00e1ssal foglalkozik, k\u00f6z\u00e9pkori eszk\u00f6z\u00f6kkel pr\u00f3b\u00e1l megh\u00f3d\u00edtani minden term\u00e9keny ter\u00fcletet a Himal\u00e1ja 2000-4000 m magas r\u00e9szein. A nep\u00e1li magaroknak h\u00e9t nagy t\u00f6rzse van- ak\u00e1rcsak a K\u00e1rp\u00e1t-medence magyarjainak- ezek neve: Alek, Buda, Garti, Tapa, Roka, Rana, Pund. Ezek mellett kisebb t\u00f6rzsek is ismertek, mint a K\u00e1m \u00e9s a Kan. Az itt \u00e9l\u0151k h\u00e1rom magar nyelvet besz\u00e9lnek: a Magar-Kura, a Kan-Kura \u00e9s a Kaike, azaz az Istenek nyelve. Az \u00edr\u00e1suk nem m\u00e1s, mint az Akaika rov\u00e1sjelek, vagy sz\u00f3tag\u00edr\u00e1s, amely a Sz\u00e9kely \u00e9s az Indus-v\u00f6lgyi rov\u00e1s\u00edr\u00e1s r\u00e9gies alakja. T\u00f6bbf\u00e9le \u00edr\u00e1suk alakult ki \u2013 vagy \u0151riztek meg-, a nagyon r\u00e9gi \u00edr\u00e1sokat sajnos a s\u00e1m\u00e1n papok sem ismerik, ezek t\u00f6bbnyire 10 ezer \u00e9ves k\u0151v\u00e9setek. Ezeken l\u00e9v\u0151 \u00e9rintetlen \u00edr\u00e1sok m\u00e9g megfejt\u00e9sre v\u00e1rnak. F\u00f6ldbe temetkeznek, kopjaf\u00e1t faragnak \u00e9s \u00e1ll\u00edtanak az elhunytaknak, ezeken a napker\u00e9k tal\u00e1lhat\u00f3. Sirat\u00f3 \u00e9nekeik pentaton dallam\u00faak. T\u00e1ncuk a Szoroti, italuk pedig a Tang. A magar-t\u00f6rzsek els\u0151k\u00e9nt j\u00f6ttek a mai Nep\u00e1l ter\u00fclet\u00e9re. M. S. Thapa kult\u00fart\u00f6rt\u00e9n\u00e9sz szerint K\u00f6z\u00e9p-\u00c1zsi\u00e1b\u00f3l, a k\u00ednai hat\u00e1rvid\u00e9kr\u0151l v\u00e1ndoroltak ide. Harsha Bahadur Buda t\u00f6rt\u00e9n\u00e9sz szerint a magarok Kasm\u00edrb\u00f3l j\u00f6ttek, Kus n\u00e9pek\u00e9nt, most is nagy a fizikai hasonl\u00f3s\u00e1g az itteni magarok \u00e9s a kasm\u00edrok k\u00f6z\u00f6tt. Khada J. Baral szerint a Tibeti plat\u00f3r\u00f3l, \u00e9s Mong\u00f3li\u00e1b\u00f3l \u00e9rkeztek a magarok, akik \u00e9vezredek \u00f3ta laknak itt, \u00e9s 1840-ig kir\u00e1lys\u00e1guk volt, majd a k\u00fcl\u00f6nf\u00e9le okok miatt meggyeng\u00fclt nep\u00e1li kir\u00e1lys\u00e1gb\u00f3l j\u00f6tt l\u00e9tre, egys\u00e9ges akarattal a soknemzetis\u00e9g\u0171 Nep\u00e1l. T\u00f6bb kutat\u00f3 szerint a magarok K\u00f6z\u00e9p-\u00c1zsi\u00e1b\u00f3ll \u00e9rkeztek a mai sz\u00e1ll\u00e1shely\u00fckre, nyugat fel\u00f6l megker\u00fclve a Tibeti hegys\u00e9get. A hzsiugnu t\u00f6rzssz\u00f6vets\u00e9g egyik fontos tagjak\u00e9nt \u00e9rkeztek Usbang k\u00f6rny\u00e9k\u00e9re. Tek Bahadur Thapa szerint is a nep\u00e1li magarok \u0151sid\u0151k \u00f3ta a Himal\u00e1ja magas hegys\u00e9g\u00e9ben \u00e9lnek 1,3-1,6 milli\u00f3an vannak jelenleg. A magarok uralm\u00e1t \u00e9s kir\u00e1lys\u00e1g\u00e1t a Csetnikek \u00e9s a Br\u00e1miak t\u00f6rt\u00e9k meg. A h\u00f3d\u00edt\u00f3k, el\u0151sz\u00f6r a s\u00e1m\u00e1n papokat v\u00e9gezt\u00e9k ki, hogy ez\u00e1ltal a mesemond\u00f3, reg\u00e9l\u0151, \u00edr\u00e1stud\u00f3, \u00e1ldozati-szertart\u00e1st, esket\u00e9st, temet\u00e9st v\u00e9gz\u0151 papok elpuszt\u00edt\u00e1s\u00e1val, a h\u00f3d\u00edt\u00f3k az akaratukat \u00e9s vall\u00e1sukat a magarok n\u00e9p\u00e9re er\u0151ltess\u00e9k. A tart\u00f3s indiai befoly\u00e1s a kitart\u00e1sukat sorvasztotta, egys\u00e9g\u00fcket rombolta. A falusiak nagy r\u00e9sze \u00edr\u00e1studatlan, gazdas\u00e1gilag \u00f6nell\u00e1t\u00f3k, a tejk\u00f6p\u00fcl\u00e9st \u00e9rt\u00e9kes\u00edtik. A magar lakoss\u00e1g megb\u00edzhat\u00f3 a katonai szolg\u00e1lat v\u00e1llal\u00e1s\u00e1ban- ak\u00e1rcsak a sz\u00e9kelys\u00e9g-, kitart\u00f3ak, sz\u00edv\u00f3sak, bar\u00e1ts\u00e1gosak. Hegyi \u00f6sv\u00e9nyeiken f\u00e1raszt\u00f3 az utaz\u00e1s, a sz\u00e1ll\u00edt\u00e1s. Id\u00e1ig az elszigetelts\u00e9g\u00fck \u00f3vta meg \u0151ket a sz\u00e9thull\u00e1st\u00f3l.<\/p>\r\n<p><a href=\"https:\/\/ujkafe.website\/wp-content\/uploads\/2022\/09\/nepali.jpg\"><img loading=\"lazy\" decoding=\"async\" class=\"alignnone  wp-image-102753\" src=\"https:\/\/ujkafe.website\/wp-content\/uploads\/2022\/09\/nepali-180x300.jpg\" alt=\"\" width=\"335\" height=\"558\" srcset=\"https:\/\/ujkafe.website\/wp-content\/uploads\/2022\/09\/nepali-180x300.jpg 180w, https:\/\/ujkafe.website\/wp-content\/uploads\/2022\/09\/nepali.jpg 269w\" sizes=\"auto, (max-width: 335px) 100vw, 335px\" \/><\/a><\/p>\r\n<p><br>Rem\u00e9lj\u00fck, hogy egyre t\u00f6bb magyar kutat\u00f3 keresi fel \u0151ket, \u00e9s lassan felt\u00e1rj\u00e1k a k\u00f6z\u00f6s m\u00faltunkat, \u00e9s k\u00f6z\u00f6s kultur\u00e1lis kapcsolatokat siker\u00fcl ki\u00e9p\u00edteni.<\/p>\r\n","protected":false},"excerpt":{"rendered":"<p>K\u0151r\u00f6si Csoma S\u00e1ndor (Csomak\u0151r\u00f6s, 1784, m\u00e1rcius 27. \u2013 Dardzsiling, 1842. \u00e1prilis 11.) nyelvtud\u00f3s, a tibetol\u00f3gia megalap\u00edt\u00f3ja, a magyar \u0151shaza kutat\u00f3ja, r\u00e1\u00e9rzett arra, hogy \u00e9rdemes Nep\u00e1lba, majd az ujgurok f\u00f6ldj\u00e9re utazni, de a korai hal\u00e1la ett\u0151l megfosztotta. Nep\u00e1l akkor sajnos z\u00e1rt ter\u00fclet volt, senki se utazhatott be.Michael Opitz h\u00edvta fel a vil\u00e1g figyelmet arra, hogy Nep\u00e1l [&hellip;]<\/p>\n","protected":false},"author":3,"featured_media":0,"comment_status":"open","ping_status":"open","sticky":false,"template":"","format":"standard","meta":{"_monsterinsights_skip_tracking":false,"_monsterinsights_sitenote_active":false,"_monsterinsights_sitenote_note":"","_monsterinsights_sitenote_category":0,"ngg_post_thumbnail":0,"footnotes":""},"categories":[120,5],"tags":[],"class_list":["post-102749","post","type-post","status-publish","format-standard","hentry","category-essze","category-foto"],"_links":{"self":[{"href":"https:\/\/ujkafe.website\/index.php?rest_route=\/wp\/v2\/posts\/102749","targetHints":{"allow":["GET"]}}],"collection":[{"href":"https:\/\/ujkafe.website\/index.php?rest_route=\/wp\/v2\/posts"}],"about":[{"href":"https:\/\/ujkafe.website\/index.php?rest_route=\/wp\/v2\/types\/post"}],"author":[{"embeddable":true,"href":"https:\/\/ujkafe.website\/index.php?rest_route=\/wp\/v2\/users\/3"}],"replies":[{"embeddable":true,"href":"https:\/\/ujkafe.website\/index.php?rest_route=%2Fwp%2Fv2%2Fcomments&post=102749"}],"version-history":[{"count":0,"href":"https:\/\/ujkafe.website\/index.php?rest_route=\/wp\/v2\/posts\/102749\/revisions"}],"wp:attachment":[{"href":"https:\/\/ujkafe.website\/index.php?rest_route=%2Fwp%2Fv2%2Fmedia&parent=102749"}],"wp:term":[{"taxonomy":"category","embeddable":true,"href":"https:\/\/ujkafe.website\/index.php?rest_route=%2Fwp%2Fv2%2Fcategories&post=102749"},{"taxonomy":"post_tag","embeddable":true,"href":"https:\/\/ujkafe.website\/index.php?rest_route=%2Fwp%2Fv2%2Ftags&post=102749"}],"curies":[{"name":"wp","href":"https:\/\/api.w.org\/{rel}","templated":true}]}}