
{"id":102750,"date":"2022-09-04T02:52:50","date_gmt":"2022-09-04T02:52:50","guid":{"rendered":"https:\/\/ujkafe.website\/?p=102750"},"modified":"2022-09-03T19:14:14","modified_gmt":"2022-09-03T19:14:14","slug":"boloni-domokos-bongeszoje-579","status":"publish","type":"post","link":"https:\/\/ujkafe.website\/?p=102750","title":{"rendered":"B\u00f6l\u00f6ni Domokos b\u00f6ng\u00e9sz\u0151je"},"content":{"rendered":"\r\n<p><em><strong>A K\u00d6LT\u0150 SZ\u00cdVE<\/strong><\/em><\/p>\r\n<p><br>P\u00e9ntek d\u00e9lben a Magyar sz\u00ednh\u00e1z egy t\u00e1rsas\u00e1ga jelent meg a Csepreghy Ferenc s\u00edrj\u00e1n\u00e1l. Be\u00f6thy L\u00e1szl\u00f3 vezette a kegyeletes csapatot. \u0150 maga letette a koszor\u00fat a s\u00edrra \u00e9s k\u00f6r\u00f6s-k\u00f6r\u00fcl kalappal \u00e1lltak a V\u00edz\u00f6z\u00f6n k\u00e9sei dics\u0151s\u00e9g\u00e9nek szerepl\u0151i. Tarnai Ern\u0151 gy\u00e1szbesz\u00e9d helyett elmondta a V\u00edz\u00f6z\u00f6n-beli szerep\u00e9nek azt a r\u00e9sz\u00e9t, amelyben a harmadik felvon\u00e1s elej\u00e9n Azel arr\u00f3l besz\u00e9l a sz\u00e9p R\u00e1khelnek, hogy kinek mi lesz a sz\u00edv\u00e9b\u0151l, ha meghal.<\/p>\r\n<p>\u2014 K\u00e9t sz\u00edv, mely forr\u00f3n \u00e9s h\u00edven szeret, <br>Kies ligetben r\u00f3zsat\u0151 leszen, <br>\u00c9s rajta \u00faj meg \u00faj bimb\u00f3 fakad, <br>S a boldogs\u00e1gnak v\u00e9ge-hossza nincs, <br>Vend\u00e9g\u00fcl ott lakik a f\u00fclmile, <br>H\u0171 \u00e9s \u00f6r\u00f6k szerelmet \u00e9nekel <br>A r\u00f3zsaf\u00e1nak cs\u00f6ndes \u00e9jjelen \u2014<\/p>\r\n<p><br>\u00edgy v\u00e9gz\u0151dik a darabban a monol\u00f3g. De Tarnai tov\u00e1bb szavalta a k\u00f6vetkez\u0151ket:<\/p>\r\n<p>\u2014 S a k\u00f6lt\u0151 szive? &#8230;\u00d3, mi lesz bel\u0151le? <br>Mily vir\u00e1gba lesz illata besz\u0151ve? <br>Hisz annyi sz\u00ednt \u00e9s sugarat terem, <br>Hogy sz\u0171k neki az eg\u00e9sz v\u00e9gtelen. <br>A k\u00f6lt\u0151-sz\u00edv milli\u00f3 sz\u00edvv\u00e9 szakad, <br>Felvir\u00e1gzott, mint \u00e9rz\u00e9s, gondolat, <br>S ki csupa sz\u00edv, csak egy sz\u00edv volt maga, <br>Mint milli\u00f3 sz\u00edv nem sz\u0171nik meg soha.<\/p>\r\n<p><br>Ezeket a sorokat el\u0151z\u0151 este P\u00e1sztor \u00c1rp\u00e1d vetette papirosra a Be\u0151thy-sz\u00ednh\u00e1zak igazgat\u00f3i irod\u00e1j\u00e1ban. Ez volt a kegyeletes sz\u00f3noklat a po\u00e9ta s\u00edrj\u00e1n, egyike a legmeghat\u00f3bb figyelmeknek, amelyekben valaha sz\u00ednh\u00e1z a szerz\u0151j\u00e9t r\u00e9szes\u00edtette.<br><br><em>Sz\u00ednh\u00e1zi \u00c9let, 1911\/19<\/em><\/p>\r\n","protected":false},"excerpt":{"rendered":"<p>A K\u00d6LT\u0150 SZ\u00cdVE P\u00e9ntek d\u00e9lben a Magyar sz\u00ednh\u00e1z egy t\u00e1rsas\u00e1ga jelent meg a Csepreghy Ferenc s\u00edrj\u00e1n\u00e1l. Be\u00f6thy L\u00e1szl\u00f3 vezette a kegyeletes csapatot. \u0150 maga letette a koszor\u00fat a s\u00edrra \u00e9s k\u00f6r\u00f6s-k\u00f6r\u00fcl kalappal \u00e1lltak a V\u00edz\u00f6z\u00f6n k\u00e9sei dics\u0151s\u00e9g\u00e9nek szerepl\u0151i. Tarnai Ern\u0151 gy\u00e1szbesz\u00e9d helyett elmondta a V\u00edz\u00f6z\u00f6n-beli szerep\u00e9nek azt a r\u00e9sz\u00e9t, amelyben a harmadik felvon\u00e1s elej\u00e9n Azel [&hellip;]<\/p>\n","protected":false},"author":3,"featured_media":0,"comment_status":"open","ping_status":"open","sticky":false,"template":"","format":"standard","meta":{"_monsterinsights_skip_tracking":false,"_monsterinsights_sitenote_active":false,"_monsterinsights_sitenote_note":"","_monsterinsights_sitenote_category":0,"ngg_post_thumbnail":0,"footnotes":""},"categories":[16],"tags":[],"class_list":["post-102750","post","type-post","status-publish","format-standard","hentry","category-bongeszde"],"_links":{"self":[{"href":"https:\/\/ujkafe.website\/index.php?rest_route=\/wp\/v2\/posts\/102750","targetHints":{"allow":["GET"]}}],"collection":[{"href":"https:\/\/ujkafe.website\/index.php?rest_route=\/wp\/v2\/posts"}],"about":[{"href":"https:\/\/ujkafe.website\/index.php?rest_route=\/wp\/v2\/types\/post"}],"author":[{"embeddable":true,"href":"https:\/\/ujkafe.website\/index.php?rest_route=\/wp\/v2\/users\/3"}],"replies":[{"embeddable":true,"href":"https:\/\/ujkafe.website\/index.php?rest_route=%2Fwp%2Fv2%2Fcomments&post=102750"}],"version-history":[{"count":0,"href":"https:\/\/ujkafe.website\/index.php?rest_route=\/wp\/v2\/posts\/102750\/revisions"}],"wp:attachment":[{"href":"https:\/\/ujkafe.website\/index.php?rest_route=%2Fwp%2Fv2%2Fmedia&parent=102750"}],"wp:term":[{"taxonomy":"category","embeddable":true,"href":"https:\/\/ujkafe.website\/index.php?rest_route=%2Fwp%2Fv2%2Fcategories&post=102750"},{"taxonomy":"post_tag","embeddable":true,"href":"https:\/\/ujkafe.website\/index.php?rest_route=%2Fwp%2Fv2%2Ftags&post=102750"}],"curies":[{"name":"wp","href":"https:\/\/api.w.org\/{rel}","templated":true}]}}