
{"id":102762,"date":"2022-09-05T02:58:47","date_gmt":"2022-09-05T02:58:47","guid":{"rendered":"https:\/\/ujkafe.website\/?p=102762"},"modified":"2022-09-04T19:02:21","modified_gmt":"2022-09-04T19:02:21","slug":"danos-miklos-az-elore-elotortenetebol","status":"publish","type":"post","link":"https:\/\/ujkafe.website\/?p=102762","title":{"rendered":"D\u00e1nos Mikl\u00f3s: Az El\u0151re el\u0151t\u00f6rt\u00e9net\u00e9b\u0151l"},"content":{"rendered":"\r\n<p><em><strong>I. \u00e9vfolyam 1. sz\u00e1m<\/strong><\/em><br><br>1947. augusztus elej\u00e9n \u00e9rkeztem Bukarestbe. Eg\u00e9sz \u00e9jjel utaztam. A kolozsv\u00e1ri gyorsvonat olyan zs\u00fafolt volt, hogy l\u00e9legzeni is alig lehetett a f\u00fclk\u00e9ben, \u00edgy azt\u00e1n eszembe sem jutott el\u00e9rz\u00e9keny\u00fclt l\u00e9lekkel eml\u00e9keket kergetni, sem azon gy\u00f6tr\u0151dni, hogy vajon mi v\u00e1r a f\u0151v\u00e1rosban? Holtf\u00e1radtan sz\u00e1lltam le, \u00e9s ami m\u00e9g enn\u00e9l is rosszabbnak t\u0171nt: egy sz\u00e1l magamra utalva l\u00e9ptem az \u00c9szaki P\u00e1lyaudvar peronj\u00e1ra. Az utols\u00f3 pillanatig \u00fagy volt, hogy K\u0151m\u0171ves G\u00e9z\u00e1val egy\u00fctt j\u00f6v\u00fcnk Bukarestbe, de \u0151 m\u00e9g gondolkozott, er\u0151sen latolgatta ezt a kaland\u00edz\u0171 helyv\u00e1ltoztat\u00e1st. \u00cdgy azt\u00e1n egyed\u00fcl, a fiatalok k\u00f6zismert felel\u0151tlens\u00e9g\u00e9vel \u00e9s vakmer\u0151s\u00e9g\u00e9vel startoltam Kolozsv\u00e1rr\u00f3l a Nagy Ismeretlen fel\u00e9. Mert sz\u00e1momra akkor ez volt Bukarest. Az \u00e1lmosan szertesz\u00e9t repdes\u0151 figyelmem semmi m\u00e1st sem fogott fel, mint valami nagy k\u00e1oszt. Eg\u00e9szen hihetetlennek t\u0171nt sz\u00e1momra ez a sz\u00ednes \u00e1radat, az ide-oda futkos\u00e1s, a hatalmas zsivaj. Bevallom: egy kicsit megijedtem. De r\u00f6gt\u00f6n meg is nyugtattam magam: Rasovszki Pista b\u00e1csi, a leend\u0151 lap kiad\u00f3hivatal\u00e1nak az igazgat\u00f3ja m\u00e9g tegnap is telefonon megnyugtatott, hogy valaki \u2013 okvetlen\u00fcl \u2013 majd v\u00e1r r\u00e1m az \u00e1llom\u00e1son. \u00c9s egy\u00e9bk\u00e9nt is minden j\u00f3 lesz&#8230;<br><br><a href=\"https:\/\/www.ujhet.com\/danos-miklos-az-elore-elotortenetebol\/\"><em><strong>Az eml\u00e9kez\u00e9s teljes sz\u00f6vege az ujhet.com port\u00e1lon<\/strong><\/em><\/a><br><br><\/p>\r\n","protected":false},"excerpt":{"rendered":"<p>I. \u00e9vfolyam 1. sz\u00e1m 1947. augusztus elej\u00e9n \u00e9rkeztem Bukarestbe. Eg\u00e9sz \u00e9jjel utaztam. A kolozsv\u00e1ri gyorsvonat olyan zs\u00fafolt volt, hogy l\u00e9legzeni is alig lehetett a f\u00fclk\u00e9ben, \u00edgy azt\u00e1n eszembe sem jutott el\u00e9rz\u00e9keny\u00fclt l\u00e9lekkel eml\u00e9keket kergetni, sem azon gy\u00f6tr\u0151dni, hogy vajon mi v\u00e1r a f\u0151v\u00e1rosban? Holtf\u00e1radtan sz\u00e1lltam le, \u00e9s ami m\u00e9g enn\u00e9l is rosszabbnak t\u0171nt: egy sz\u00e1l [&hellip;]<\/p>\n","protected":false},"author":3,"featured_media":0,"comment_status":"open","ping_status":"open","sticky":false,"template":"","format":"standard","meta":{"_monsterinsights_skip_tracking":false,"_monsterinsights_sitenote_active":false,"_monsterinsights_sitenote_note":"","_monsterinsights_sitenote_category":0,"ngg_post_thumbnail":0,"footnotes":""},"categories":[16],"tags":[],"class_list":["post-102762","post","type-post","status-publish","format-standard","hentry","category-bongeszde"],"_links":{"self":[{"href":"https:\/\/ujkafe.website\/index.php?rest_route=\/wp\/v2\/posts\/102762","targetHints":{"allow":["GET"]}}],"collection":[{"href":"https:\/\/ujkafe.website\/index.php?rest_route=\/wp\/v2\/posts"}],"about":[{"href":"https:\/\/ujkafe.website\/index.php?rest_route=\/wp\/v2\/types\/post"}],"author":[{"embeddable":true,"href":"https:\/\/ujkafe.website\/index.php?rest_route=\/wp\/v2\/users\/3"}],"replies":[{"embeddable":true,"href":"https:\/\/ujkafe.website\/index.php?rest_route=%2Fwp%2Fv2%2Fcomments&post=102762"}],"version-history":[{"count":0,"href":"https:\/\/ujkafe.website\/index.php?rest_route=\/wp\/v2\/posts\/102762\/revisions"}],"wp:attachment":[{"href":"https:\/\/ujkafe.website\/index.php?rest_route=%2Fwp%2Fv2%2Fmedia&parent=102762"}],"wp:term":[{"taxonomy":"category","embeddable":true,"href":"https:\/\/ujkafe.website\/index.php?rest_route=%2Fwp%2Fv2%2Fcategories&post=102762"},{"taxonomy":"post_tag","embeddable":true,"href":"https:\/\/ujkafe.website\/index.php?rest_route=%2Fwp%2Fv2%2Ftags&post=102762"}],"curies":[{"name":"wp","href":"https:\/\/api.w.org\/{rel}","templated":true}]}}