
{"id":102768,"date":"2022-09-05T02:57:02","date_gmt":"2022-09-05T02:57:02","guid":{"rendered":"https:\/\/ujkafe.website\/?p=102768"},"modified":"2022-09-04T19:00:33","modified_gmt":"2022-09-04T19:00:33","slug":"daczo-denes-angyalos","status":"publish","type":"post","link":"https:\/\/ujkafe.website\/?p=102768","title":{"rendered":"Dacz\u00f3 D\u00e9nes: Angyalos"},"content":{"rendered":"\r\n<p><a href=\"https:\/\/ujkafe.website\/wp-content\/uploads\/2022\/09\/angyalos.jpg\"><img loading=\"lazy\" decoding=\"async\" class=\"alignnone wp-image-102774\" src=\"https:\/\/ujkafe.website\/wp-content\/uploads\/2022\/09\/angyalos-200x300.jpg\" alt=\"\" width=\"625\" height=\"937\" srcset=\"https:\/\/ujkafe.website\/wp-content\/uploads\/2022\/09\/angyalos-200x300.jpg 200w, https:\/\/ujkafe.website\/wp-content\/uploads\/2022\/09\/angyalos-683x1024.jpg 683w, https:\/\/ujkafe.website\/wp-content\/uploads\/2022\/09\/angyalos-768x1151.jpg 768w, https:\/\/ujkafe.website\/wp-content\/uploads\/2022\/09\/angyalos.jpg 1025w\" sizes=\"auto, (max-width: 625px) 100vw, 625px\" \/><\/a><\/p>\r\n<p>Csak \u00fagy hemzseg a net \u2013 meg a vil\u00e1gon mindenfel\u00e9 az egy\u00e9ni fot\u00f3gy\u0171jtem\u00e9nyek \u2013 a cs\u00edkszeredai \u201cangyalos\u201d (tulajdonk\u00e9ppen: millenniumi) templomr\u00f3l k\u00e9sz\u00fclt felv\u00e9telekt\u0151l. Aki csak ell\u00e1togat a Hargita al\u00e1, Cs\u00edkszered\u00e1ba, nem \u00fassza meg, hogy el ne vigy\u00e9k\/kalauzolj\u00e1k (vagy el ne vezesse a j\u00f3sorsa) a Makovecz Imre \u00e1ltal (ingyen) tervezett, jurtaszer\u0171 templomhoz, amelynek tetej\u00e9n r\u00e9zangyalok t\u00e1ncos kara villog-csillog a r\u00e1juk vet\u00fcl\u0151 reggeli, d\u00e9li vagy alkonyi napf\u00e9nyben.<!--more--><br><br>Mindig m\u00e1sk\u00e9nt gy\u00fal ki ez a visszf\u00e9ny, s ez a t\u00e9ny valahogy misztikus borzong\u00e1st v\u00e1lt ki azokb\u00f3l, akik szeretik eln\u00e9zni a templomot az \u00fcvegkupol\u00e1n \u00e1t \u0151rz\u0151 angyalokat.<br><br><strong>Dacz\u00f3 D\u00e9nes<\/strong> felv\u00e9telei m\u00e9g akkor k\u00e9sz\u00fcltek, s az\u00e9rt \u00e1llnak n\u00e1lam akkora becsben, amikor a templom m\u00e9g csak \u00e9p\u00fclt, amikor sokan m\u00e9g k\u00e9telkedtek abban, hogy egy\u00e1ltal\u00e1n befejezhet\u0151 egy ekkora v\u00e1llalkoz\u00e1s. R\u00e1ad\u00e1sul az anyaorsz\u00e1g akkori korm\u00e1nyzata egy fityinget sem adott a templomsz\u0171k\u00e9ben l\u00e9v\u0151 sz\u00e9kely megyek\u00f6zpont \u00e9get\u0151 vall\u00e1si hitig\u00e9ny\u00e9re. (M\u00edg az ortodox szellemis\u00e9g\u0171 rom\u00e1n hatalom jelent\u0151s \u00f6sszeget utalt ki a megval\u00f3s\u00edt\u00e1shoz\u2026)<br><br>A templom alapk\u00f6v\u00e9t 2001. augusztus 4-\u00e9n helyezt\u00e9k el, s 2003. okt\u00f3ber 18-\u00e1n szentelt\u00e9k fel. A Rom\u00e1niai Magyar Sz\u00f3 akkori helyi tud\u00f3s\u00edt\u00f3ja k\u00f6vetkezetesen v\u00e9gigk\u00eds\u00e9rte az \u00e9p\u00edtkez\u00e9st, a terv ismertet\u00e9s\u00e9t\u0151l a felszentel\u00e9sig s az akkor k\u00e9sz\u00fclt fot\u00f3i j\u00f3l dokument\u00e1lj\u00e1k a hagyom\u00e1nyos katolikus \u00e9p\u00edt\u00e9szettel szembemen\u0151 terv fokozatos megval\u00f3sul\u00e1s\u00e1t.<br><br>A fenti k\u00e9pek azon a t\u00e9len k\u00e9sz\u00fcltek, amikor az angyalokat \u00f3ri\u00e1sdaruval a hely\u00fckre emelt\u00e9k, amikor tulajdonk\u00e9ppen megteremt\u0151d\u00f6tt a hely misztikum\u00e1nak t\u00e1rgyi vonzereje, ami egyediv\u00e9 teszi jelenleg az eg\u00e9sz vil\u00e1gon.<br><br>Tal\u00e1n ez\u00e9rt van az, hogy valah\u00e1nyszor turistacsoport \u00e9rkezik Cs\u00edkszered\u00e1ba, g\u00e9pkocsin vagy vas\u00faton \u2013 alkalomban pedig nincsen hi\u00e1ny, hiszen a cs\u00edksomly\u00f3i p\u00fcnk\u00f6sdi zar\u00e1ndoklat sz\u00e1zezreket vonz minden \u00e9vben a v\u00e1rosba -, a vend\u00e9gek szinte k\u00f6teless\u00e9gszer\u0171en tisztelet\u00fcket teszik az angyalos templomn\u00e1l. Kattognak a masin\u00e1k, peregnek a kamer\u00e1k, k\u00e9sz\u00fclnek az eml\u00e9kfot\u00f3k, csoportk\u00e9pek, fot\u00f3riportok, m\u0171v\u00e9szi felv\u00e9telek, hihetetlen mennyis\u00e9gben megsokszorozza mag\u00e1t a m\u0171\u00e9p\u00edt\u00e9sz \u00e9s a tervet megval\u00f3s\u00edt\u00f3 tan\u00edtv\u00e1nyai rendhagy\u00f3 szelleme.<br><br>Nekem m\u00e9gis ezek az \u00e9p\u00edtkez\u00e9si fot\u00f3k a kedvenceim: rajtuk \u00e9rzem igaz\u00e1n, hogy felserkenni k\u00e9sz\u00fcl valami. Minden egy\u00e9b a meg\u00e1llapodotts\u00e1g infl\u00e1ci\u00f3j\u00e1r\u00f3l besz\u00e9l\u2026<em><strong> (Cseke G\u00e1bor)<\/strong><\/em><\/p>\r\n","protected":false},"excerpt":{"rendered":"<p>Csak \u00fagy hemzseg a net \u2013 meg a vil\u00e1gon mindenfel\u00e9 az egy\u00e9ni fot\u00f3gy\u0171jtem\u00e9nyek \u2013 a cs\u00edkszeredai \u201cangyalos\u201d (tulajdonk\u00e9ppen: millenniumi) templomr\u00f3l k\u00e9sz\u00fclt felv\u00e9telekt\u0151l. Aki csak ell\u00e1togat a Hargita al\u00e1, Cs\u00edkszered\u00e1ba, nem \u00fassza meg, hogy el ne vigy\u00e9k\/kalauzolj\u00e1k (vagy el ne vezesse a j\u00f3sorsa) a Makovecz Imre \u00e1ltal (ingyen) tervezett, jurtaszer\u0171 templomhoz, amelynek tetej\u00e9n r\u00e9zangyalok t\u00e1ncos kara [&hellip;]<\/p>\n","protected":false},"author":3,"featured_media":0,"comment_status":"open","ping_status":"open","sticky":false,"template":"","format":"standard","meta":{"_monsterinsights_skip_tracking":false,"_monsterinsights_sitenote_active":false,"_monsterinsights_sitenote_note":"","_monsterinsights_sitenote_category":0,"ngg_post_thumbnail":0,"footnotes":""},"categories":[120,5],"tags":[],"class_list":["post-102768","post","type-post","status-publish","format-standard","hentry","category-essze","category-foto"],"_links":{"self":[{"href":"https:\/\/ujkafe.website\/index.php?rest_route=\/wp\/v2\/posts\/102768","targetHints":{"allow":["GET"]}}],"collection":[{"href":"https:\/\/ujkafe.website\/index.php?rest_route=\/wp\/v2\/posts"}],"about":[{"href":"https:\/\/ujkafe.website\/index.php?rest_route=\/wp\/v2\/types\/post"}],"author":[{"embeddable":true,"href":"https:\/\/ujkafe.website\/index.php?rest_route=\/wp\/v2\/users\/3"}],"replies":[{"embeddable":true,"href":"https:\/\/ujkafe.website\/index.php?rest_route=%2Fwp%2Fv2%2Fcomments&post=102768"}],"version-history":[{"count":0,"href":"https:\/\/ujkafe.website\/index.php?rest_route=\/wp\/v2\/posts\/102768\/revisions"}],"wp:attachment":[{"href":"https:\/\/ujkafe.website\/index.php?rest_route=%2Fwp%2Fv2%2Fmedia&parent=102768"}],"wp:term":[{"taxonomy":"category","embeddable":true,"href":"https:\/\/ujkafe.website\/index.php?rest_route=%2Fwp%2Fv2%2Fcategories&post=102768"},{"taxonomy":"post_tag","embeddable":true,"href":"https:\/\/ujkafe.website\/index.php?rest_route=%2Fwp%2Fv2%2Ftags&post=102768"}],"curies":[{"name":"wp","href":"https:\/\/api.w.org\/{rel}","templated":true}]}}