
{"id":102769,"date":"2022-09-05T02:54:52","date_gmt":"2022-09-05T02:54:52","guid":{"rendered":"https:\/\/ujkafe.website\/?p=102769"},"modified":"2022-09-04T18:48:52","modified_gmt":"2022-09-04T18:48:52","slug":"elloptak-churchillt","status":"publish","type":"post","link":"https:\/\/ujkafe.website\/?p=102769","title":{"rendered":"Ellopt\u00e1k Churchillt"},"content":{"rendered":"\r\n<p><em><strong>Livia Albeck-Ripka and McKenna Oxenden<\/strong><\/em><br><em><strong>New York Times<\/strong><\/em><\/p>\r\n<p><a href=\"https:\/\/ujkafe.website\/wp-content\/uploads\/2022\/09\/csorcsill.jpg\"><img loading=\"lazy\" decoding=\"async\" class=\"alignnone  wp-image-102773\" src=\"https:\/\/ujkafe.website\/wp-content\/uploads\/2022\/09\/csorcsill-234x300.jpg\" alt=\"\" width=\"340\" height=\"436\" srcset=\"https:\/\/ujkafe.website\/wp-content\/uploads\/2022\/09\/csorcsill-234x300.jpg 234w, https:\/\/ujkafe.website\/wp-content\/uploads\/2022\/09\/csorcsill.jpg 450w\" sizes=\"auto, (max-width: 340px) 100vw, 340px\" \/><\/a><br><br>Ez az \u00e1llamf\u00e9rfi legh\u00edresebb f\u00e9nyk\u00e9pei k\u00f6z\u00e9 tartozik. Winston Churchill, brit minisztereln\u00f6k, cs\u00edp\u0151re tett k\u00e9zzel n\u00e9z szigor\u00faan. A k\u00e9p eredeti, dedik\u00e1lt p\u00e9ld\u00e1nya \u00e9vtizedek \u00f3ta egy ottawai hotel fal\u00e1n l\u00f3g. P\u00e9nteken azonban egy alkalmazott \u00e9szrevette, hogy valami nincs rendben a fot\u00f3val, amelyet a neves portr\u00e9fot\u00f3s, Yousuf Karsh k\u00e9sz\u00edtett. A keret ferd\u00e9n \u00e1llt. Nem illett a falon l\u00e9v\u0151 t\u00f6bbi k\u00e9phez. A sz\u00e1lloda, a Fairmont Ch\u00e2teau Laurier felh\u00edvta Jerry Fieldert, Karsh \u00far hagyat\u00e9k\u00e1nak igazgat\u00f3j\u00e1t, az \u00fagy v\u00e9lte, \u201ckiz\u00e1rt\u201d, hogy a k\u00e9pet m\u00e1solatra cser\u00e9lt\u00e9k volna. Azt\u00e1n k\u00fcldtek neki egy k\u00f6zeli k\u00e9pet arr\u00f3l a szign\u00f3r\u00f3l, aminek Karsh \u00far al\u00e1\u00edr\u00e1s\u00e1nak kellett volna lennie. \u201cMegd\u00f6bbentem\u201d \u2013 mondta Fielder \u00far, megjegyezve, hogy a k\u00e9pet meghamis\u00edtott\u00e1k. \u201cEz rabl\u00e1s volt.\u201d<!--more--><br><br>A f\u00e9nyk\u00e9p 1941-ben k\u00e9sz\u00fclt, amikor Churchill a m\u00e1sodik vil\u00e1gh\u00e1bor\u00fa idej\u00e9n besz\u00e9det mondott a kanadai parlamentben. \u201cD\u00fcb\u00f6rg\u0151 oroszl\u00e1nnak\u201d bec\u00e9zt\u00e9k a brit vezet\u0151t vad tekintete \u00e9s a dacoss\u00e1g miatt, amelyet sokak szerint meg\u00f6r\u00f6k\u00edtett a fot\u00f3. Ez a f\u00e9nyk\u00e9p az akkor 33 \u00e9ves \u00f6rm\u00e9ny kanadai Karshot nemzetk\u00f6zi h\u00edrn\u00e9vre emelte. A k\u00e9s\u0151bbiekben Ernest Hemingwayt, Dwight D. Eisenhowert, Georgia O\u2019Keeffe-et \u00e9s Nyikita S. Hruscsovot is f\u00e9nyk\u00e9pezte.<br><br>Karshnak k\u00fcl\u00f6nleges kapcsolata volt a Fairmont sz\u00e1llod\u00e1val: Ott rendezte meg 1936-ban els\u0151 ki\u00e1ll\u00edt\u00e1s\u00e1t. 1972-ben megnyitotta fot\u00f3st\u00fadi\u00f3j\u00e1t az \u00e9p\u00fcletben. K\u00e9s\u0151bb \u0151 \u00e9s feles\u00e9ge, Estrellita Karsh ide k\u00f6lt\u00f6z\u00f6tt. \u201cOlyan sokat utaztunk, hogy neh\u00e9z volt fenntartani a nagy otthont\u201d \u2013 mondta a 92 \u00e9ves Karsh asszony kedd este telefonon. \u201cSzerettem\u201d \u2013 tette hozz\u00e1 \u2013 \u201cmert egy sz\u00e1lloda olyan, mint egy kis v\u00e1ros\u201d. \u0150 \u00e9s 2002-ben elhunyt f\u00e9rje a Churchill eredeti lenyomat\u00e1t \u2013 t\u00f6bb m\u00e1ssal egy\u00fctt \u2013 a sz\u00e1llod\u00e1nak adt\u00e1k, miut\u00e1n k\u00f6zel k\u00e9t \u00e9vtizeden \u00e1t ott \u00e9ltek. Karsh asszony elmondta, hogy amikor megtudta, hogy a k\u00e9p elt\u0171nt, hitetlenkedett.<br><br>A Fairmont sz\u00e1lloda kedden k\u00f6zlem\u00e9nyben tudatta, hogy t\u00e1j\u00e9koztatta a helyi hat\u00f3s\u00e1gokat a k\u00e9p elt\u0171n\u00e9s\u00e9r\u0151l, \u00e9s el\u0151vigy\u00e1zatoss\u00e1gb\u00f3l elt\u00e1vol\u00edtotta az \u00e9p\u00fclet olvas\u00f3term\u00e9ben l\u00f3g\u00f3 t\u00f6bbi f\u00e9nyk\u00e9pet. \u201cM\u00e9lys\u00e9gesen elszomor\u00edt benn\u00fcnket ez a szemtelen tett\u201d \u2013 mondta Genevi\u00e8ve Dumas, a sz\u00e1lloda vez\u00e9rigazgat\u00f3ja, hozz\u00e1t\u00e9ve, hogy a sz\u00e1lloda hihetetlen\u00fcl b\u00fcszke arra, hogy a Karsh-gy\u0171jtem\u00e9nynek ad otthont. A CTV Newsnak adott interj\u00faj\u00e1ban elmondta, hogy a k\u00f6z\u00f6ns\u00e9g fot\u00f3kat k\u00fcld\u00f6tt be mag\u00e1r\u00f3l a h\u00edres k\u00e9p el\u0151tt, amelyekb\u0151l kider\u00fclt, hogy valamikor december 25. \u00e9s janu\u00e1r 6. k\u00f6z\u00f6tt k\u00e9sz\u00fclt. A sz\u00e1lloda arra k\u00e9r mindenkit, aki l\u00e1tott vagy \u00e9szrevett valami szokatlant a sz\u00e1llod\u00e1ban ebben az id\u0151szakban, hogy vegye fel vel\u00fck a kapcsolatot \u2013 tette hozz\u00e1 Dumas asszony.<br><br>Fielder \u00far, Karsh \u00far hagyat\u00e9k\u00e1nak igazgat\u00f3ja elmondta, hogy a lenyomat egy eredeti negat\u00edvr\u00f3l k\u00e9sz\u00fclt, amelyet Karsh \u00far k\u00e9sz\u00edtett a Ch\u00e2teau Laurier m\u0171term\u00e9ben. Elmondta, hogy a k\u00e9p 20 x 24 h\u00fcvelyk m\u00e9ret\u0171, fot\u00f3pap\u00edrra nyomtatott \u00e9s arch\u00edv kartonra r\u00f6gz\u00edtett. Amikor Karsh \u00far 1992-ben bez\u00e1rta st\u00fadi\u00f3j\u00e1t, a negat\u00edvokat a kanadai k\u00f6nyvt\u00e1rnak \u00e9s arch\u00edvumnak adt\u00e1k \u00e1t \u2013 mondta. Fielder \u00far szerint m\u00e1solatokat nem enged\u00e9lyeztek; az egyetlen l\u00e9tez\u0151 nyomatok azok, amelyeket maga Karsh \u00far k\u00e9sz\u00edtett 1992 el\u0151tt. A CBC szerint az ottawai rend\u0151rs\u00e9g nyomoz az elt\u0171n\u00e9s \u00fcgy\u00e9ben. A hat\u00f3s\u00e1gok kedden nem reag\u00e1ltak a tov\u00e1bbi komment\u00e1rra vonatkoz\u00f3 megkeres\u00e9sre.<br><br>Karsh \u00far \u201cRoaring Lion\u201d (B\u00f6mb\u00f6l\u0151 Oroszl\u00e1n) c\u00edm\u0171 fot\u00f3j\u00e1nak egy m\u00e1sik, eredeti, dedik\u00e1lt p\u00e9ld\u00e1nya 62 500 doll\u00e1r\u00e9rt kelt el a Sotheby\u2019s aukci\u00f3j\u00e1n 2020-ban. A h\u00edres k\u00e9p, amelyet Karsh \u00far Churchillr\u0151l k\u00e9sz\u00edtett, azt k\u00f6vet\u0151en k\u00e9sz\u00fclt, hogy a fot\u00f3s megh\u00edv\u00e1st kapott Mackenzie King kanadai minisztereln\u00f6kt\u0151l, hogy meghallgassa Churchill 1941. december 30-\u00e1n a parlamentben elmondott \u201cvillanyoz\u00f3\u201d besz\u00e9d\u00e9t. Karsh \u00far, aki alig v\u00e1rta, hogy lef\u00e9nyk\u00e9pezhesse Churchillt, m\u00e1r el\u0151z\u0151 este fel\u00e1ll\u00edtotta a f\u00e9nyeket \u00e9s a kamer\u00e1t \u2013 olvashat\u00f3 Karsh \u00far honlapj\u00e1n.<br>\u201cChurchill l\u00e1that\u00f3an meglep\u0151d\u00f6tt.<br>\u201cMi ez, mi ez?\u201d \u2013 ugatott, amikor Mr. Karsh bekapcsolta a reflektorokat.<br>B\u00e1r Churchill bossz\u00fas volt, hogy nem sz\u00f3ltak neki a fot\u00f3z\u00e1sr\u00f3l, m\u00e9gis meggy\u00fajtott egy szivart, \u00e9s k\u00f6z\u00f6lte Mr. Karsh-hal, hogy csak egy l\u00f6v\u00e9se van.<br>Mr Karsh odatartotta a hamutart\u00f3t, de Churchill tov\u00e1bb p\u00f6f\u00e9kelt.<br>\u201cBocs\u00e1sson meg, uram\u201d \u2013 eml\u00e9kezett vissza Karsh \u00far, mik\u00f6zben elkapta a szivart. \u201cMire vissza\u00e9rtem a kamer\u00e1mhoz, olyan harciasnak t\u0171nt, hogy ak\u00e1r fel is falhatott volna\u201d \u2013 mondta Karsh \u00far. \u201cAbban a pillanatban k\u00e9sz\u00edtettem a f\u00e9nyk\u00e9pet.\u201d<br><br>B\u00e1r Karsh \u00far azt mondta, tudta, hogy fontos k\u00e9pet k\u00e9sz\u00edtett, \u201caligha \u00e1lmodhatta, hogy ez lesz a fotogr\u00e1fia t\u00f6rt\u00e9net\u00e9nek egyik legsz\u00e9lesebb k\u00f6rben reproduk\u00e1lt k\u00e9pe\u201d. A k\u00e9p 2016-ban a Nemzetk\u00f6zi Churchill T\u00e1rsas\u00e1g szerint a brit \u00f6tfontos bankjegyen is szerepelt. Karsh asszony szerint \u201cszomor\u00fa \u00e9s ostoba dolog\u201d volt ellopni a f\u00e9nyk\u00e9pet. \u201cRem\u00e9lem, hogy elfogj\u00e1k az illet\u0151t\u201d.<br><br>C\u00edmk\u00e9p: Yousuf Karsh fot\u00f3ja Winston Churchillr\u0151l. 1941-ben k\u00e9sz\u00fclt a kanadai Ottaw\u00e1ban. <br><br><em>Forr\u00e1s: \u00dajn\u00e9pszabads\u00e1g<\/em><\/p>\r\n","protected":false},"excerpt":{"rendered":"<p>Livia Albeck-Ripka and McKenna OxendenNew York Times Ez az \u00e1llamf\u00e9rfi legh\u00edresebb f\u00e9nyk\u00e9pei k\u00f6z\u00e9 tartozik. Winston Churchill, brit minisztereln\u00f6k, cs\u00edp\u0151re tett k\u00e9zzel n\u00e9z szigor\u00faan. A k\u00e9p eredeti, dedik\u00e1lt p\u00e9ld\u00e1nya \u00e9vtizedek \u00f3ta egy ottawai hotel fal\u00e1n l\u00f3g. P\u00e9nteken azonban egy alkalmazott \u00e9szrevette, hogy valami nincs rendben a fot\u00f3val, amelyet a neves portr\u00e9fot\u00f3s, Yousuf Karsh k\u00e9sz\u00edtett. A keret [&hellip;]<\/p>\n","protected":false},"author":3,"featured_media":0,"comment_status":"open","ping_status":"open","sticky":false,"template":"","format":"standard","meta":{"_monsterinsights_skip_tracking":false,"_monsterinsights_sitenote_active":false,"_monsterinsights_sitenote_note":"","_monsterinsights_sitenote_category":0,"ngg_post_thumbnail":0,"footnotes":""},"categories":[16,5],"tags":[],"class_list":["post-102769","post","type-post","status-publish","format-standard","hentry","category-bongeszde","category-foto"],"_links":{"self":[{"href":"https:\/\/ujkafe.website\/index.php?rest_route=\/wp\/v2\/posts\/102769","targetHints":{"allow":["GET"]}}],"collection":[{"href":"https:\/\/ujkafe.website\/index.php?rest_route=\/wp\/v2\/posts"}],"about":[{"href":"https:\/\/ujkafe.website\/index.php?rest_route=\/wp\/v2\/types\/post"}],"author":[{"embeddable":true,"href":"https:\/\/ujkafe.website\/index.php?rest_route=\/wp\/v2\/users\/3"}],"replies":[{"embeddable":true,"href":"https:\/\/ujkafe.website\/index.php?rest_route=%2Fwp%2Fv2%2Fcomments&post=102769"}],"version-history":[{"count":0,"href":"https:\/\/ujkafe.website\/index.php?rest_route=\/wp\/v2\/posts\/102769\/revisions"}],"wp:attachment":[{"href":"https:\/\/ujkafe.website\/index.php?rest_route=%2Fwp%2Fv2%2Fmedia&parent=102769"}],"wp:term":[{"taxonomy":"category","embeddable":true,"href":"https:\/\/ujkafe.website\/index.php?rest_route=%2Fwp%2Fv2%2Fcategories&post=102769"},{"taxonomy":"post_tag","embeddable":true,"href":"https:\/\/ujkafe.website\/index.php?rest_route=%2Fwp%2Fv2%2Ftags&post=102769"}],"curies":[{"name":"wp","href":"https:\/\/api.w.org\/{rel}","templated":true}]}}