
{"id":102770,"date":"2022-09-05T02:50:35","date_gmt":"2022-09-05T02:50:35","guid":{"rendered":"https:\/\/ujkafe.website\/?p=102770"},"modified":"2022-09-04T19:09:46","modified_gmt":"2022-09-04T19:09:46","slug":"ot-bemutatot-tart-az-uj-evadban-a-rozsavolgyi-szalon","status":"publish","type":"post","link":"https:\/\/ujkafe.website\/?p=102770","title":{"rendered":"\u00d6t bemutat\u00f3t tart az \u00faj \u00e9vadban a R\u00f3zsav\u00f6lgyi Szalon"},"content":{"rendered":"\r\n<div id=\"attachment_102772\" style=\"width: 635px\" class=\"wp-caption alignnone\"><a href=\"https:\/\/ujkafe.website\/wp-content\/uploads\/2022\/09\/Kovacs-Mate-Petrik-Andrea-Ujj-Meszaros-Karoly-Gyorgyi-Anna-Schmied-Zoltan.jpg\"><img loading=\"lazy\" decoding=\"async\" aria-describedby=\"caption-attachment-102772\" class=\"wp-image-102772\" src=\"https:\/\/ujkafe.website\/wp-content\/uploads\/2022\/09\/Kovacs-Mate-Petrik-Andrea-Ujj-Meszaros-Karoly-Gyorgyi-Anna-Schmied-Zoltan-300x200.jpg\" alt=\"\" width=\"625\" height=\"417\" srcset=\"https:\/\/ujkafe.website\/wp-content\/uploads\/2022\/09\/Kovacs-Mate-Petrik-Andrea-Ujj-Meszaros-Karoly-Gyorgyi-Anna-Schmied-Zoltan-300x200.jpg 300w, https:\/\/ujkafe.website\/wp-content\/uploads\/2022\/09\/Kovacs-Mate-Petrik-Andrea-Ujj-Meszaros-Karoly-Gyorgyi-Anna-Schmied-Zoltan-1024x683.jpg 1024w, https:\/\/ujkafe.website\/wp-content\/uploads\/2022\/09\/Kovacs-Mate-Petrik-Andrea-Ujj-Meszaros-Karoly-Gyorgyi-Anna-Schmied-Zoltan-768x512.jpg 768w, https:\/\/ujkafe.website\/wp-content\/uploads\/2022\/09\/Kovacs-Mate-Petrik-Andrea-Ujj-Meszaros-Karoly-Gyorgyi-Anna-Schmied-Zoltan-1536x1024.jpg 1536w, https:\/\/ujkafe.website\/wp-content\/uploads\/2022\/09\/Kovacs-Mate-Petrik-Andrea-Ujj-Meszaros-Karoly-Gyorgyi-Anna-Schmied-Zoltan.jpg 1600w\" sizes=\"auto, (max-width: 625px) 100vw, 625px\" \/><\/a><p id=\"caption-attachment-102772\" class=\"wp-caption-text\"><em>Kov\u00e1cs M\u00e1t\u00e9, Petrik Andrea, Ujj M\u00e9sz\u00e1ros K\u00e1roly, ,Gy\u00f6rgyi Anna, Schmied Zolt\u00e1n. Az Apr\u00f3bet\u0171s szerelem olvas\u00f3pr\u00f3b\u00e1j\u00e1n. Fot\u00f3 Kallus Gy\u00f6rgy.<\/em><\/p><\/div>\r\n<p><em><strong>K\u00fcl\u00f6nleges el\u0151ad\u00e1s k\u00e9sz\u00fcl B\u00e1lint Andr\u00e1s \u00e9s Jord\u00e1n Tam\u00e1s 80. sz\u00fclet\u00e9snapj\u00e1ra<\/strong><\/em><br><br>A tizenegyedik \u00e9vad\u00e1t kezdte a R\u00f3zsav\u00f6lgyi Szalon egy olvas\u00f3pr\u00f3b\u00e1val: az Apr\u00f3bet\u0171s szerelem c\u00edm\u0171 darab (szerz\u0151: Stephen Enersen) magyarorsz\u00e1gi bemutat\u00f3ja okt\u00f3ber 8-\u00e1n lesz. Petrik Andrea \u2013 kett\u0151s \u201ekismamasz\u00fcnet\u201d ut\u00e1n \u2013 l\u00e9p \u00fajra sz\u00ednpadra ebben az el\u0151ad\u00e1sban. Az Apr\u00f3bet\u0171s szerelem szerepl\u0151i most j\u00e1tszanak el\u0151sz\u00f6r \u00edgy, egy\u00fctt: Petrik Andrea, Schmied Zolt\u00e1n, Gy\u00f6rgyi Anna, Kov\u00e1cs M\u00e1t\u00e9. Ujj M\u00e9sz\u00e1ros K\u00e1roly viszi sz\u00ednre a darabot, ez a m\u00e1sodik rendez\u00e9se itt, az els\u0151nek is (Gyerekek) rendk\u00edv\u00fcli szakmai \u00e9s k\u00f6z\u00f6ns\u00e9gsikere van. Zim\u00e1nyi Zs\u00f3fia, a R\u00f3zsav\u00f6lgyi Szalon m\u0171v\u00e9szeti vezet\u0151je bejelentette: a R\u00f3zsav\u00f6lgyi Szalon \u2013 amely id\u00e9n tavasszal \u00fcnnepelte fenn\u00e1ll\u00e1s\u00e1nak tizedik \u00e9vfordul\u00f3j\u00e1t \u2013 a 2022\/23-as \u00faj \u00e9vadban \u00f6t bemutat\u00f3t tart. K\u00f6z\u00fcl\u00fck az egyik a Sz\u00ednh\u00e1zcsin\u00e1l\u00f3k, amely B\u00e1lint Andr\u00e1s \u00e9s Jord\u00e1n Tam\u00e1s k\u00f6z\u00f6s produkci\u00f3ja, s Jord\u00e1n Tam\u00e1s 80. sz\u00fclet\u00e9snapj\u00e1n mutatja be a sz\u00ednh\u00e1z. Az \u00faj \u00e9vadban l\u00e9p fel el\u0151sz\u00f6r a R\u00f3zsav\u00f6lgyi Szalonban: B\u00e1ns\u00e1gi Ildik\u00f3, Petrik Andrea, Szul\u00e1k Andrea, Sajg\u00e1l Erika, B\u00edr\u00f3 Panna Dominika, B\u00e1lint Andr\u00e1s, Brasch Bence, Epres Attila.<!--more--><br><br>A R\u00f3zsav\u00f6lgyi Szalon t\u00edz \u00e9v alatt 70 bemutat\u00f3t tartott; az \u00faj szezonban 5 premier lesz.<br>Az Apr\u00f3bet\u0171s szerelem bemutat\u00f3j\u00e1t decemberben k\u00f6veti a V\u00e1l\u00e1sguru (szerz\u0151: Tristan Petitgirard) Ullmann M\u00f3nika, J\u00f3zan L\u00e1szl\u00f3 \u00e9s Brasch Bence f\u0151szerepl\u00e9s\u00e9vel, \u0150ze \u00c1ron rendez\u00e9s\u00e9ben. Az \u00e9vad m\u00e1sodik fel\u00e9ben t\u0171zz\u00fck m\u0171sorra H\u00e1rs Anna Sz\u00edvhang c\u00edm\u0171 m\u0171v\u00e9t, amelyet a szerz\u0151 a R\u00f3zsav\u00f6lgyi Szalon felk\u00e9r\u00e9s\u00e9re \u00edrt; szerepl\u0151k: Szul\u00e1k Andrea, Sajg\u00e1l Erika, Gy\u00f6rgyi Anna, Epres Attila, rendez\u0151: Dics\u0151 D\u00e1niel. A Most akkor c\u00edm\u0171 darabot (\u00edr\u00f3: Sean Grennan) Herendi G\u00e1bor \u00e1ll\u00edtja sz\u00ednpadra, f\u0151szerepl\u0151i: B\u00e1ns\u00e1gi Ildik\u00f3, G\u00e1lv\u00f6lgyi J\u00e1nos, Csiby Gergely, B\u00edr\u00f3 Panna Dominika.<br>Az \u00f6t\u00f6dik premier k\u00fcl\u00f6nleges sz\u00ednh\u00e1zt\u00f6rt\u00e9neti esem\u00e9ny lesz. B\u00e1lint Andr\u00e1s \u00e9s Jord\u00e1n Tam\u00e1s k\u00f6z\u00f6s produkci\u00f3ja Sz\u00ednh\u00e1zcsin\u00e1l\u00f3k c\u00edmmel. 2023. janu\u00e1r 15-\u00e9n tartjuk a bemutat\u00f3j\u00e1t, Jord\u00e1n Tam\u00e1s, a Nemzet Sz\u00edn\u00e9sze 80. sz\u00fclet\u00e9snapj\u00e1n. \u201eB\u00e1lint Andr\u00e1s \u00e9s Jord\u00e1n Tam\u00e1s azzal kerestek meg, hogy mindketten 80 \u00e9vesek lesznek 2023-ban, nagyon j\u00f3 bar\u00e1tok, rengeteg k\u00f6z\u00f6s t\u00f6rt\u00e9net\u00fck van, \u00e9s ennek kapcs\u00e1n k\u00e9sz\u00edten\u00e9nek n\u00e1lunk egy k\u00f6z\u00f6s el\u0151ad\u00e1st. \u0150k \u00edrj\u00e1k, \u00e9s belesz\u00f6vik Moln\u00e1r Ferenc t\u00f6bb mint 100 \u00e9vvel ezel\u0151tti budapesti \u00edr\u00e1sait, publicisztik\u00e1it, amelyek ak\u00e1r ma is \u00edr\u00f3dhattak volna. Az el\u0151ad\u00e1s k\u00f6t\u0151dik a f\u0151v\u00e1ros 150. sz\u00fclet\u00e9snapj\u00e1hoz is. Boldogan ad helyet a R\u00f3zsav\u00f6lgyi Szalon korunk k\u00e9t jelent\u0151s sz\u00ednh\u00e1zcsin\u00e1l\u00f3j\u00e1nak. Jord\u00e1n Tam\u00e1s r\u00e1ad\u00e1sul kezdett\u0151l kapcsol\u00f3dik hozz\u00e1nk, jelenleg is h\u00e1rom el\u0151ad\u00e1sunkban \u2013 romance.com, A k\u00e9t p\u00e1pa \u00e9s Az utols\u00f3 \u00f3ra \u2013 j\u00e1tszik. B\u00e1lint Andr\u00e1st pedig r\u00e9g\u00f3ta szerettem volna megnyerni a sz\u00ednh\u00e1zunknak\u201d, mondta Zim\u00e1nyi Zs\u00f3fia.<br>A R\u00f3zsav\u00f6lgyi Szalon kezdett\u0151l olyan darabokat mutat be, amelyek jelent\u0151s \u00e9rt\u00e9ket k\u00e9pviselnek a magyar \u00e9s k\u00fclf\u00f6ldi kort\u00e1rs irodalomban, s amelyeket m\u00e9g nem mutattak be, vagy sz\u00ednpadi v\u00e1ltozatban nem ker\u00fcltek m\u00e9g sz\u00ednre Magyarorsz\u00e1gon. \u201eIgyeksz\u00fcnk olyan t\u00e9m\u00e1kkal foglalkozni, amelyek a mai kor k\u00edv\u00e1ncsi, gondolkod\u00f3 ember\u00e9t \u00e9rdeklik. Ebben a rendk\u00edv\u00fcl neh\u00e9z id\u0151szakban a kultur\u00e1lis szc\u00e9na, egy\u00e1ltal\u00e1n az eg\u00e9sz vil\u00e1gunk nagyobb \u00f6sszefog\u00e1st, egym\u00e1sra figyel\u00e9st, szolidarit\u00e1st ig\u00e9nyel mindny\u00e1junkt\u00f3l \u2013 alkot\u00f3kt\u00f3l, k\u00f6z\u00f6ns\u00e9gt\u0151l, t\u00e1mogat\u00f3kt\u00f3l. T\u00e1rsadalmi szempontb\u00f3l \u00e9rz\u00e9keny, sz\u00ednvonalasan sz\u00f3rakoztat\u00f3, de mindig m\u0171v\u00e9szi ig\u00e9ny\u0171 el\u0151ad\u00e1sokat mutatunk be. Erre garancia a n\u00e1lunk alkot\u00f3k k\u00f6re. Nincs \u00e1lland\u00f3 t\u00e1rsulatunk, de olyan er\u0151s a k\u00f6tel\u00e9k\u00fcnk az alkot\u00f3inkkal, hogy \u0151k is azt \u00e9rzik, mintha \u00e1lland\u00f3 t\u00e1rsulathoz tartozn\u00e1nak. Ezt a k\u00f6rt tudatosan b\u0151v\u00edtj\u00fck, az \u00faj \u00e9vadban B\u00e1ns\u00e1gi Ildik\u00f3, Petrik Andrea, Szul\u00e1k Andrea, Sajg\u00e1l Erika, B\u00edr\u00f3 Panna Dominika, B\u00e1lint Andr\u00e1s, Brasch Bence, Epres Attila csatlakozik hozz\u00e1nk egy-egy produkci\u00f3ban. Mi azt k\u00e9pviselj\u00fck: ha bizonytalan is k\u00f6r\u00fcl\u00f6tt\u00fcnk minden, a m\u0171v\u00e9szet meger\u0151s\u00edt minket. A R\u00f3zsav\u00f6lgyi Szalon \u00e1lland\u00f3 \u00e9s \u00e9l\u0151 p\u00e1rbesz\u00e9dben van a k\u00f6z\u00f6ns\u00e9g\u00e9vel. Ez a sz\u00ednh\u00e1z l\u00e9nyege, ez a kapcsolat.\u201d<br><br><em><strong>A R\u00f3zsav\u00f6lgyi Szalon \u2013 sz\u00e1mokban<\/strong><\/em><\/p>\r\n<p><br>A 2021\/22-es jubileumi \u00e9vadban \u00f6sszesen 309 el\u0151ad\u00e1st tartott a sz\u00ednh\u00e1z, ebb\u0151l 261 volt a R\u00f3zsav\u00f6lgyi Szalonban, 48 pedig szerte az orsz\u00e1gban. Csaknem 28 ezren v\u00e1ltottak jegyet el\u0151ad\u00e1sainkra a pand\u00e9mia ut\u00e1ni, de az\u00e9rt m\u00e9g a j\u00e1rv\u00e1nnyal s\u00fajtott, olykor m\u00e9g k\u00e9nyszersz\u00fcnetes \u00e9vadban.<br>Produkci\u00f3ink k\u00f6z\u00fcl Az utols\u00f3 \u00f3ra a 275., a Valami csaj(ok) a 152., a T\u00e1nc\u00f3r\u00e1k a 100. el\u0151ad\u00e1s\u00e1n\u00e1l van t\u00fal. A romance.com hamarosan el\u00e9ri a 150., a Diplom\u00e1cia a 120., A k\u00e9t p\u00e1pa az 50. el\u0151ad\u00e1s\u00e1t. A V\u00e9gsz\u00f3 \u00e9s a Kereszt\u00fcl-kasul a 40. el\u0151ad\u00e1s\u00e1n\u00e1l j\u00e1r.<\/p>\r\n<p><em><strong>Szerkesztette: N\u00e1szta Katalin<\/strong><\/em><\/p>\r\n","protected":false},"excerpt":{"rendered":"<p>K\u00fcl\u00f6nleges el\u0151ad\u00e1s k\u00e9sz\u00fcl B\u00e1lint Andr\u00e1s \u00e9s Jord\u00e1n Tam\u00e1s 80. sz\u00fclet\u00e9snapj\u00e1ra A tizenegyedik \u00e9vad\u00e1t kezdte a R\u00f3zsav\u00f6lgyi Szalon egy olvas\u00f3pr\u00f3b\u00e1val: az Apr\u00f3bet\u0171s szerelem c\u00edm\u0171 darab (szerz\u0151: Stephen Enersen) magyarorsz\u00e1gi bemutat\u00f3ja okt\u00f3ber 8-\u00e1n lesz. Petrik Andrea \u2013 kett\u0151s \u201ekismamasz\u00fcnet\u201d ut\u00e1n \u2013 l\u00e9p \u00fajra sz\u00ednpadra ebben az el\u0151ad\u00e1sban. Az Apr\u00f3bet\u0171s szerelem szerepl\u0151i most j\u00e1tszanak el\u0151sz\u00f6r \u00edgy, egy\u00fctt: Petrik [&hellip;]<\/p>\n","protected":false},"author":3,"featured_media":0,"comment_status":"open","ping_status":"open","sticky":false,"template":"","format":"standard","meta":{"_monsterinsights_skip_tracking":false,"_monsterinsights_sitenote_active":false,"_monsterinsights_sitenote_note":"","_monsterinsights_sitenote_category":0,"ngg_post_thumbnail":0,"footnotes":""},"categories":[5,8],"tags":[],"class_list":["post-102770","post","type-post","status-publish","format-standard","hentry","category-foto","category-hir"],"_links":{"self":[{"href":"https:\/\/ujkafe.website\/index.php?rest_route=\/wp\/v2\/posts\/102770","targetHints":{"allow":["GET"]}}],"collection":[{"href":"https:\/\/ujkafe.website\/index.php?rest_route=\/wp\/v2\/posts"}],"about":[{"href":"https:\/\/ujkafe.website\/index.php?rest_route=\/wp\/v2\/types\/post"}],"author":[{"embeddable":true,"href":"https:\/\/ujkafe.website\/index.php?rest_route=\/wp\/v2\/users\/3"}],"replies":[{"embeddable":true,"href":"https:\/\/ujkafe.website\/index.php?rest_route=%2Fwp%2Fv2%2Fcomments&post=102770"}],"version-history":[{"count":0,"href":"https:\/\/ujkafe.website\/index.php?rest_route=\/wp\/v2\/posts\/102770\/revisions"}],"wp:attachment":[{"href":"https:\/\/ujkafe.website\/index.php?rest_route=%2Fwp%2Fv2%2Fmedia&parent=102770"}],"wp:term":[{"taxonomy":"category","embeddable":true,"href":"https:\/\/ujkafe.website\/index.php?rest_route=%2Fwp%2Fv2%2Fcategories&post=102770"},{"taxonomy":"post_tag","embeddable":true,"href":"https:\/\/ujkafe.website\/index.php?rest_route=%2Fwp%2Fv2%2Ftags&post=102770"}],"curies":[{"name":"wp","href":"https:\/\/api.w.org\/{rel}","templated":true}]}}