
{"id":102787,"date":"2022-09-07T02:51:31","date_gmt":"2022-09-07T02:51:31","guid":{"rendered":"https:\/\/ujkafe.website\/?p=102787"},"modified":"2022-09-06T18:46:06","modified_gmt":"2022-09-06T18:46:06","slug":"boloni-domokos-bongeszoje-581","status":"publish","type":"post","link":"https:\/\/ujkafe.website\/?p=102787","title":{"rendered":"B\u00f6l\u00f6ni Domokos b\u00f6ng\u00e9sz\u0151je"},"content":{"rendered":"\r\n<p><em><strong>P\u00daPOS EMB\u00d6R A SZEK\u00c9RBEN<\/strong><\/em><br><br>Homor\u00f3dszentm\u00e1rtonr\u00f3l tudni kell, hogy j\u00e1r\u00e1sk\u00f6zpont, 5000 hekt\u00e1rnyi ter\u00fclettel; t\u00f6bb mint t\u00edz faluja van: L\u00f3kod, K\u00e9nos, B\u00e1gy, Recseny\u00e9d, Gyepes, Remete, Homor\u00f3dkem\u00e9nyfalva, Homor\u00f3dab\u00e1sfalva, Szentp\u00e1l, J\u00e1nosfalva, Szentp\u00e9ter, B\u00fckkfala. A t\u00edz faluban h\u00e9t vall\u00e1s van: unit\u00e1rius, reform\u00e1tus, katolikus, zsid\u00f3, ortodox, baptista \u00e9s Jehova tan\u00fai. <!--more-->A k\u00f6rny\u00e9ket vall\u00e1sszabads\u00e1g jellemzi, a le\u00e1nyaikat hozz\u00e1adj\u00e1k ak\u00e1rmilyen vall\u00e1s\u00fa leg\u00e9nyhez; fel sem mer\u00fcl az, hogy egy unit\u00e1rius ne venne el egy reform\u00e1tust. Mondhatjuk azt, hogy a sz\u00e9kelyf\u00f6ldi felmen\u0151ink mind egy sz\u00e1lig unit\u00e1riusok, Viktor is annak sz\u00fcletett. <br>Hogy azt\u00e1n milyen nevet adtak nek\u00fcnk\u2026 Szentm\u00e1rtonban \u00fagy mondj\u00e1k: \u201eEllem\u00e9r.\u201d <br>Viktornak \u00fagy v\u00e1lasztottak nevet, mintha tudt\u00e1k volna, hogy nem \u00e1rt, ha egy nemzetk\u00f6zileg jelent\u0151s embernek nemzetk\u00f6zileg is j\u00f3l cseng\u0151 neve van. Persze, amikor kint volt, akkor nem Rom\u00e1n Viktor volt, hanem Victor Roman, \u201eVictor.\u201d<br>A sz\u00e9kely nyelvnek v\u00e1ltozatos [elt\u00e9r\u0151] form\u00e1j\u00e1t haszn\u00e1lj\u00e1k a Homor\u00f3d-mentiek \u00e9s az erd\u0151vid\u00e9kiek. Erd\u0151vid\u00e9khez tartozik Vargyas, Bar\u00f3t, F\u00fcle \u00e9s m\u00e9g t\u00f6bb falu. Van egy kicsi differencia [k\u00fcl\u00f6nbs\u00e9g], p\u00e9ld\u00e1ul a keny\u00e9rnek az erd\u0151vid\u00e9ki \u00fagy mondja, hogy keny\u00e9r, n\u00e1lunkfel\u00e9 a Homor\u00f3d ment\u00e9n, az \u201ekiny\u00e9r\u201d. Vannak m\u00e9g ilyen elt\u00e9r\u00e9sek, de a nyelvnek a sz\u00e9ps\u00e9g\u00e9t megtanulta a kicsi, rongyos nadr\u00e1g\u00fa gyermek \u00fagy Erd\u0151vid\u00e9ken, a Rika mezej\u00e9n, mint itt, a Homor\u00f3d ment\u00e9n.<br>Kezdj\u00fck azzal, hogy ez a Rom\u00e1n Viktor nev\u0171 gyerek megsz\u00fcletett 1937-ben. A jobbacska gazd\u00e1kn\u00e1l, az iparos emberekn\u00e9l az volt a szok\u00e1s, hogy mikor megsz\u00fcletett a gyermek, az ab\u00e1sfalvi cig\u00e1nyok lej\u00f6ttek, s elh\u00faztak egy megfelel\u0151 n\u00f3t\u00e1t az apa tisztelet\u00e9re. H\u00e1t, Viktor eset\u00e9ben ez pontosan a \u201eR\u00e1k\u00f3czi indul\u00f3\u201d volt, \u00fagyhogy a \u201eR\u00e1k\u00f3czi indul\u00f3\u201d \u00e9s a \u201eLehullott a rezg\u0151ny\u00e1rfa ez\u00fcstsz\u00edn\u0171 levele\u201d k\u00f6z\u00f6tt \u00e9lt 58 \u00e9vet.<br>Viktornak a m\u0171v\u00e9szete ott kezd\u0151d\u00f6tt, hogy \u00f6t-hat esztend\u0151s kor\u00e1ban elkezdett faragni. A sz\u00e9kely gyermek, mondjuk, hat esztend\u0151s kor\u00e1ban bicskatulajdonos, t\u00edz esztend\u0151s kor\u00e1ban pedig kez\u00e9be adj\u00e1k a fejsz\u00e9t. <br>Annyit faragott, hogy ap\u00e1mnak a bicsk\u00e1i kezdtek odalenni [elt\u0171nni], \u00fagyhogy ap\u00e1m azt mondta: \u201e\u00c1lljunk meg, hozok neked agyagot, s azzal foglalkozz\u00e1l, ne mind a bicsk\u00e1val dolgozz\u00e1l.\u201d \u00dagyhogy hat esztend\u0151s kor\u00e1ban agyag ker\u00fclt a kez\u00e9be, onna[n]t\u00f3l kezdve a h\u00e1zunk tele volt megk\u00f6t\u00f6tt agyagdarabokkal, az \u00e1gyt\u00f3l elkezdve minden\u00fctt. H\u00e9t-nyolc esztend\u0151s kor\u00e1ra megint visszat\u00e9rt a bicsk\u00e1hoz, mert a szekeret nem lehetett agyagb\u00f3l megcsin\u00e1lni. A szekeret m\u00e1r kicsi kor\u00e1t\u00f3l csud\u00e1lta, \u00fagy, hogy kifaragta bicsk\u00e1val, \u00e9s bel\u00e9\u00fcltette a l\u00f3kodi embert a szek\u00e9r derek\u00e1ba. V\u00e9n Ily\u00e9sn\u00e9, aki a szomsz\u00e9dba\u2019 lakott, azt mondta: \u201eTe, Viktor nem kapt\u00e1l volna egy \u00fcgyesebb szentm\u00e1rtoni emb\u00f6rt abba a szek\u00e9r derek\u00e1ba, pont ezt a p\u00fapos h\u00e1t\u00fa Lov\u00e1sz D\u00e9n\u00f6st kellett bel\u00e9 \u00fcltetni?\u201d<br>(\u2026)<br>Ap\u00e1m\u00e9k be\u00edratt\u00e1k a Marosv\u00e1s\u00e1rhelyi M\u0171v\u00e9szeti L\u00edceumba, s ott Izs\u00e1k Marcinak, az igazgat\u00f3nak a keze al\u00e1 ker\u00fclt. Egy\u00e9bk\u00e9nt meg kell jegyezni, hogy Viktor meg Hunyadi Laci, a k\u00e9s\u0151bbi neves szobr\u00e1sz, egy oszt\u00e1lyba j\u00e1rtak.<br>(\u2026)<br>Egy id\u0151ben Hunyadival azzal h\u00fcly\u00fcltek, hogy ha kell, \u00fagy megcsin\u00e1ljuk, hogy a sz\u0151r is ott a szobron. Erre azt mondja Viktor: A sz\u0151r? H\u00e1t ezut\u00e1n \u00fagy h\u00edvjuk egym\u00e1st, hogy \u201eSir!\u201d <br>De h\u00e1t vannak ilyen dolgok a m\u0171v\u00e9szekben, van egy olyan hangulat, egy olyan rezg\u00e9s, ami a k\u00f6zemberre nem jellemz\u0151.<br><br><em>(Rom\u00e1n Elem\u00e9r visszaeml\u00e9kez\u00e9se, 2017)<\/em><\/p>\r\n","protected":false},"excerpt":{"rendered":"<p>P\u00daPOS EMB\u00d6R A SZEK\u00c9RBEN Homor\u00f3dszentm\u00e1rtonr\u00f3l tudni kell, hogy j\u00e1r\u00e1sk\u00f6zpont, 5000 hekt\u00e1rnyi ter\u00fclettel; t\u00f6bb mint t\u00edz faluja van: L\u00f3kod, K\u00e9nos, B\u00e1gy, Recseny\u00e9d, Gyepes, Remete, Homor\u00f3dkem\u00e9nyfalva, Homor\u00f3dab\u00e1sfalva, Szentp\u00e1l, J\u00e1nosfalva, Szentp\u00e9ter, B\u00fckkfala. A t\u00edz faluban h\u00e9t vall\u00e1s van: unit\u00e1rius, reform\u00e1tus, katolikus, zsid\u00f3, ortodox, baptista \u00e9s Jehova tan\u00fai.<\/p>\n","protected":false},"author":3,"featured_media":0,"comment_status":"open","ping_status":"open","sticky":false,"template":"","format":"standard","meta":{"_monsterinsights_skip_tracking":false,"_monsterinsights_sitenote_active":false,"_monsterinsights_sitenote_note":"","_monsterinsights_sitenote_category":0,"ngg_post_thumbnail":0,"footnotes":""},"categories":[16,1],"tags":[],"class_list":["post-102787","post","type-post","status-publish","format-standard","hentry","category-bongeszde","category-nincs-kategorizalva"],"_links":{"self":[{"href":"https:\/\/ujkafe.website\/index.php?rest_route=\/wp\/v2\/posts\/102787","targetHints":{"allow":["GET"]}}],"collection":[{"href":"https:\/\/ujkafe.website\/index.php?rest_route=\/wp\/v2\/posts"}],"about":[{"href":"https:\/\/ujkafe.website\/index.php?rest_route=\/wp\/v2\/types\/post"}],"author":[{"embeddable":true,"href":"https:\/\/ujkafe.website\/index.php?rest_route=\/wp\/v2\/users\/3"}],"replies":[{"embeddable":true,"href":"https:\/\/ujkafe.website\/index.php?rest_route=%2Fwp%2Fv2%2Fcomments&post=102787"}],"version-history":[{"count":0,"href":"https:\/\/ujkafe.website\/index.php?rest_route=\/wp\/v2\/posts\/102787\/revisions"}],"wp:attachment":[{"href":"https:\/\/ujkafe.website\/index.php?rest_route=%2Fwp%2Fv2%2Fmedia&parent=102787"}],"wp:term":[{"taxonomy":"category","embeddable":true,"href":"https:\/\/ujkafe.website\/index.php?rest_route=%2Fwp%2Fv2%2Fcategories&post=102787"},{"taxonomy":"post_tag","embeddable":true,"href":"https:\/\/ujkafe.website\/index.php?rest_route=%2Fwp%2Fv2%2Ftags&post=102787"}],"curies":[{"name":"wp","href":"https:\/\/api.w.org\/{rel}","templated":true}]}}