
{"id":102788,"date":"2022-09-07T02:53:41","date_gmt":"2022-09-07T02:53:41","guid":{"rendered":"https:\/\/ujkafe.website\/?p=102788"},"modified":"2022-09-06T18:51:27","modified_gmt":"2022-09-06T18:51:27","slug":"fekete-istvan-osz-tajan","status":"publish","type":"post","link":"https:\/\/ujkafe.website\/?p=102788","title":{"rendered":"Fekete Istv\u00e1n: \u0150sz t\u00e1j\u00e1n"},"content":{"rendered":"\r\n<p>\u00d6regember \u00fclt az asztal mellett, \u00e9s kin\u00e9zett az ablakon. Csak n\u00e9zett. Kalapja az \u00f6l\u00e9ben, botja k\u00e9t t\u00e9rde k\u00f6z\u00f6tt, \u00e9s szeme meg se rebbent a szigor\u00fa n\u00e9z\u00e9sben. Az ablakban k\u00e9t musk\u00e1tli k\u00f6z\u00f6tt a szomsz\u00e9d k\u00e9m\u00e9nye l\u00e1tszott, a k\u00e9m\u00e9nyen g\u00f3lyaf\u00e9szek. A f\u00e9szek perem\u00e9n a kis g\u00f3ly\u00e1k sz\u00e1rnyukat pr\u00f3b\u00e1lgatt\u00e1k: n\u00e9ha felugrottak a leveg\u0151be, \u00e9s p\u00e1r pillanatig fent is maradtak.<br>Az \u00f6regember b\u00f3lintott.<br>K\u00f6zben meg\u00e9rkezett hol az egyik \u00f6reg g\u00f3lya, hol a m\u00e1sik, \u00e9s sorj\u00e1ban megetette a fiakat. A fiatalok tolongtak, l\u00f6kd\u00f6st\u00e9k egym\u00e1st, de az \u00f6regek sose t\u00e9vesztett\u00e9k el, melyik kapott m\u00e1r, \u00e9s az er\u0151szakoskod\u00f3t kem\u00e9nyen f\u00e9lrel\u00f6kt\u00e9k.<!--more--><br>Az \u00f6regember megint b\u00f3lintott.<br>J\u00falius elej\u00e9n j\u00e1rt az id\u0151. P\u00e1r\u00e1s, meleg reggel volt, \u00e9s az \u00f6reg arra v\u00e1rt, hogy tariszny\u00e1j\u00e1t megrakj\u00e1k egy h\u00e9tre val\u00f3 \u00e9lelemmel. Ment volna m\u00e1r, mert a kunyh\u00f3t csak a kutya \u0151rzi, de nem mehetett, mert \u00f6zvegyasszony l\u00e1nya az unok\u00e1val volt a konyh\u00e1ban elfoglalva.<br>\u2013 Na, gyere m\u00e1r, P\u00e9terk\u00e9m\u2026<br>\u2013 El\u0151bb adjon enni\u2026<br>\u2013 Kapsz azut\u00e1n; ippen l\u00e1ngos van; de v\u00e1r \u00f6regap\u00e1d\u2026<br>\u2013 Nem megyek!<br>\u2013 Csak az arcodat mosom meg.<br>\u2013 Nem. El\u0151bb enni adjon\u2026<br>A v\u00e9n cs\u0151sz n\u00e9zte a g\u00f3ly\u00e1kat. Most mind a k\u00e9t \u00f6reg mad\u00e1r ott volt, \u00e9s mereven azt figyelt\u00e9k, hogy a fiatalok hogyan rep\u00fclnek \u00e1t egyik k\u00e9m\u00e9nyr\u0151l a m\u00e1sikra. Tal\u00e1n ez volt az els\u0151 rep\u00fcl\u00e9s\u00fck, mert a k\u00e9m\u00e9nyt alig tudt\u00e1k el\u00e9rni, de el\u00e9rt\u00e9k. Csak a harmadik kis g\u00f3lya t\u00e9tov\u00e1zott. A m\u00e1sik kett\u0151 m\u00e1r k\u00e9tszer is megrep\u00fclte a r\u00f6vid utat, de a harmadik felugrott ugyan a leveg\u0151be, azt\u00e1n visszaereszkedett \u00fajra a f\u00e9szekre. \u00c9s amikor m\u00e1r harmadszor rebbent fel, \u00e9s harmadszor is meggondolta mag\u00e1t, az egyik \u00f6reg mad\u00e1r \u00fagy al\u00e1v\u00e1gott, hogy az ijedts\u00e9gt\u0151l vagy a f\u00e1jdalomt\u00f3l majdnem leesett ugyan, de rep\u00fclt v\u00e9gre; oda is \u00e9s vissza is. Akkor a g\u00f3ly\u00e1k visszahajtott\u00e1k nyakukat, \u00e9s kelepeltek.<br>Az \u00f6reg pedig felkelt, \u00e9s kiment a konyh\u00e1ba. A gyerek \u00fclt a padon borzasan, mosdatlanul, egyik l\u00e1b\u00e1t makacsul a m\u00e1sikra fonva.<br>\u2013 Itt van \u00f6regap\u00e1d is, na, gyere \u2013 \u00e9s az asszony r\u00e1n\u00e9zett apj\u00e1ra. Hosszan n\u00e9zett r\u00e1, \u00e9s leeresztette a kez\u00e9t sz\u00e9gyenl\u0151sen \u00e9s ijedten. A konyh\u00e1ban csend lett.<br>\u2013 Ne er\u0151ltesd, Mari. Kett\u0151nkre szedj \u00f6ssze kenyeret, miegym\u00e1st. A gyerek is gy\u00fcn.<br>\u2013 Kiviszi, \u00e9desap\u00e1m?<br>\u2013 Ki!<br>\u2013 Nem sok szabads\u00e1ga van m\u00e1r \u2013 mondta az asszony k\u00e9rlel\u0151en \u2013, be\u00edrattam az els\u0151be\u2026<br>Az \u00f6reg a sz\u0171rt a padk\u00e1ra l\u00f6kte, s a sz\u0171r nagy csatja neki\u00fct\u0151d\u00f6tt a mosd\u00f3t\u00e1lnak, hideg, kem\u00e9ny csattan\u00e1ssal.<br>\u2013 Jobb, ha P\u00e9t\u00f6rnek az apja tariszny\u00e1j\u00e1ba pakulsz, az enyimbe nem f\u00e9r el. Pokr\u00f3cot az ist\u00e1ll\u00f3bul viszek. Az asszony szeme elnedvesedett, a gyerek ijedten lapult.<br>\u2013 Mozdulj! \u2013 n\u00e9zett r\u00e1 az \u00f6regember hideg csendess\u00e9ggel, \u00e9s a kisgyerek f\u00fcrg\u00e9n lecs\u00faszott a padr\u00f3l.<br>*<br>Ez j\u00faliusban volt, j\u00falius elej\u00e9n, most pedig szeptember van. Hajnal. A kukorica m\u00e1r elhallgatott, mert harmat sz\u00e1llt \u00e9jszaka a besz\u00e9des levelekre, \u00e9s a t\u00fccsk\u00f6k is eln\u00e9multak, mert a citer\u00e1k h\u00farja megereszkedett az \u00e9bred\u00e9s j\u00f3zans\u00e1g\u00e1nak p\u00e1r\u00e1j\u00e1ban.<br>Csak a t\u0171z \u00e9l m\u00e9g a hamu alatt, \u00e9s l\u00e1gy, k\u00e9k f\u00fcsttel tapogatja az \u00e9rkez\u0151 vil\u00e1goss\u00e1got.<br>A kunyh\u00f3n most kezd sz\u00edne lenni a t\u00f6kvir\u00e1gnak, amib\u0151l m\u00e1r sose lesz t\u00f6k, de ez nem baj. A patakparton egy varj\u00fa k\u00e1rog, \u00e9bresztgetv\u00e9n a vil\u00e1got, \u00e9s d\u00fch\u00f6sen recsegteti a riad\u00f3t, mert senki sem igazodik hozz\u00e1.<br>Az \u00f6reg cs\u0151sz \u00e1tballag a kis h\u00eddon, \u00e9s feln\u00e9z a varj\u00fahoz:<br>\u2013 Fen\u00e9nek l\u00e1rm\u00e1zol, m\u00e1s tal\u00e1n nem tudja, hogy reggel van?<br>A kunyh\u00f3 el\u0151tt P\u00e9ter rakja a t\u00fczet. Az \u00f6reg meg\u00e1ll a kukorica k\u00f6zt, miel\u0151tt ki\u00e9rne, \u00e9s n\u00e9zi a gyereket. Hosszan \u00e9s csendesen. A t\u0171z l\u00e1ngra kap, \u00e9s pattanik n\u00e9ha, mintha sz\u00e1raz \u00e1gat t\u00f6rne valaki, \u00e1mb\u00e1r, hiszen t\u00f6ri a t\u0171z is.<br>A gyerek \u00e1s\u00edt.<br>\u2013 R\u00e1\u00e9rt\u00e9l volna \u2013 l\u00e9p oda az \u00f6reg \u2013, van m\u00e9g id\u0151.<br>\u2013 Vizet hoztam, meg meg is kellett mosd\u00f3zni. Azt mondj\u00e1k, ott megn\u00e9zik az ember kezit is\u2026<br>\u2013 Na, a tiedet megn\u00e9zhetik\u2026<br>A gyerek maga el\u00e9 tartja k\u00e9t kis kez\u00e9t.<br>\u2013 \u00d6regap\u00e1m is elgy\u00fcn az iskol\u00e1ig?<br>\u2013 Ha akarod\u2026 \u00c1mb\u00e1r aki \u00e9jjel meg meri j\u00e1rni a hat\u00e1rt, aki meg meri \u00e1ll\u00edtani az ideg\u00f6n kocsit\u2026 \u00c9s te megmerted\u2026<br>\u2013 Nem f\u00e9lek \u00e9n!<br>Az \u00f6reg sz\u0151l\u0151t rak ki a pokr\u00f3cra, meg alm\u00e1t, pirosat.<br>\u2013 De az\u00e9rt elmegyek veled; mert m\u00e9rt ne menn\u00e9k? Ilyen meg \u2013 int a gy\u00fcm\u00f6lcs\u00f6k fel\u00e9 \u2013, ilyen nem lesz ott senkinek.<br>A varj\u00fa elhallgatott m\u00e1r, a t\u0171z is elt\u0171nt a nap ragyog\u00e1s\u00e1ban, n\u00e9m\u00e1n \u00e9rik a hat\u00e1r, \u00e9s csak az \u00f6reg ballag az unok\u00e1val a csendes d\u0171l\u0151\u00faton. Most a kez\u00e9t fogja, mert nagy \u00fat a mai. Sz\u00f3 nincs, de a k\u00e9zfog\u00e1sban minden benne van. Enn\u00e9l t\u00f6bbet mondani \u00fagysem lehetne.<br>Az \u00e9gen g\u00f3ly\u00e1k rep\u00fclnek d\u00e9l fel\u00e9, s amikor az \u00f6reg feltekint, egy pillanatra elereszti a gyerek kez\u00e9t.<br>Elereszthetem m\u00e1r \u00e9n is \u2013 gondolja, de az\u00e9rt m\u00e9giscsak \u00fajra megfogja a kis kezet.<br>Azt\u00e1n elt\u0171nnek a fordul\u00f3n\u00e1l, \u00e9s m\u00f6g\u00f6tt\u00fck \u00e9des, meleg, aranyl\u00f3 \u0151szi csend marad az \u00faton.<br>(1951)<br>**<br><em>Megjelent az \u00daj Emberben, 1951. okt\u00f3ber 21-\u00e9n.<\/em><br><em>Tartalmazz\u00e1k a Tarka r\u00e9t (1973), a T\u0171z mellett (2006), az \u00d6reg magyarok (2016) \u00e9s az \u00c9jf\u00e9li harangsz\u00f3 (2017) c. k\u00f6tetek.<\/em><br><em>Szeptember c\u00edmmel tartalmazz\u00e1k az \u0150szi v\u00e1s\u00e1r (1962), a K\u00f6d\u00f6s utak (1979) \u00e9s a Zsong az erd\u0151 (1988) c. k\u00f6tetek.<\/em><br><em>Forr\u00e1s: <a href=\"https:\/\/www.facebook.com\/feketeistvan70?__cft__[0]=AZXe7LZNzM6w9BwQoczL6gu0zNxl9b5mPdocMqzVhmKmT8rHWR8ZNpLIbzr7Ob2i_7P_pyGVJM54wzqu086CWxWKfuspmX4INieJUHmS8yzbeDEdPzH355fSjf6Z2h04CZT_zKYlVsSenBAeORYFnx56us8NdAIvwYk0dJojyF75h3H59Gigczl9RDgx_B1knFKzdrVOzJaFO9iSw5Z3wj2W&amp;__tn__=-UC%2CP-y-R\"><strong>Fekete Istv\u00e1n \u00edr\u00f3 &#8211; rajong\u00f3i oldal<\/strong><\/a><\/em><br><br><\/p>\r\n","protected":false},"excerpt":{"rendered":"<p>\u00d6regember \u00fclt az asztal mellett, \u00e9s kin\u00e9zett az ablakon. Csak n\u00e9zett. Kalapja az \u00f6l\u00e9ben, botja k\u00e9t t\u00e9rde k\u00f6z\u00f6tt, \u00e9s szeme meg se rebbent a szigor\u00fa n\u00e9z\u00e9sben. Az ablakban k\u00e9t musk\u00e1tli k\u00f6z\u00f6tt a szomsz\u00e9d k\u00e9m\u00e9nye l\u00e1tszott, a k\u00e9m\u00e9nyen g\u00f3lyaf\u00e9szek. A f\u00e9szek perem\u00e9n a kis g\u00f3ly\u00e1k sz\u00e1rnyukat pr\u00f3b\u00e1lgatt\u00e1k: n\u00e9ha felugrottak a leveg\u0151be, \u00e9s p\u00e1r pillanatig fent is [&hellip;]<\/p>\n","protected":false},"author":3,"featured_media":0,"comment_status":"open","ping_status":"open","sticky":false,"template":"","format":"standard","meta":{"_monsterinsights_skip_tracking":false,"_monsterinsights_sitenote_active":false,"_monsterinsights_sitenote_note":"","_monsterinsights_sitenote_category":0,"ngg_post_thumbnail":0,"footnotes":""},"categories":[16],"tags":[],"class_list":["post-102788","post","type-post","status-publish","format-standard","hentry","category-bongeszde"],"_links":{"self":[{"href":"https:\/\/ujkafe.website\/index.php?rest_route=\/wp\/v2\/posts\/102788","targetHints":{"allow":["GET"]}}],"collection":[{"href":"https:\/\/ujkafe.website\/index.php?rest_route=\/wp\/v2\/posts"}],"about":[{"href":"https:\/\/ujkafe.website\/index.php?rest_route=\/wp\/v2\/types\/post"}],"author":[{"embeddable":true,"href":"https:\/\/ujkafe.website\/index.php?rest_route=\/wp\/v2\/users\/3"}],"replies":[{"embeddable":true,"href":"https:\/\/ujkafe.website\/index.php?rest_route=%2Fwp%2Fv2%2Fcomments&post=102788"}],"version-history":[{"count":0,"href":"https:\/\/ujkafe.website\/index.php?rest_route=\/wp\/v2\/posts\/102788\/revisions"}],"wp:attachment":[{"href":"https:\/\/ujkafe.website\/index.php?rest_route=%2Fwp%2Fv2%2Fmedia&parent=102788"}],"wp:term":[{"taxonomy":"category","embeddable":true,"href":"https:\/\/ujkafe.website\/index.php?rest_route=%2Fwp%2Fv2%2Fcategories&post=102788"},{"taxonomy":"post_tag","embeddable":true,"href":"https:\/\/ujkafe.website\/index.php?rest_route=%2Fwp%2Fv2%2Ftags&post=102788"}],"curies":[{"name":"wp","href":"https:\/\/api.w.org\/{rel}","templated":true}]}}