
{"id":102816,"date":"2022-09-09T02:58:16","date_gmt":"2022-09-09T02:58:16","guid":{"rendered":"https:\/\/ujkafe.website\/?p=102816"},"modified":"2022-09-08T21:09:49","modified_gmt":"2022-09-08T21:09:49","slug":"nyary-krisztian-segitsd-meg-ot","status":"publish","type":"post","link":"https:\/\/ujkafe.website\/?p=102816","title":{"rendered":"Ny\u00e1ry Kriszti\u00e1n: Seg\u00edtsd meg \u0151t!&#8230;"},"content":{"rendered":"\r\n<p>2014. febru\u00e1r 15-\u00e9n, 102 \u00e9ves kor\u00e1ban elhunyt Gyarmati Fanni. Ez a kisl\u00e1nykori k\u00e9pe. A fot\u00f3 az\u00e9rt rong\u00e1l\u00f3dott meg, mert Radn\u00f3ti Mikl\u00f3s zseb\u00e9ben tal\u00e1lt\u00e1k meg az abdai t\u00f6megs\u00edrban, m\u00e1sf\u00e9l \u00e9vvel a k\u00f6lt\u0151 hal\u00e1la ut\u00e1n. Radn\u00f3ti mag\u00e1n\u00e1l tartotta m\u00e9g Fanni egy feln\u0151ttkori k\u00e9p\u00e9t, k\u00e9t t\u0151le kapott levelez\u0151lapot \u00e9s egy levelet is. Az utols\u00f3t n\u00e9h\u00e1ny h\u00e9ttel a f\u00e9rj hal\u00e1la el\u0151tt adta fel Fanni, \u00e9s egy \u00e1ltala \u00edrt im\u00e1ds\u00e1got tartalmaz:<!--more--><br>\u00c9des Istenem, nem b\u00edrom ezt a szorong\u00e1st. Seg\u00edtsd meg \u0151t, l\u00e9gy vele, hogy vil\u00e1gos, tiszta legyen a feje \u00e9s mindenre tudjon felelni. Seg\u00edtsd meg \u0151t, Te tudod mennyit k\u00ednl\u00f3dott szeg\u00e9ny, ne engedd, hogy baja t\u00f6rt\u00e9nj\u00e9k. L\u00e9gy vel\u00fcnk, b\u00e1r tudom, hogy b\u0171n\u00f6s vagyok, \u0151 nem, soha, de \u00e9n oly sokszor vagyok kem\u00e9ny \u00e9s b\u00e1nt\u00f3 az emberekhez, b\u00e1r a legf\u0151bb parancsnak tartom, hogy szeresd felebar\u00e1todat. De azt hiszem, az\u00e9rt van ez, mert sokszor \u00e9s annyiszor \u00e9rt m\u00e1r b\u00e1ntalom engem is. De \u0151 j\u00f3s\u00e1gos. \u0150 m\u00e9g soha senkinek nem v\u00e9tett az \u0151 sz\u00edv\u00e9ben \u00e9s agy\u00e1ban rend van \u00e9s nagyon vigy\u00e1zz R\u00e1, Istenem!<\/p>\r\n<p><a href=\"https:\/\/ujkafe.website\/wp-content\/uploads\/2022\/09\/fanni.jpg\"><img loading=\"lazy\" decoding=\"async\" class=\"alignnone  wp-image-102827\" src=\"https:\/\/ujkafe.website\/wp-content\/uploads\/2022\/09\/fanni-273x300.jpg\" alt=\"\" width=\"354\" height=\"389\" srcset=\"https:\/\/ujkafe.website\/wp-content\/uploads\/2022\/09\/fanni-273x300.jpg 273w, https:\/\/ujkafe.website\/wp-content\/uploads\/2022\/09\/fanni.jpg 600w\" sizes=\"auto, (max-width: 354px) 100vw, 354px\" \/><\/a><br><br><em>Forr\u00e1s: szerz\u0151 FB-oldala<\/em><\/p>\r\n","protected":false},"excerpt":{"rendered":"<p>2014. febru\u00e1r 15-\u00e9n, 102 \u00e9ves kor\u00e1ban elhunyt Gyarmati Fanni. Ez a kisl\u00e1nykori k\u00e9pe. A fot\u00f3 az\u00e9rt rong\u00e1l\u00f3dott meg, mert Radn\u00f3ti Mikl\u00f3s zseb\u00e9ben tal\u00e1lt\u00e1k meg az abdai t\u00f6megs\u00edrban, m\u00e1sf\u00e9l \u00e9vvel a k\u00f6lt\u0151 hal\u00e1la ut\u00e1n. Radn\u00f3ti mag\u00e1n\u00e1l tartotta m\u00e9g Fanni egy feln\u0151ttkori k\u00e9p\u00e9t, k\u00e9t t\u0151le kapott levelez\u0151lapot \u00e9s egy levelet is. Az utols\u00f3t n\u00e9h\u00e1ny h\u00e9ttel a f\u00e9rj [&hellip;]<\/p>\n","protected":false},"author":3,"featured_media":0,"comment_status":"open","ping_status":"open","sticky":false,"template":"","format":"standard","meta":{"_monsterinsights_skip_tracking":false,"_monsterinsights_sitenote_active":false,"_monsterinsights_sitenote_note":"","_monsterinsights_sitenote_category":0,"ngg_post_thumbnail":0,"footnotes":""},"categories":[13,5],"tags":[],"class_list":["post-102816","post","type-post","status-publish","format-standard","hentry","category-dokumentum","category-foto"],"_links":{"self":[{"href":"https:\/\/ujkafe.website\/index.php?rest_route=\/wp\/v2\/posts\/102816","targetHints":{"allow":["GET"]}}],"collection":[{"href":"https:\/\/ujkafe.website\/index.php?rest_route=\/wp\/v2\/posts"}],"about":[{"href":"https:\/\/ujkafe.website\/index.php?rest_route=\/wp\/v2\/types\/post"}],"author":[{"embeddable":true,"href":"https:\/\/ujkafe.website\/index.php?rest_route=\/wp\/v2\/users\/3"}],"replies":[{"embeddable":true,"href":"https:\/\/ujkafe.website\/index.php?rest_route=%2Fwp%2Fv2%2Fcomments&post=102816"}],"version-history":[{"count":0,"href":"https:\/\/ujkafe.website\/index.php?rest_route=\/wp\/v2\/posts\/102816\/revisions"}],"wp:attachment":[{"href":"https:\/\/ujkafe.website\/index.php?rest_route=%2Fwp%2Fv2%2Fmedia&parent=102816"}],"wp:term":[{"taxonomy":"category","embeddable":true,"href":"https:\/\/ujkafe.website\/index.php?rest_route=%2Fwp%2Fv2%2Fcategories&post=102816"},{"taxonomy":"post_tag","embeddable":true,"href":"https:\/\/ujkafe.website\/index.php?rest_route=%2Fwp%2Fv2%2Ftags&post=102816"}],"curies":[{"name":"wp","href":"https:\/\/api.w.org\/{rel}","templated":true}]}}