
{"id":102818,"date":"2022-09-09T02:55:22","date_gmt":"2022-09-09T02:55:22","guid":{"rendered":"https:\/\/ujkafe.website\/?p=102818"},"modified":"2022-09-08T21:12:16","modified_gmt":"2022-09-08T21:12:16","slug":"demeny-peter-iroi-oldala-nepdal","status":"publish","type":"post","link":"https:\/\/ujkafe.website\/?p=102818","title":{"rendered":"Dem\u00e9ny P\u00e9ter \u00edr\u00f3i oldala: N\u00e9pdal"},"content":{"rendered":"\r\n<p>gyere velem<br>mondd el nekem<br>mi volt hogy volt<br>az \u00e9letem<br><br>ha szerettem<br>a nap alatt<br>egy sz\u00edv mindig<br>szerteszakadt<!--more--><br><br>az \u00e9n sz\u00edvem<br>az \u00e9gre t\u00f6rt<br>fel\u00edvelt sz\u00ednes<br>sz\u00e1rnya n\u0151tt<br><br>milyen furcsa<br>mad\u00e1r a v\u00e1gy<br>vijjog de nem<br>adja al\u00e1bb<br><br>\u00e9n rep\u00fcl\u00f6k <br>\u00e9s tombolok<br>hogy el\u00e9rhessem<br>a napot<br><br>h\u00e1tha egyszer<br>bel\u00e9megyek<br>bel\u00e9dobom<br>a sz\u00edvemet<br><br>akkor f\u00e9ny lesz<br>forr\u00f3 sug\u00e1r<br>nem lesz m\u00e1s nem lesz<br>hogyha m\u00e1r<\/p>\r\n","protected":false},"excerpt":{"rendered":"<p>gyere velemmondd el nekemmi volt hogy voltaz \u00e9letem ha szerettema nap alattegy sz\u00edv mindigszerteszakadt<\/p>\n","protected":false},"author":3,"featured_media":0,"comment_status":"open","ping_status":"open","sticky":false,"template":"","format":"standard","meta":{"_monsterinsights_skip_tracking":false,"_monsterinsights_sitenote_active":false,"_monsterinsights_sitenote_note":"","_monsterinsights_sitenote_category":0,"ngg_post_thumbnail":0,"footnotes":""},"categories":[4],"tags":[],"class_list":["post-102818","post","type-post","status-publish","format-standard","hentry","category-vers"],"_links":{"self":[{"href":"https:\/\/ujkafe.website\/index.php?rest_route=\/wp\/v2\/posts\/102818","targetHints":{"allow":["GET"]}}],"collection":[{"href":"https:\/\/ujkafe.website\/index.php?rest_route=\/wp\/v2\/posts"}],"about":[{"href":"https:\/\/ujkafe.website\/index.php?rest_route=\/wp\/v2\/types\/post"}],"author":[{"embeddable":true,"href":"https:\/\/ujkafe.website\/index.php?rest_route=\/wp\/v2\/users\/3"}],"replies":[{"embeddable":true,"href":"https:\/\/ujkafe.website\/index.php?rest_route=%2Fwp%2Fv2%2Fcomments&post=102818"}],"version-history":[{"count":0,"href":"https:\/\/ujkafe.website\/index.php?rest_route=\/wp\/v2\/posts\/102818\/revisions"}],"wp:attachment":[{"href":"https:\/\/ujkafe.website\/index.php?rest_route=%2Fwp%2Fv2%2Fmedia&parent=102818"}],"wp:term":[{"taxonomy":"category","embeddable":true,"href":"https:\/\/ujkafe.website\/index.php?rest_route=%2Fwp%2Fv2%2Fcategories&post=102818"},{"taxonomy":"post_tag","embeddable":true,"href":"https:\/\/ujkafe.website\/index.php?rest_route=%2Fwp%2Fv2%2Ftags&post=102818"}],"curies":[{"name":"wp","href":"https:\/\/api.w.org\/{rel}","templated":true}]}}