
{"id":102829,"date":"2022-09-10T02:55:28","date_gmt":"2022-09-10T02:55:28","guid":{"rendered":"https:\/\/ujkafe.website\/?p=102829"},"modified":"2022-09-09T20:30:30","modified_gmt":"2022-09-09T20:30:30","slug":"boloni-domokos-bongeszoje-583","status":"publish","type":"post","link":"https:\/\/ujkafe.website\/?p=102829","title":{"rendered":"B\u00f6l\u00f6ni Domokos b\u00f6ng\u00e9sz\u0151je"},"content":{"rendered":"\r\n<p><em><strong>A KLIENS KOSZOR\u00daJA<\/strong><\/em><\/p>\r\n<p>R\u00e9nyi Alad\u00e1rt, aki zeneszerz\u0151i min\u0151s\u00e9g\u00e9t\u0151l eltekintve, tudvalev\u0151leg f\u0151v\u00e1rosi \u00fcgyv\u00e9d, A kis gr\u00f3f bemutat\u00f3j\u00e1n eg\u00e9sz szek\u00e9r koszor\u00faval lept\u00e9k meg. A koszor\u00fak k\u00f6z\u00f6tt volt egy, amely k\u00fcl\u00f6n\u00f6sen felkeltette az \u00e9rdekl\u0151d\u0151k figyelm\u00e9t. Ez \u00e1llott a szalagon: <br>\u201eH\u00e1l\u00e1s sz\u00edvvel, egy elv\u00e1lasztott f\u00e9rj.\u201d <br>R\u00e9nyi r\u00f6gt\u00f6n tudta, ki a megeml\u00e9kez\u0151. Egy f\u0151v\u00e1rosi hivatalnok, akinek a h\u00e1zs\u00e1rtos f\u00faria ellen beadott kereset\u00e9t \u0151 vitte diadalra. R\u00e9nyi nem szokott ad\u00f3s maradni a figyelmess\u00e9gekkel, \u00edrta teh\u00e1t az udvarias kliensnek a k\u00f6vetkez\u0151 levelet: <br>\u201eKedves uram! Megeml\u00e9kez\u00e9se igen j\u00f3l esett. Fogadja viszonz\u00e1s\u00e1t ezt a csek\u00e9lys\u00e9get. Tisztel\u0151 h\u00edve, R\u00e9nyi Alad\u00e1r dr.\u201d <br>A lev\u00e9lhez egy szabadjegy volt mell\u00e9kelve Jakoby \u00e9rdekes dr\u00e1m\u00e1j\u00e1hoz, a H\u00e1zass\u00e1ghoz&#8230;<br><br><em>Sz\u00ednh\u00e1zi \u00c9let, 1911\/27<\/em><!--more--><\/p>\r\n<div class=\"m8h3af8h l7ghb35v kjdc1dyq kmwttqpk gh25dzvf n3t5jt4f\">\r\n<div dir=\"auto\"><em><strong>A KILENCEDIK H\u00d3NAP<\/strong><\/em><\/div>\r\n<div dir=\"auto\">&nbsp;<\/div>\r\n<\/div>\r\n<div class=\"l7ghb35v kjdc1dyq kmwttqpk gh25dzvf jikcssrz n3t5jt4f\">\r\n<div dir=\"auto\">\u00c9rdekes j\u00e1rv\u00e1ny: az \u00fajdons\u00e1gok c\u00edmeiben egy id\u0151 \u00f3ta val\u00f3s\u00e1ggal tobz\u00f3dik a szerelem. A t\u00f6rzsasztaln\u00e1l a minap err\u0151l folyt a sz\u00f3, \u00e9s az emberek a legr\u00e9mesebb sz\u00f3vicceket gy\u00e1rtott\u00e1k. P\u00e9ld\u00e1ul valaki a k\u00f6vetkez\u0151 ravasz \u00f6ssze\u00e1ll\u00edt\u00e1st kock\u00e1ztatta meg:<\/div>\r\n<div dir=\"auto\">\u2014 Hagyjatok b\u00e9k\u00e9t ezekkel a szerelmekkel. A Cig\u00e1nyszerelem sem T\u00f6k\u00e9letes szerelem, a Ny\u00e1ri szerelem is csak olyan V\u00e1ltoz\u00f3 szerelem.<\/div>\r\n<div dir=\"auto\">Mire Hajdu Pepi b\u00fcszk\u00e9n leintette az \u00f6sszes sz\u00f3vicceket.<\/div>\r\n<div dir=\"auto\">\u2014 A Nemzeti vezet. A t\u00f6bbi sz\u00ednh\u00e1zakn\u00e1l folyton csak szerelem, szerelem. Mi nem besz\u00e9l\u00fcnk, hanem n\u00e1lunk m\u00e1r okt\u00f3berben itt lesz a Szerelem gyermeke.<\/div>\r\n<div dir=\"auto\">De a Magyar Sz\u00ednh\u00e1z sem hagyta mag\u00e1t. Tarnai sietett megjegyezni.<\/div>\r\n<div dir=\"auto\">\u2014 J\u00f3l is fog kin\u00e9zni szeg\u00e9ny ut\u00f3sz\u00fcl\u00f6tt. Hiszen szeptember a kilencedik h\u00f3nap &#8230;<\/div>\r\n<div dir=\"auto\">&nbsp;<\/div>\r\n<\/div>\r\n<div class=\"l7ghb35v kjdc1dyq kmwttqpk gh25dzvf jikcssrz n3t5jt4f\">\r\n<div dir=\"auto\"><em>Sz\u00ednh\u00e1zi \u00c9let, 1911\/27<\/em><\/div>\r\n<div dir=\"auto\">&nbsp;<\/div>\r\n<div dir=\"auto\">\r\n<div class=\"m8h3af8h l7ghb35v kjdc1dyq kmwttqpk gh25dzvf n3t5jt4f\">\r\n<div dir=\"auto\"><hr><\/div>\r\n<div dir=\"auto\"><em><strong>FERENCZY H\u00c1ZASODIK<\/strong><\/em><\/div>\r\n<div dir=\"auto\">&nbsp;<\/div>\r\n<\/div>\r\n<div class=\"l7ghb35v kjdc1dyq kmwttqpk gh25dzvf jikcssrz n3t5jt4f\">\r\n<div dir=\"auto\">A V\u00edgsz\u00ednh\u00e1z kedves \u00e9s der\u00e9k Ferenczyje nagy l\u00e9p\u00e9s el\u0151tt \u00e1ll. Feles\u00e9g\u00fcl fogja venni azt, akit m\u00e1r r\u00e9g\u00f3ta szeret. A V\u00edgn\u00e9l m\u00e1r r\u00e9g\u00f3ta besz\u00e9lgettek a koll\u00e9g\u00e1k, hogy Ferenczy budapesti nyelven sz\u00f3lva f\u00fclig pista egy gy\u00f6ny\u00f6r\u0171 n\u0151be, \u00e9s tutira meg van f\u0151zve, \u00e9s Ferenczy, a jassz-nyelv szakavatott ismer\u0151je egy\u00e1ltal\u00e1ban nem is tagadta, hogy a fennebbi kit\u00e9telek a legnagyobb m\u00e9rt\u00e9kben r\u00e1illenek. Nem tagadta, de hi\u00e1ba is tagadta volna, mindenki hallotta a nagy s\u00f3hajt\u00e1sait, \u00e9s mindenki konstat\u00e1lta, hogy elpirul, ha szerelemr\u0151l besz\u00e9lnek el\u0151tte. Most azt\u00e1n r\u00e9vbe \u00e9rt a Ferenczy haj\u00f3ja, legk\u00f6zelebb meglesz az esk\u00fcv\u0151. El lehet k\u00e9pzelni, hogy m\u00e1r alig v\u00e1rja. A minap p\u00e9ld\u00e1ul azt k\u00e9rdezi Komort\u00f3l:<\/div>\r\n<div dir=\"auto\">\u2014 Titk\u00e1rk\u00e1m, ki\u00edrt\u00e1k m\u00e1r a pr\u00f3b\u00e1kat? Mib\u0151l lesz holnap pr\u00f3ba?<\/div>\r\n<div dir=\"auto\">\u2014 Holnap a H\u00e1zass\u00e1gb\u00f3l.<\/div>\r\n<div dir=\"auto\">Ferenczynek hallhat\u00f3lag megdobbant a sz\u00edve. \u00c9s \u00edgy sz\u00f3lt:<\/div>\r\n<div dir=\"auto\">\u2014 B\u00e1r m\u00e1r premierem volna..<\/div>\r\n<div dir=\"auto\">&nbsp;<\/div>\r\n<\/div>\r\n<div class=\"l7ghb35v kjdc1dyq kmwttqpk gh25dzvf jikcssrz n3t5jt4f\">\r\n<div dir=\"auto\"><em>Sz\u00ednh\u00e1zi \u00c9let, 1911\/27<\/em><\/div>\r\n<div dir=\"auto\"><hr><\/div>\r\n<\/div>\r\n<div class=\"m8h3af8h l7ghb35v kjdc1dyq kmwttqpk gh25dzvf n3t5jt4f\">\r\n<div dir=\"auto\">&nbsp;<\/div>\r\n<div dir=\"auto\"><em><strong>SZERZ\u0150!<\/strong><\/em><\/div>\r\n<div dir=\"auto\">&nbsp;<\/div>\r\n<\/div>\r\n<div class=\"l7ghb35v kjdc1dyq kmwttqpk gh25dzvf jikcssrz n3t5jt4f\">\r\n<div dir=\"auto\">Farkas Imre megh\u00edvta egy \u00fajs\u00e1g\u00edr\u00f3 bar\u00e1tj\u00e1t eb\u00e9dre. Az \u00fajs\u00e1g\u00edr\u00f3 el is ment, de az el\u0151szob\u00e1ban hi\u00e1ba nyomkodta a cseng\u0151t, a cseng\u0151 nem sz\u00f3lt. Egy darabig tan\u00e1cstalanul \u00e1llott, de azt\u00e1n ment\u0151 gondolata t\u00e1madt. Elkezdett tapsolni \u00e9s \u00edgy ki\u00e1ltozott:<\/div>\r\n<div dir=\"auto\">\u2014 Szerz\u0151! Szerz\u0151!<\/div>\r\n<div dir=\"auto\">Farkas Imre csakugyan megjelent, kinyitotta az ajt\u00f3t, \u00e9s meghajtotta mag\u00e1t. Azt\u00e1n bar\u00e1ts\u00e1gos \u00fcdv\u00f6zl\u00e9sek ut\u00e1n bevonultak, \u00e9s vid\u00e1man v\u00e9gigett\u00e9k az eb\u00e9det, amely legal\u00e1bb is olyan nagyszer\u0171 volt, mint egy premier-bankett.<\/div>\r\n<div dir=\"auto\">&nbsp;<\/div>\r\n<\/div>\r\n<div class=\"l7ghb35v kjdc1dyq kmwttqpk gh25dzvf jikcssrz n3t5jt4f\">\r\n<div dir=\"auto\"><em>Sz\u00ednh\u00e1zi \u00c9let, 1911\/24<\/em><\/div>\r\n<\/div>\r\n<\/div>\r\n<\/div>\r\n","protected":false},"excerpt":{"rendered":"<p>A KLIENS KOSZOR\u00daJA R\u00e9nyi Alad\u00e1rt, aki zeneszerz\u0151i min\u0151s\u00e9g\u00e9t\u0151l eltekintve, tudvalev\u0151leg f\u0151v\u00e1rosi \u00fcgyv\u00e9d, A kis gr\u00f3f bemutat\u00f3j\u00e1n eg\u00e9sz szek\u00e9r koszor\u00faval lept\u00e9k meg. A koszor\u00fak k\u00f6z\u00f6tt volt egy, amely k\u00fcl\u00f6n\u00f6sen felkeltette az \u00e9rdekl\u0151d\u0151k figyelm\u00e9t. Ez \u00e1llott a szalagon: \u201eH\u00e1l\u00e1s sz\u00edvvel, egy elv\u00e1lasztott f\u00e9rj.\u201d R\u00e9nyi r\u00f6gt\u00f6n tudta, ki a megeml\u00e9kez\u0151. Egy f\u0151v\u00e1rosi hivatalnok, akinek a h\u00e1zs\u00e1rtos f\u00faria ellen [&hellip;]<\/p>\n","protected":false},"author":3,"featured_media":0,"comment_status":"open","ping_status":"open","sticky":false,"template":"","format":"standard","meta":{"_monsterinsights_skip_tracking":false,"_monsterinsights_sitenote_active":false,"_monsterinsights_sitenote_note":"","_monsterinsights_sitenote_category":0,"ngg_post_thumbnail":0,"footnotes":""},"categories":[16],"tags":[],"class_list":["post-102829","post","type-post","status-publish","format-standard","hentry","category-bongeszde"],"_links":{"self":[{"href":"https:\/\/ujkafe.website\/index.php?rest_route=\/wp\/v2\/posts\/102829","targetHints":{"allow":["GET"]}}],"collection":[{"href":"https:\/\/ujkafe.website\/index.php?rest_route=\/wp\/v2\/posts"}],"about":[{"href":"https:\/\/ujkafe.website\/index.php?rest_route=\/wp\/v2\/types\/post"}],"author":[{"embeddable":true,"href":"https:\/\/ujkafe.website\/index.php?rest_route=\/wp\/v2\/users\/3"}],"replies":[{"embeddable":true,"href":"https:\/\/ujkafe.website\/index.php?rest_route=%2Fwp%2Fv2%2Fcomments&post=102829"}],"version-history":[{"count":0,"href":"https:\/\/ujkafe.website\/index.php?rest_route=\/wp\/v2\/posts\/102829\/revisions"}],"wp:attachment":[{"href":"https:\/\/ujkafe.website\/index.php?rest_route=%2Fwp%2Fv2%2Fmedia&parent=102829"}],"wp:term":[{"taxonomy":"category","embeddable":true,"href":"https:\/\/ujkafe.website\/index.php?rest_route=%2Fwp%2Fv2%2Fcategories&post=102829"},{"taxonomy":"post_tag","embeddable":true,"href":"https:\/\/ujkafe.website\/index.php?rest_route=%2Fwp%2Fv2%2Ftags&post=102829"}],"curies":[{"name":"wp","href":"https:\/\/api.w.org\/{rel}","templated":true}]}}