
{"id":102831,"date":"2022-09-10T02:58:24","date_gmt":"2022-09-10T02:58:24","guid":{"rendered":"https:\/\/ujkafe.website\/?p=102831"},"modified":"2022-09-09T20:40:02","modified_gmt":"2022-09-09T20:40:02","slug":"balazs-imre-jozsef-ejszakak-a-zenben-prae","status":"publish","type":"post","link":"https:\/\/ujkafe.website\/?p=102831","title":{"rendered":"Bal\u00e1zs Imre J\u00f3zsef: \u00c9jszak\u00e1k a zenben (Prae-Lector)"},"content":{"rendered":"\r\n<p><a href=\"https:\/\/ujkafe.website\/wp-content\/uploads\/2022\/09\/bij.jpg\"><img loading=\"lazy\" decoding=\"async\" class=\"alignnone  wp-image-102841\" src=\"https:\/\/ujkafe.website\/wp-content\/uploads\/2022\/09\/bij-259x300.jpg\" alt=\"\" width=\"426\" height=\"493\" srcset=\"https:\/\/ujkafe.website\/wp-content\/uploads\/2022\/09\/bij-259x300.jpg 259w, https:\/\/ujkafe.website\/wp-content\/uploads\/2022\/09\/bij-883x1024.jpg 883w, https:\/\/ujkafe.website\/wp-content\/uploads\/2022\/09\/bij-768x891.jpg 768w, https:\/\/ujkafe.website\/wp-content\/uploads\/2022\/09\/bij-1324x1536.jpg 1324w, https:\/\/ujkafe.website\/wp-content\/uploads\/2022\/09\/bij.jpg 1362w\" sizes=\"auto, (max-width: 426px) 100vw, 426px\" \/><\/a><\/p>\r\n<p>K\u00f6nyvfesztiv\u00e1lra \u00e9rkezik Bal\u00e1zs Imre J\u00f3zsef \u00faj versesk\u00f6tete, az<em> \u00c9jszak\u00e1k a zenben a Prae Kiad\u00f3 \u00e9s a Lector Kiad\u00f3<\/em> k\u00f6z\u00f6s gondoz\u00e1s\u00e1ban!<!--more--> <br>Bal\u00e1zs Imre J\u00f3zsef leg\u00fajabb versesk\u00f6tete egy sokdimenzi\u00f3s labirintus. \u00datjai egyenrang\u00faak, vezessenek szob\u00e1kon, kih\u0171lt vil\u00e1g\u00edt\u00f3tornyok romjain vagy hegyek m\u00e9lys\u00e9ges m\u00e9ly\u00e9n \u00e1t. Az el\u00e1gaz\u00e1sokn\u00e1l mindig meglepet\u00e9s v\u00e1r, leereszkedu\u0308nk az alvil\u00e1gba, majd lifttel sz\u00e1guldunk egy m\u00e1sik id\u0151s\u00edkban megl\u00e1tni, kitapintani, hallani, \u00e9rezni, megtapasztalni, ami rejtve van, \u00e9s ami nyilv\u00e1nval\u00f3. A pr\u00f3zaversek \u00e1rad\u00f3 mondatainak sz\u00f6vet\u00e9t moha sz\u00e1lai \u00e9s hajsz\u00e1lak gubanca adja, amelyben ott ku\u0308zd fennakadva a t\u00f6rt\u00e9nelem, a mitol\u00f3gia, a term\u00e9szet \u00e9s az \u00e9p\u00edtett k\u00f6rnyezet. A sz\u00f6rnyek sem hi\u00e1nyoznak, hol a Gringottsb\u00f3l kit\u00f6r\u0151 s\u00e1rk\u00e1ny repu\u0308l az olvas\u00f3 f\u00f6l\u00e9, hol Smaug f\u00e9lig nyitott szem\u00e9be kell belen\u00e9znie, hogy tov\u00e1bbhaladhasson a legm\u00e9lyebb titkokat rejt\u0151 l\u00e9ny: \u00f6nmaga fel\u00e9.<\/p>\r\n<p><em>&#8222;a f\u00f6ld m\u00e9ly\u00e9n az emberi nyelv legm\u00e9ly\u00e9n lapul a s\u00falyos <\/em><br><em>sz\u00e1rnyas test verg\u0151dik szimatol \u0151rj\u00f6ng t\u00e1mad \u0151rk\u00f6dne <\/em><br><em>m\u00e9g hosszan sebez teh\u00e1t sebz\u0151dik<\/em><br><em>h\u00edrhoz\u00f3k besz\u00e1mol\u00f3i visszhangoznak lent a barlangok <\/em><br><em>szabdalta anyagban&#8221;<\/em><\/p>\r\n<p><br>Az \u00c9jszak\u00e1k a zenben el\u0151rendelhet\u0151 a Prae Kiad\u00f3 webshopj\u00e1ban: <br>\ud83d\udcd6 <a href=\"https:\/\/www.praekiado.hu\/termek\/ejszakak-a-zenben\/\">https:\/\/www.praekiado.hu\/termek\/ejszakak-a-zenben\/<\/a><br>A k\u00f6tetet P\u00e9czely D\u00f3ra szerkesztette, a bor\u00edt\u00f3t Szab\u00f3 Imola Julianna tervezte.<br><br><em>Forr\u00e1s: a kiad\u00f3 FB-oldala<\/em><\/p>\r\n","protected":false},"excerpt":{"rendered":"<p>K\u00f6nyvfesztiv\u00e1lra \u00e9rkezik Bal\u00e1zs Imre J\u00f3zsef \u00faj versesk\u00f6tete, az \u00c9jszak\u00e1k a zenben a Prae Kiad\u00f3 \u00e9s a Lector Kiad\u00f3 k\u00f6z\u00f6s gondoz\u00e1s\u00e1ban!<\/p>\n","protected":false},"author":3,"featured_media":0,"comment_status":"open","ping_status":"open","sticky":false,"template":"","format":"standard","meta":{"_monsterinsights_skip_tracking":false,"_monsterinsights_sitenote_active":false,"_monsterinsights_sitenote_note":"","_monsterinsights_sitenote_category":0,"ngg_post_thumbnail":0,"footnotes":""},"categories":[16],"tags":[],"class_list":["post-102831","post","type-post","status-publish","format-standard","hentry","category-bongeszde"],"_links":{"self":[{"href":"https:\/\/ujkafe.website\/index.php?rest_route=\/wp\/v2\/posts\/102831","targetHints":{"allow":["GET"]}}],"collection":[{"href":"https:\/\/ujkafe.website\/index.php?rest_route=\/wp\/v2\/posts"}],"about":[{"href":"https:\/\/ujkafe.website\/index.php?rest_route=\/wp\/v2\/types\/post"}],"author":[{"embeddable":true,"href":"https:\/\/ujkafe.website\/index.php?rest_route=\/wp\/v2\/users\/3"}],"replies":[{"embeddable":true,"href":"https:\/\/ujkafe.website\/index.php?rest_route=%2Fwp%2Fv2%2Fcomments&post=102831"}],"version-history":[{"count":0,"href":"https:\/\/ujkafe.website\/index.php?rest_route=\/wp\/v2\/posts\/102831\/revisions"}],"wp:attachment":[{"href":"https:\/\/ujkafe.website\/index.php?rest_route=%2Fwp%2Fv2%2Fmedia&parent=102831"}],"wp:term":[{"taxonomy":"category","embeddable":true,"href":"https:\/\/ujkafe.website\/index.php?rest_route=%2Fwp%2Fv2%2Fcategories&post=102831"},{"taxonomy":"post_tag","embeddable":true,"href":"https:\/\/ujkafe.website\/index.php?rest_route=%2Fwp%2Fv2%2Ftags&post=102831"}],"curies":[{"name":"wp","href":"https:\/\/api.w.org\/{rel}","templated":true}]}}