
{"id":102832,"date":"2022-09-10T02:54:59","date_gmt":"2022-09-10T02:54:59","guid":{"rendered":"https:\/\/ujkafe.website\/?p=102832"},"modified":"2022-09-09T20:28:05","modified_gmt":"2022-09-09T20:28:05","slug":"hajdu-monika-jott-egy-munkas-komotosan","status":"publish","type":"post","link":"https:\/\/ujkafe.website\/?p=102832","title":{"rendered":"Hajd\u00fa M\u00f3nika: J\u00f6tt egy munk\u00e1s, kom\u00f3tosan&#8230;"},"content":{"rendered":"\r\n<p>\u00dagy 15 \u00e9ve t\u00f6rt\u00e9nt, \u00e1lltam az ablakn\u00e1l, ahogy szoktam (ha olyan vonaton utazom) \u00e9s n\u00e9ztem az indul\u00e1s el\u0151tti perceket. J\u00f6tt egy munk\u00e1s, kom\u00f3tosan, \u00fagy nyugd\u00edj el\u0151tt \u00e1ll\u00f3 tipikus mel\u00f3s ember, az \u00e9lett\u0151l megny\u00falt, b\u00faskomor arccal \u00e9s a szok\u00e1sos monoton mozdulattal \u00fct\u00f6getve sz\u00far\u00f3pr\u00f3bak\u00e9nt n\u00e9h\u00e1ny kereket. Azt\u00e1n az egyikn\u00e9l meg\u00e1llt, \u00fajra \u00fct\u00f6tt \u00e9s \u00fajra &#8230; majd integetni kezdett \u00e9s a r\u00e1di\u00f3telefont is el\u0151vette &#8230; egyre izgalmasabb lett a dolog &#8230; megjelentek t\u00f6bben, l\u00e1tszott, hogy &#8222;f\u0151n\u00f6k\u00f6k&#8221; is \u00fct\u00f6gett\u00e9k m\u00e1r akkor a kereket, k\u00f6zben tan\u00e1cskoztak, vakargatt\u00e1k fej\u00fcket &#8230; \u00e9s k\u00f6vetkezett az int\u00e9zked\u00e9s &#8230; a l\u00e9nyeg, a ker\u00e9k repedt volt, ki kellett cser\u00e9lni az eg\u00e9sz vagont, ehhez lesz\u00e1ll\u00edtani az utasokat, sz\u00e9tszedni a vonatot, \u00faj kocsit be\u00e1ll\u00edtani stb &#8230;<!--more--> meglep\u0151 de viszonylag gyorsan lezajlott mindez, visszasz\u00e1llhattunk az &#8222;\u00faj&#8221; kocsira &#8230; ism\u00e9t az ablakban tal\u00e1ltam magam \u00e9s n\u00e9ztem, ahogy ugyanaz a f\u00e9rfi k\u00f6zeleg \u00e9s v\u00e9gzi munk\u00e1j\u00e1t, l\u00e1tsz\u00f3lagos kom\u00f3toss\u00e1g\u00e1val de azzal az \u00f3ri\u00e1si nagy felel\u0151ss\u00e9ggel, ami ebb\u0151l nem t\u0171nik ki, mik\u00f6zben n\u00e9h\u00e1ny perccel el\u0151bb lehet, \u00e9leteket mentett mert nem indult el a vonat t\u00f6r\u00f6tt ker\u00e9kkel &#8230; amikor az ablak alatt elhaladt, lesz\u00f3ltam: Uram! &#8230; mintha hallotta volna de ment lassan tov\u00e1bb, l\u00e1tszott, hogy t\u00e9tov\u00e1zott, biztos nem neki sz\u00f3lnak, ki h\u00edvn\u00e1 \u0151t &#8222;uramnak&#8221; ugye &#8230; megism\u00e9teltem: Uram! &#8230; na akkor csak meg\u00e1llt v\u00e9gre \u00e9s visszafordult, tal\u00e1lkozott a tekintet\u00fcnk &#8230; annyit mondtam neki, hogy &#8222;K\u00f6sz\u00f6n\u00f6m! Sz\u00e9p munka volt&#8221; \u00e9s m\u00e9g felemeltem a h\u00fcvelykujjam is, hogy kicsit oldjam megszeppen\u00e9s\u00e9t &#8230; l\u00e1tszott rajta, hogy \u00fagy nyugd\u00edj el\u0151tt megillet\u0151d\u00f6tt &#8230; valaki megk\u00f6sz\u00f6nte a munk\u00e1j\u00e1t &#8230; biccentett \u00e9s ment tov\u00e1bb (szerintem mosolygott is, amikor m\u00e1r nem l\u00e1ttam) &#8230; a vonat pedig n\u00e9mi k\u00e9s\u00e9ssel de elindult biztons\u00e1gban &#8230;(hm)<\/p>\r\n<div id=\"attachment_102839\" style=\"width: 410px\" class=\"wp-caption alignnone\"><a href=\"https:\/\/ujkafe.website\/wp-content\/uploads\/2022\/09\/jottegymunkas.jpg\"><img loading=\"lazy\" decoding=\"async\" aria-describedby=\"caption-attachment-102839\" class=\"wp-image-102839\" src=\"https:\/\/ujkafe.website\/wp-content\/uploads\/2022\/09\/jottegymunkas-225x300.jpg\" alt=\"\" width=\"400\" height=\"533\" srcset=\"https:\/\/ujkafe.website\/wp-content\/uploads\/2022\/09\/jottegymunkas-225x300.jpg 225w, https:\/\/ujkafe.website\/wp-content\/uploads\/2022\/09\/jottegymunkas-768x1024.jpg 768w, https:\/\/ujkafe.website\/wp-content\/uploads\/2022\/09\/jottegymunkas-1152x1536.jpg 1152w, https:\/\/ujkafe.website\/wp-content\/uploads\/2022\/09\/jottegymunkas.jpg 1290w\" sizes=\"auto, (max-width: 400px) 100vw, 400px\" \/><\/a><p id=\"caption-attachment-102839\" class=\"wp-caption-text\">Forr\u00e1s: szerz\u0151 FB-oldala<\/p><\/div>\r\n","protected":false},"excerpt":{"rendered":"<p>\u00dagy 15 \u00e9ve t\u00f6rt\u00e9nt, \u00e1lltam az ablakn\u00e1l, ahogy szoktam (ha olyan vonaton utazom) \u00e9s n\u00e9ztem az indul\u00e1s el\u0151tti perceket. J\u00f6tt egy munk\u00e1s, kom\u00f3tosan, \u00fagy nyugd\u00edj el\u0151tt \u00e1ll\u00f3 tipikus mel\u00f3s ember, az \u00e9lett\u0151l megny\u00falt, b\u00faskomor arccal \u00e9s a szok\u00e1sos monoton mozdulattal \u00fct\u00f6getve sz\u00far\u00f3pr\u00f3bak\u00e9nt n\u00e9h\u00e1ny kereket. Azt\u00e1n az egyikn\u00e9l meg\u00e1llt, \u00fajra \u00fct\u00f6tt \u00e9s \u00fajra &#8230; majd integetni [&hellip;]<\/p>\n","protected":false},"author":3,"featured_media":0,"comment_status":"open","ping_status":"open","sticky":false,"template":"","format":"standard","meta":{"_monsterinsights_skip_tracking":false,"_monsterinsights_sitenote_active":false,"_monsterinsights_sitenote_note":"","_monsterinsights_sitenote_category":0,"ngg_post_thumbnail":0,"footnotes":""},"categories":[16,5],"tags":[],"class_list":["post-102832","post","type-post","status-publish","format-standard","hentry","category-bongeszde","category-foto"],"_links":{"self":[{"href":"https:\/\/ujkafe.website\/index.php?rest_route=\/wp\/v2\/posts\/102832","targetHints":{"allow":["GET"]}}],"collection":[{"href":"https:\/\/ujkafe.website\/index.php?rest_route=\/wp\/v2\/posts"}],"about":[{"href":"https:\/\/ujkafe.website\/index.php?rest_route=\/wp\/v2\/types\/post"}],"author":[{"embeddable":true,"href":"https:\/\/ujkafe.website\/index.php?rest_route=\/wp\/v2\/users\/3"}],"replies":[{"embeddable":true,"href":"https:\/\/ujkafe.website\/index.php?rest_route=%2Fwp%2Fv2%2Fcomments&post=102832"}],"version-history":[{"count":0,"href":"https:\/\/ujkafe.website\/index.php?rest_route=\/wp\/v2\/posts\/102832\/revisions"}],"wp:attachment":[{"href":"https:\/\/ujkafe.website\/index.php?rest_route=%2Fwp%2Fv2%2Fmedia&parent=102832"}],"wp:term":[{"taxonomy":"category","embeddable":true,"href":"https:\/\/ujkafe.website\/index.php?rest_route=%2Fwp%2Fv2%2Fcategories&post=102832"},{"taxonomy":"post_tag","embeddable":true,"href":"https:\/\/ujkafe.website\/index.php?rest_route=%2Fwp%2Fv2%2Ftags&post=102832"}],"curies":[{"name":"wp","href":"https:\/\/api.w.org\/{rel}","templated":true}]}}