
{"id":102834,"date":"2022-09-10T02:52:13","date_gmt":"2022-09-10T02:52:13","guid":{"rendered":"https:\/\/ujkafe.website\/?p=102834"},"modified":"2022-09-09T20:22:58","modified_gmt":"2022-09-09T20:22:58","slug":"jekely-zoltan-osz-koszonto","status":"publish","type":"post","link":"https:\/\/ujkafe.website\/?p=102834","title":{"rendered":"J\u00e9kely Zolt\u00e1n: \u0150sz-k\u00f6sz\u00f6nt\u0151"},"content":{"rendered":"\r\n<p><a href=\"https:\/\/ujkafe.website\/wp-content\/uploads\/2022\/09\/jekely.jpg\"><img loading=\"lazy\" decoding=\"async\" class=\"alignnone  wp-image-102838\" src=\"https:\/\/ujkafe.website\/wp-content\/uploads\/2022\/09\/jekely-300x160.jpg\" alt=\"\" width=\"377\" height=\"201\" srcset=\"https:\/\/ujkafe.website\/wp-content\/uploads\/2022\/09\/jekely-300x160.jpg 300w, https:\/\/ujkafe.website\/wp-content\/uploads\/2022\/09\/jekely.jpg 590w\" sizes=\"auto, (max-width: 377px) 100vw, 377px\" \/><\/a><\/p>\r\n<p>Hab\u00e1r orc\u00e1nk pir\u00edtja m\u00e9g a Nap,<br>gyer\u00fcnk, az \u0151szt hints\u00fck m\u00e1r szertesz\u00e9t,<br>az \u0151szt, melyet mint anya gyermek\u00e9t,<br>majd egy \u00e9vig hordtunk sz\u00edv\u00fcnk alatt.<!--more--><\/p>\r\n<p><br>L\u00e1tod, m\u00e9g \u00e9l\u00fcnk! Nem nyelt el a t\u00f3,<br>k\u00edgy\u00f3 se mart meg, szikla sem \u00fct\u00f6tt,<br>s a r\u00e9gi helyr\u0151l halljuk: a t\u00fccs\u00f6k<br>lelk\u00e9b\u0151l sz\u00f3l a r\u00e9gi altat\u00f3\u2026<\/p>\r\n<p><br>Vajjon \u00c9rted szeretem-\u00e9 az \u0151szt,<br>vagy t\u00e9ged is csak az \u0151sz\u00e9rt szeretlek,<br>t\u00e9ged, sok-sok \u0151sz \u00f3ta ismer\u0151st?\u2026<\/p>\r\n<p><br>Benned \u00e9vszakjaim elkeverednek,<br>vagy: hogy nyaram a t\u00e9llel \u00f6sszek\u00f6sd,<br>illatok \u00e1gya, s\u00edrja leheletnek!<br><br><em>Forr\u00e1s: M\u00e9szely J\u00f3zsef FB-oldala<\/em><\/p>\r\n","protected":false},"excerpt":{"rendered":"<p>Hab\u00e1r orc\u00e1nk pir\u00edtja m\u00e9g a Nap,gyer\u00fcnk, az \u0151szt hints\u00fck m\u00e1r szertesz\u00e9t,az \u0151szt, melyet mint anya gyermek\u00e9t,majd egy \u00e9vig hordtunk sz\u00edv\u00fcnk alatt.<\/p>\n","protected":false},"author":3,"featured_media":0,"comment_status":"open","ping_status":"open","sticky":false,"template":"","format":"standard","meta":{"_monsterinsights_skip_tracking":false,"_monsterinsights_sitenote_active":false,"_monsterinsights_sitenote_note":"","_monsterinsights_sitenote_category":0,"ngg_post_thumbnail":0,"footnotes":""},"categories":[16],"tags":[],"class_list":["post-102834","post","type-post","status-publish","format-standard","hentry","category-bongeszde"],"_links":{"self":[{"href":"https:\/\/ujkafe.website\/index.php?rest_route=\/wp\/v2\/posts\/102834","targetHints":{"allow":["GET"]}}],"collection":[{"href":"https:\/\/ujkafe.website\/index.php?rest_route=\/wp\/v2\/posts"}],"about":[{"href":"https:\/\/ujkafe.website\/index.php?rest_route=\/wp\/v2\/types\/post"}],"author":[{"embeddable":true,"href":"https:\/\/ujkafe.website\/index.php?rest_route=\/wp\/v2\/users\/3"}],"replies":[{"embeddable":true,"href":"https:\/\/ujkafe.website\/index.php?rest_route=%2Fwp%2Fv2%2Fcomments&post=102834"}],"version-history":[{"count":0,"href":"https:\/\/ujkafe.website\/index.php?rest_route=\/wp\/v2\/posts\/102834\/revisions"}],"wp:attachment":[{"href":"https:\/\/ujkafe.website\/index.php?rest_route=%2Fwp%2Fv2%2Fmedia&parent=102834"}],"wp:term":[{"taxonomy":"category","embeddable":true,"href":"https:\/\/ujkafe.website\/index.php?rest_route=%2Fwp%2Fv2%2Fcategories&post=102834"},{"taxonomy":"post_tag","embeddable":true,"href":"https:\/\/ujkafe.website\/index.php?rest_route=%2Fwp%2Fv2%2Ftags&post=102834"}],"curies":[{"name":"wp","href":"https:\/\/api.w.org\/{rel}","templated":true}]}}