
{"id":102835,"date":"2022-09-10T02:51:40","date_gmt":"2022-09-10T02:51:40","guid":{"rendered":"https:\/\/ujkafe.website\/?p=102835"},"modified":"2022-09-09T20:19:59","modified_gmt":"2022-09-09T20:19:59","slug":"talalkozas","status":"publish","type":"post","link":"https:\/\/ujkafe.website\/?p=102835","title":{"rendered":"Fekete Istv\u00e1n: Tal\u00e1lkoz\u00e1s"},"content":{"rendered":"\r\n<p>A belv\u00e1rosi templom mellett mentem \u00e9ppen, amikor tal\u00e1lkoztam r\u00e9gi szeret\u0151mmel. A Dun\u00e1n usz\u00e1lyok mentek felfel\u00e9, a templomtorony k\u00f6r\u00fcl galambok sz\u00e1lltak \u00e9s kem\u00e9nyen r\u00e1m dud\u00e1lt egy aut\u00f3, mert &#8211; mi tagad\u00e1s &#8211; elb\u00e1m\u00e9szkodtam egy kicsit.<br>&#8211; Szervusz &#8211; mondtam elfog\u00f3dottan.<br>R\u00e9gen nem l\u00e1ttam m\u00e1r \u00e9s meglepett, hogy milyen j\u00f3 sz\u00ednben van, szebb lett, mint valaha.<br>Kedvesen, de kicsit f\u00f6l\u00e9nyesen n\u00e9zett r\u00e1m.<br>&#8211; Szervusz.<br>\u00c9s csak \u00e1lltunk. Finomabban volt sminkelve, mint az &#8222;\u00e9n id\u0151mben&#8221;, \u00e9s jobban is \u00f6lt\u00f6zk\u00f6d\u00f6tt.<br>&#8211; Bocs\u00e1ss meg &#8211; dadogtam &#8211; Andr\u00e1ssal vagy m\u00e9g?<!--more--><br>&#8211; Term\u00e9szetesen. Nem v\u00e1ltoztatom minden nap embereimet. Andr\u00e1s igazgat\u00f3 lett egy k\u0151ed\u00e9ny gy\u00e1rban.<br>&#8211; L\u00e1tom.<br>&#8211; Az\u00e9rt \u00e9n nem feledtelek el t\u00e9ged sem. M\u00e9gis csak te volt\u00e1l az els\u0151&#8230; Eml\u00e9kszel?<br>Eml\u00e9keztem.<br>\u00c9rintetlen sz\u00e9ps\u00e9g\u00e9ben k\u00edv\u00e1natos volt, mint a hamvas gy\u00fcm\u00f6lcs \u00e9s hetekig ker\u00fclgettem, am\u00edg megismerkedt\u00fcnk. Szenved\u00e9lyem akkor m\u00e1r k\u00f6zel volt az \u0151r\u00fclts\u00e9ghez. Nem volt nappalom \u00e9s nem volt \u00e9jszak\u00e1m. F\u00e9nyk\u00e9p\u00e9vel aludtam el \u00e9s gy\u0171jt\u00f6ttem a p\u00e9nzt, mert &#8211; ezt nem hallgathatom el &#8211; nagyon anyagias volt, de m\u00e9g anyagiass\u00e1ga sem tudott ki\u00e1br\u00e1nd\u00edtani.<br>V\u00e9gre egy\u00fctt volt a p\u00e9nz \u00e9s egy sz\u00e9p \u0151szi napon egym\u00e1s\u00e9 lett\u00fcnk. A hat\u00f3s\u00e1gok \u00e1ld\u00e1sukat adt\u00e1k r\u00e1m \u00e9s mi rohantunk ki a v\u00e1rosb\u00f3l, hogy szabadok legy\u00fcnk \u00e9s h\u00e1bor\u00edtatlanok az emberekt\u0151l.<br>Nagyon szerettem sz\u00e9p kedvesemet, de a beteljes\u00fcl\u00e9s megnyugtat\u00f3 nagy \u00e9rz\u00e9s\u00e9re hi\u00e1ba v\u00e1gytam. Nem \u0151 lett az eny\u00e9m, hanem \u00e9n az \u00f6v\u00e9.<br>Mindig kellett neki valami \u00e9s \u00e9n kiszolg\u00e1ltam, mint a rabszolga. N\u00e9ha pihenni szerettem volna, de nem engedett. Menj\u00fcnk, menj\u00fcnk!<br>\u00c9s ment\u00fcnk.<br>Egyszer azt\u00e1n meguntam ezt az \u00f6r\u00f6k\u00f6s k\u00f6ltekez\u00e9st \u00e9s rohan\u00e1st, \u00e9s szemet hunytam, amikor Andr\u00e1s kac\u00e9rkodni kezdett vele. Kicsit hitv\u00e1nynak \u00e9reztem magam, de Andr\u00e1snak t\u00f6bb p\u00e9nze volt, gondoltam, n\u00e1la jobb dolga lesz.<br>&#8211; Vidd el &#8211; mondtam Andr\u00e1snak, \u00e9s er\u0151sen igyekeztem szomor\u00fanak l\u00e1tszani. \u00c9s most tal\u00e1lkoztunk. Az\u00f3ta el\u0151sz\u00f6r.<br>Nem \u00f6regedett egy napot se. Megemeltem a kalapom, mert Andr\u00e1s t\u0171nt fel a sarkon, \u00e9s furcs\u00e1t gondolhatna.<br>&#8211; Isten veled &#8211; mondtam -, az\u00e9rt gondolj majd n\u00e9ha-n\u00e9ha r\u00e1m.<br>Amikor visszan\u00e9ztem, Andr\u00e1s akkor h\u00fazta fel keszty\u0171j\u00e9t. Szeretettel megsimogatta a h\u0171t\u0151t, azt\u00e1n robogott aut\u00f3mmal, dr\u00e1ga r\u00e9gi szeret\u0151mmel. S\u0171r\u0171 f\u00fcst csapott ki ut\u00e1nuk, \u00e9s elt\u0171ntek a k\u00f6dbe &#8211; \u00e9n pedig \u00fagy \u00e9reztem magam, mint aki maga akarta, hogy megcsalj\u00e1k, \u00e9s a h\u0171tlens\u00e9get most nincs kit\u0151l sz\u00e1mon k\u00e9rni.<\/p>\r\n<p><br><em>(1942)<\/em><br><em>**Fekete Istv\u00e1n <\/em><br><em>Megjelent az Esti \u00dajs\u00e1gban, 1942. december 22-\u00e9n.<\/em><br><em>Tartalmazz\u00e1k az \u00d6reg napt\u00e1r (2001) \u00e9s az \u00datra kel\u00fcnk (2008) c. k\u00f6tetek.<\/em><br><br>*<br><br><a href=\"https:\/\/www.facebook.com\/groups\/513263875422753\/?hoisted_section_header_type=recently_seen&amp;multi_permalinks=5584507968298293&amp;__cft__[0]=AZWwqwZXagvycBZqXXlQGuXk8g2ksTSzv7TW62itrXbfGNARGnedQRtNX9nxCJNZhKSzr6cpV_ydz93RMP-xAvWzH0uQqlk3YW8WXbsqASSae7Q1sd6RK9i-EmqaYs3RDLcfdPKaRcNXqU9u6yllX6T9IFxtTlu41VpaHTfZU6-PJu5wvPhA2Aanmk0Ui0IbJzI&amp;__tn__=-UC%2CP-R\"><em><strong>A Sz\u00e9p T\u00f6rt\u00e9netek, id\u00e9zetek, versek FB-oldal<\/strong><\/em><\/a><br><br><br><\/p>\r\n","protected":false},"excerpt":{"rendered":"<p>A belv\u00e1rosi templom mellett mentem \u00e9ppen, amikor tal\u00e1lkoztam r\u00e9gi szeret\u0151mmel. A Dun\u00e1n usz\u00e1lyok mentek felfel\u00e9, a templomtorony k\u00f6r\u00fcl galambok sz\u00e1lltak \u00e9s kem\u00e9nyen r\u00e1m dud\u00e1lt egy aut\u00f3, mert &#8211; mi tagad\u00e1s &#8211; elb\u00e1m\u00e9szkodtam egy kicsit.&#8211; Szervusz &#8211; mondtam elfog\u00f3dottan.R\u00e9gen nem l\u00e1ttam m\u00e1r \u00e9s meglepett, hogy milyen j\u00f3 sz\u00ednben van, szebb lett, mint valaha.Kedvesen, de kicsit f\u00f6l\u00e9nyesen [&hellip;]<\/p>\n","protected":false},"author":3,"featured_media":0,"comment_status":"open","ping_status":"open","sticky":false,"template":"","format":"standard","meta":{"_monsterinsights_skip_tracking":false,"_monsterinsights_sitenote_active":false,"_monsterinsights_sitenote_note":"","_monsterinsights_sitenote_category":0,"ngg_post_thumbnail":0,"footnotes":""},"categories":[16,1],"tags":[],"class_list":["post-102835","post","type-post","status-publish","format-standard","hentry","category-bongeszde","category-nincs-kategorizalva"],"_links":{"self":[{"href":"https:\/\/ujkafe.website\/index.php?rest_route=\/wp\/v2\/posts\/102835","targetHints":{"allow":["GET"]}}],"collection":[{"href":"https:\/\/ujkafe.website\/index.php?rest_route=\/wp\/v2\/posts"}],"about":[{"href":"https:\/\/ujkafe.website\/index.php?rest_route=\/wp\/v2\/types\/post"}],"author":[{"embeddable":true,"href":"https:\/\/ujkafe.website\/index.php?rest_route=\/wp\/v2\/users\/3"}],"replies":[{"embeddable":true,"href":"https:\/\/ujkafe.website\/index.php?rest_route=%2Fwp%2Fv2%2Fcomments&post=102835"}],"version-history":[{"count":0,"href":"https:\/\/ujkafe.website\/index.php?rest_route=\/wp\/v2\/posts\/102835\/revisions"}],"wp:attachment":[{"href":"https:\/\/ujkafe.website\/index.php?rest_route=%2Fwp%2Fv2%2Fmedia&parent=102835"}],"wp:term":[{"taxonomy":"category","embeddable":true,"href":"https:\/\/ujkafe.website\/index.php?rest_route=%2Fwp%2Fv2%2Fcategories&post=102835"},{"taxonomy":"post_tag","embeddable":true,"href":"https:\/\/ujkafe.website\/index.php?rest_route=%2Fwp%2Fv2%2Ftags&post=102835"}],"curies":[{"name":"wp","href":"https:\/\/api.w.org\/{rel}","templated":true}]}}