
{"id":102857,"date":"2022-09-12T02:52:14","date_gmt":"2022-09-12T02:52:14","guid":{"rendered":"https:\/\/ujkafe.website\/?p=102857"},"modified":"2022-09-11T14:16:39","modified_gmt":"2022-09-11T14:16:39","slug":"gergely-tamas-rocinante-regenye-5","status":"publish","type":"post","link":"https:\/\/ujkafe.website\/?p=102857","title":{"rendered":"Gergely Tam\u00e1s: ROCINANTE REG\u00c9NYE \/ 5"},"content":{"rendered":"\r\n<p><em>(Cervantes nyom\u00e1n szabadon)<\/em><br><br><em><strong>(5.) FUERZA<\/strong><\/em><br><br>No de azut\u00e1n csend volt. L\u00e1ttam, hogy Panza els\u0151 dolga az, hogy ahogy fel\u00e1llt, furk\u00f3sbotj\u00e1hoz ny\u00falt, de azt\u00e1n a karja lehanyatlott, az indulata lankadt.<br>Nem mert meg\u00fctni t\u00f6bbet, hi\u00e1ba buzd\u00edtotta r\u00e1 a szamara. Olyan \u00e9ktelen i\u00e1-z\u00e1st se hallottam m\u00e9g. Meg volt a szeg\u00e9ny p\u00e1ra ijedve, hogy \u0151 k\u00f6vetkezik, m\u00e9g meg is sajn\u00e1ltam.<br>Sz\u00f3val Panza nemcsak hogy nem b\u00e1nt, hanem m\u00e9g etet is, hogy lekenyerezzen. P\u00e9ld\u00e1ul amikor matat rajtam, felteszi r\u00e1m a h\u00e1mot, lekef\u00e9li r\u00f3lam a r\u00e1m tapadt bog\u00e1ncsokat, el\u0151tte egy mar\u00e9k sz\u00e9n\u00e1val kedveskedik, honnan szedi azt el\u0151, az az \u0151 dolga.<br>Az a gyan\u00fam, hogy nem is a patk\u00f3m f\u00e9li, hanem, hogy oda az \u00e1ll\u00e1sa. \u00cdgy gondolkozhat:<br>Az, hogy Rocinante megr\u00fagta, tulajdonk\u00e9ppen az \u0151 hib\u00e1ja, a Panza\u00e9. Vagyis a lovag sz\u00e1m\u00e1ra \u00e9rdektelen, hogy mi van a dolog m\u00f6g\u00f6tt, hogy ki hib\u00e1ja, de Panza az, aki nem tudja v\u00e9gezni a munk\u00e1j\u00e1t, teh\u00e1t \u0151t kell sz\u00e9lnek ereszteni. Nos, Panza is megette a kenyere jav\u00e1t, kinek kell? Senki sem veszi mag\u00e1hoz. \u00dagyhogy hallgat, val\u00f3sz\u00edn\u0171leg nem is eml\u00edtette az ur\u00e1nak, mi t\u00f6rt\u00e9nt, s \u00e9szrevettem, hogy mikor azzal egy\u00fctt van, kih\u00fazza mag\u00e1t, pedig eml\u00edtett r\u00fag\u00e1s \u00f3ta s\u00e1nt\u00edt.<br>Meg\u00e9rtette, hogy az er\u0151 sz\u00e1m\u00edt, a fuerza, \u00e9n akkor legy\u0151ztem, s ahhoz tartja mag\u00e1t.<br><br><em><strong>(Folytatjuk, 6. * ROCINANTE B\u00dcD\u00d6S GYAN\u00daJA)<\/strong><\/em><br><br><\/p>\r\n","protected":false},"excerpt":{"rendered":"<p>(Cervantes nyom\u00e1n szabadon) (5.) FUERZA No de azut\u00e1n csend volt. L\u00e1ttam, hogy Panza els\u0151 dolga az, hogy ahogy fel\u00e1llt, furk\u00f3sbotj\u00e1hoz ny\u00falt, de azt\u00e1n a karja lehanyatlott, az indulata lankadt.Nem mert meg\u00fctni t\u00f6bbet, hi\u00e1ba buzd\u00edtotta r\u00e1 a szamara. Olyan \u00e9ktelen i\u00e1-z\u00e1st se hallottam m\u00e9g. Meg volt a szeg\u00e9ny p\u00e1ra ijedve, hogy \u0151 k\u00f6vetkezik, m\u00e9g meg is [&hellip;]<\/p>\n","protected":false},"author":3,"featured_media":0,"comment_status":"open","ping_status":"open","sticky":false,"template":"","format":"standard","meta":{"_monsterinsights_skip_tracking":false,"_monsterinsights_sitenote_active":false,"_monsterinsights_sitenote_note":"","_monsterinsights_sitenote_category":0,"ngg_post_thumbnail":0,"footnotes":""},"categories":[6],"tags":[],"class_list":["post-102857","post","type-post","status-publish","format-standard","hentry","category-regeny"],"_links":{"self":[{"href":"https:\/\/ujkafe.website\/index.php?rest_route=\/wp\/v2\/posts\/102857","targetHints":{"allow":["GET"]}}],"collection":[{"href":"https:\/\/ujkafe.website\/index.php?rest_route=\/wp\/v2\/posts"}],"about":[{"href":"https:\/\/ujkafe.website\/index.php?rest_route=\/wp\/v2\/types\/post"}],"author":[{"embeddable":true,"href":"https:\/\/ujkafe.website\/index.php?rest_route=\/wp\/v2\/users\/3"}],"replies":[{"embeddable":true,"href":"https:\/\/ujkafe.website\/index.php?rest_route=%2Fwp%2Fv2%2Fcomments&post=102857"}],"version-history":[{"count":0,"href":"https:\/\/ujkafe.website\/index.php?rest_route=\/wp\/v2\/posts\/102857\/revisions"}],"wp:attachment":[{"href":"https:\/\/ujkafe.website\/index.php?rest_route=%2Fwp%2Fv2%2Fmedia&parent=102857"}],"wp:term":[{"taxonomy":"category","embeddable":true,"href":"https:\/\/ujkafe.website\/index.php?rest_route=%2Fwp%2Fv2%2Fcategories&post=102857"},{"taxonomy":"post_tag","embeddable":true,"href":"https:\/\/ujkafe.website\/index.php?rest_route=%2Fwp%2Fv2%2Ftags&post=102857"}],"curies":[{"name":"wp","href":"https:\/\/api.w.org\/{rel}","templated":true}]}}