
{"id":102859,"date":"2022-09-12T02:50:23","date_gmt":"2022-09-12T02:50:23","guid":{"rendered":"https:\/\/ujkafe.website\/?p=102859"},"modified":"2022-09-11T14:10:57","modified_gmt":"2022-09-11T14:10:57","slug":"boloni-domokos-harmincegy-eve-irtam","status":"publish","type":"post","link":"https:\/\/ujkafe.website\/?p=102859","title":{"rendered":"B\u00f6l\u00f6ni Domokos: HARMINCEGY \u00c9VE \u00cdRTAM&#8230;"},"content":{"rendered":"\r\n<p>Mi f\u00e1n terem a dyslexia? Nem betegs\u00e9g, ne tess\u00e9k mindj\u00e1rt megijedni. A (magyarosabban \u00edrva) diszlexia az olvasni tud\u00e1s k\u00e9ptelens\u00e9ge, t\u00e1rsa az \u00edrni tud\u00e1s k\u00e9ptelens\u00e9ge, a diszgr\u00e1fia. Mert a gyerek megtanulja a suliban (\u00fagy-ahogy) a bet\u0171ket, az \u00e1b\u00e9c\u00e9t sat\u00f6bbi, de el\u00e9g gyakori az olyan min\u00e1lunk is, aki sosem tanul meg folyamatosan olvasni, m\u00e1sok meg \u00edrni. Ezek a gyermekek nem elmefogyat\u00e9kosak, hiszen sok m\u00e1s vonatkoz\u00e1sban rendelkeznek j\u00f3 k\u00e9pess\u00e9gekkel, pl. j\u00f3 sz\u00e1mol\u00f3k, kiv\u00e1l\u00f3 a k\u00e9z\u00fcgyess\u00e9g\u00fck stb., ezek a gyerekek \u00e9s feln\u0151ttek az \u00fagynevezett funkcion\u00e1lis analfab\u00e9t\u00e1k, akik ki tudj\u00e1k olvasni azt, hogy ALIMENTARA, mert m\u00e1r annyiszor l\u00e1tt\u00e1k (\u00fcresen&#8230;), azt, hogy BUFET, \u00e9s a hasonl\u00f3kat.<!--more--> Az olvas\u00e1sk\u00e9ptelens\u00e9g (s az \u00edr\u00e1sk\u00e9ptelens\u00e9g) oka val\u00f3sz\u00edn\u0171leg az, hogy a k\u00e9t agyi f\u00e9lteke nem t\u00f6k\u00e9letesen kommunik\u00e1l egym\u00e1ssal. De a tan\u00edt\u00f3k a megmondhat\u00f3i, ha igen! \u2014 szoktat\u00e1ssal, gyakorl\u00e1ssal, t\u00fcrelemmel \u2014, az egyik f\u00e9lteke \u00e1tveheti a m\u00e1sik munk\u00e1j\u00e1t, \u00edgy el\u00e9rhet\u0151, hogy tudja a jobb agy-, mit csin\u00e1l a bal teke. A jelens\u00e9get min\u00e1lunk ezid\u00e1ig nagyon kev\u00e9s helyen vett\u00e9k komolyan \u2014 sok olyan ember\u00fcnk van s lesz, aki nem tudja majd kit\u00f6lteni a munkan\u00e9lk\u00fclis\u00e9gi k\u00e9rd\u0151\u00edvet, azon, nem tudom, van-e olyan, hogy \u201eOlvasni, \u00edrni tud-e?\u201c, mert akkor&#8230; Mindenesetre nem \u00e1rtana t\u00f6bb gondot ford\u00edtani r\u00e1. Az Egyes\u00fclt \u00c1llamokban a First Lady (az eln\u00f6k feles\u00e9ge) \u00e1ll az analfabetizmus elleni harc \u00e9l\u00e9n. Min\u00e1lunk nemr\u00e9giben a First Lady maga is (akad\u00e9mikus doktor) \u2013<br>analfab\u00e9ta volt. Ott 27 milli\u00f3 feln\u0151tt tekinthet\u0151 \u00edr\u00e1studatlannak, 47 milli\u00f3 viszont azoknak a sz\u00e1ma, akik tudnak ugyan olvasni, de nem el\u00e9gg\u00e9 j\u00f3l ahhoz, hogy beilleszkedhetn\u00e9nek egy technikailag komplex t\u00e1rsadalomba. Nincs azonban semmilyen statisztika arr\u00f3l, hogy Rom\u00e1ni\u00e1ban mennyi a funkcion\u00e1lis analfab\u00e9t\u00e1k sz\u00e1ma. Sok\u00e1ig nem is lesz. <br><br><em>N\u00e9p\u00fajs\u00e1g, 1991. november 2.<\/em><\/p>\r\n","protected":false},"excerpt":{"rendered":"<p>Mi f\u00e1n terem a dyslexia? Nem betegs\u00e9g, ne tess\u00e9k mindj\u00e1rt megijedni. A (magyarosabban \u00edrva) diszlexia az olvasni tud\u00e1s k\u00e9ptelens\u00e9ge, t\u00e1rsa az \u00edrni tud\u00e1s k\u00e9ptelens\u00e9ge, a diszgr\u00e1fia. Mert a gyerek megtanulja a suliban (\u00fagy-ahogy) a bet\u0171ket, az \u00e1b\u00e9c\u00e9t sat\u00f6bbi, de el\u00e9g gyakori az olyan min\u00e1lunk is, aki sosem tanul meg folyamatosan olvasni, m\u00e1sok meg \u00edrni. Ezek [&hellip;]<\/p>\n","protected":false},"author":3,"featured_media":0,"comment_status":"open","ping_status":"open","sticky":false,"template":"","format":"standard","meta":{"_monsterinsights_skip_tracking":false,"_monsterinsights_sitenote_active":false,"_monsterinsights_sitenote_note":"","_monsterinsights_sitenote_category":0,"ngg_post_thumbnail":0,"footnotes":""},"categories":[16],"tags":[],"class_list":["post-102859","post","type-post","status-publish","format-standard","hentry","category-bongeszde"],"_links":{"self":[{"href":"https:\/\/ujkafe.website\/index.php?rest_route=\/wp\/v2\/posts\/102859","targetHints":{"allow":["GET"]}}],"collection":[{"href":"https:\/\/ujkafe.website\/index.php?rest_route=\/wp\/v2\/posts"}],"about":[{"href":"https:\/\/ujkafe.website\/index.php?rest_route=\/wp\/v2\/types\/post"}],"author":[{"embeddable":true,"href":"https:\/\/ujkafe.website\/index.php?rest_route=\/wp\/v2\/users\/3"}],"replies":[{"embeddable":true,"href":"https:\/\/ujkafe.website\/index.php?rest_route=%2Fwp%2Fv2%2Fcomments&post=102859"}],"version-history":[{"count":0,"href":"https:\/\/ujkafe.website\/index.php?rest_route=\/wp\/v2\/posts\/102859\/revisions"}],"wp:attachment":[{"href":"https:\/\/ujkafe.website\/index.php?rest_route=%2Fwp%2Fv2%2Fmedia&parent=102859"}],"wp:term":[{"taxonomy":"category","embeddable":true,"href":"https:\/\/ujkafe.website\/index.php?rest_route=%2Fwp%2Fv2%2Fcategories&post=102859"},{"taxonomy":"post_tag","embeddable":true,"href":"https:\/\/ujkafe.website\/index.php?rest_route=%2Fwp%2Fv2%2Ftags&post=102859"}],"curies":[{"name":"wp","href":"https:\/\/api.w.org\/{rel}","templated":true}]}}