
{"id":102862,"date":"2022-09-12T02:54:45","date_gmt":"2022-09-12T02:54:45","guid":{"rendered":"https:\/\/ujkafe.website\/?p=102862"},"modified":"2022-09-11T14:21:52","modified_gmt":"2022-09-11T14:21:52","slug":"miko-imre-lantom-kardom-tied-oh-szabadsag","status":"publish","type":"post","link":"https:\/\/ujkafe.website\/?p=102862","title":{"rendered":"Mik\u00f3 Imre: Lantom, kardom ti\u00e9d, oh, szabads\u00e1g!"},"content":{"rendered":"\r\n<p><em><strong>(Pet\u0151fi eml\u00e9kezete)<\/strong><\/em><br><br><strong>Bem ap\u00f3<\/strong><br><br>(1849. janu\u00e1r 19. \u2013 1849. janu\u00e1r 30.)<br><br>\u00datban Marosv\u00e1s\u00e1rhely fel\u00e9 Pet\u0151fi megpihen Beszterc\u00e9n. Ott egy ismeretlennel tal\u00e1lkozik \u00f6ssze, aki elk\u00eds\u00e9ri Bem t\u00e1bor\u00e1ba.<br><br>Az \u0151sz f\u0151vez\u00e9r fel\u0151l besz\u00e9lget\u00e9nk \u2013 \u00edrja \u2013, mid\u0151n a szob\u00e1ba egy honv\u00e9d sz\u00e1zados l\u00e9p. Pet\u0151fi volt. Ismer\u0151s\u00f6k l\u00e9v\u00e9n, melegen szor\u00edtottunk egym\u00e1ssal kezet. \u0150 a Kir\u00e1lyh\u00e1g\u00f3n t\u00fali esem\u00e9nyek s\u00f6t\u00e9t k\u00e9pei el\u0151l menek\u00fclt Erd\u00e9lybe. Egy sziv\u00e1rv\u00e1nyt l\u00e1tott \u0151, mond\u00e1, fellegeinken, s e sziv\u00e1rv\u00e1ny \u0151t Erd\u00e9lybe vezette.<br><br>Sok\u00e1ig besz\u00e9lgett\u00fcnk, mi neki az erd\u00e9lyi s \u0151 nek\u00fcnk a magyarorsz\u00e1gi dolgok folyam\u00e1r\u00f3l.<br><br>Estefel\u00e9 egy\u00fctt indultam vele v\u00e1gyaink Mekk\u00e1ja, a hadsereg ut\u00e1n Szeben fel\u00e9.<!--more--><br><br>Az \u00fatit\u00e1rs nem akarja megnevezni mag\u00e1t. Ez \u00e9rthet\u0151, hiszen a k\u00f6zlem\u00e9ny az abszolutizmus alatt, 1860-ban jelent meg a Vas\u00e1rnapi \u00dajs\u00e1gban.<br><br>Janu\u00e1r 21-\u00e9n \u00e9rnek Marosv\u00e1s\u00e1rhelyre.<br><br>Farkas Istv\u00e1n \u00e9s S\u00e1rzitsky hadnagy, akivel Sz\u00e9kely M\u00e1rton szerint Kolozsv\u00e1rt m\u00e9g egy\u00fctt voltak \u2013 \u00fagy l\u00e1tszik \u2013 lemaradt. Mindez megegyezik Pet\u0151fi le\u00edr\u00e1s\u00e1val, aki V\u00e1s\u00e1rhely utc\u00e1in tal\u00e1lkozott el\u0151sz\u00f6r az erd\u00e9lyi hadsereg sebes\u00fcltjeivel \u00e9s feljegyezte: \u201eEgy p\u00e1r \u00fatit\u00e1rsam e l\u00e1tv\u00e1nyra j\u00f3nak l\u00e1tta helyben maradni\u2026 pedig csak katon\u00e1k voltak.\u201d<br><br>Ugyancsak a n\u00e9vtelen \u00fatit\u00e1rst\u00f3l sz\u00e1rmazik a Lisznyai K\u00e1lm\u00e1nnal t\u00f6rt\u00e9nt tal\u00e1lkoz\u00e1s le\u00edr\u00e1sa. Lisznyai, a Pet\u0151fivel egyid\u0151s pal\u00f3c k\u00f6lt\u0151 mint fiatal jur\u00e1tus m\u00e9g a pozsonyi orsz\u00e1ggy\u0171l\u00e9sen ismerkedett meg Pet\u0151fivel, s tagja lett a T\u00edzek T\u00e1rsas\u00e1g\u00e1nak. A h\u00edrad\u00e1s \u00edgy sz\u00f3l:<br><br>Medgyes, jan. 24.<br><br>Itt a vend\u00e9gl\u0151ben Lisznyai (Dam\u00f3) K\u00e1lm\u00e1nnal tal\u00e1lkoz\u00e1nk. A Sz\u00e9kelyf\u00f6ldr\u0151l, hol az utols\u00f3 hetek alatt sok v\u00e9sz- \u00e9s dics\u0151s\u00e9gben osztozott, ide j\u00f6tt ki, hogy mint No\u00e9 galambja egy z\u00f6ld \u00e1gat keressen \u00e9s vigyen a kis b\u00e1rka cs\u00fcggedez\u0151 n\u00e9p\u00e9nek. Viharos \u00f6r\u00f6mmel borult Pet\u0151fi nyak\u00e1ba. S\u00edrva cs\u00f3kolta \u00f6sszevissza. Ut\u00f3bb eg\u00e9sz szenved\u00e9llyel t\u00f6rt ki: \u201eH\u00e1t nincs m\u00e1s ember Magyarorsz\u00e1gon, hogy t\u00e9ged, a haza b\u00fcszkes\u00e9g\u00e9t is kock\u00e1ra tett\u00e9k?\u201d stb. Alig tudta Pet\u0151fi lecsendes\u00edteni: \u201eItt most az \u00e9n helyem, K\u00e1lm\u00e1n \u2013 itt kell mindny\u00e1junknak bab\u00e9rt keresni s megl\u00e1sd: az \u00e9n pegazusom az \u00e1gy\u00fak zen\u00e9je k\u00f6zt csak \u00faj t\u00fczet nyer.\u201d<br><br>A mond\u00e1s ink\u00e1bb Lisznyai pet\u0151fiesked\u0151 verseire, mint Pet\u0151fi egyszer\u0171 kisz\u00f3l\u00e1saira eml\u00e9keztet: bab\u00e9r, pegazus, \u00e1gy\u00fazene. M\u00e1s is adott eff\u00e9l\u00e9ket Pet\u0151fi sz\u00e1j\u00e1ba. A segesv\u00e1ri csatat\u00e9ren is feljegyezte az egyik tan\u00fa, hogy Pet\u0151fi azt mondta volna, csak \u00e1gy\u00fad\u00f6rg\u00e9sben tud verset \u00edrni. T\u00e9ny azonban az, hogy Pet\u0151fi \u00e9s Lisznyai Medgyesen tal\u00e1lkozott.<br><br>Janu\u00e1r 25-\u00e9n nagyselyki keltez\u00e9ssel \u00edgy folytatja a n\u00e9vtelen: A mai nap felejthetetlen lesz el\u0151ttem. Medgyes \u00e9s Nagyselyk k\u00f6z\u00f6tt [Szeben fele \u00fatj\u00e1n], a nagy hegyek k\u00f6zt viv\u0151 orsz\u00e1g\u00fat egyik kanyarulat\u00e1n\u00e1l nagy csapat lovas \u00e9s gyalog sz\u00e9kely katonas\u00e1ggal tal\u00e1lkoz\u00e1nk.<br><br>\u2013 Visszavonul\u00e1s ez? \u2013 k\u00e9rdi Pet\u0151fi reszket\u0151 hangon [\u2026] az els\u0151 sorok mellett lovagl\u00f3 \u0151rnagyot. Az \u0151rnagy, egy sz\u00e1raz, z\u00f6m\u00f6k f\u00e9rfi er\u0151s kijelelt arcvon\u00e1sokkal, meg\u00e1ll\u00edtja szeker\u00fcnk mellett lov\u00e1t s r\u00f6vid szemle ut\u00e1n, mit k\u00fcls\u0151nk felett tartani l\u00e1tszott, katon\u00e1s r\u00f6vids\u00e9ggel ad Pet\u0151finek megnyugtat\u00f3 felvil\u00e1gos\u00edt\u00e1st, mik\u00e9nt ez nem visszavonul\u00e1s; e csapat a f\u0151vez\u00e9rt\u0151l k\u00fcldve, fontos misszi\u00f3val megy haza a Sz\u00e9kelyf\u00f6ldre. Pet\u0151fi azonban az \u0151rnagyhoz k\u00e9rd\u00e9st k\u00e9rd\u00e9sre tett s m\u00edg a der\u00e9k \u0151rnagy ezekre v\u00e1laszolt, az eg\u00e9sz csapat, mintegy m\u00e1sf\u00e9lezer ember, az \u00faton fel, szeker\u00fcnk k\u00f6zel\u00e9be \u00e9rt, s ott meg\u00e1llva \u00e9l\u00e9nk k\u00edv\u00e1ncsis\u00e1ggal hallgatta az \u0151rnagy \u00e9s Pet\u0151fi k\u00f6zti p\u00e1rbesz\u00e9det.<br><br>\u2013 Mi a neve a sz\u00e1zados \u00farnak? \u2013 k\u00e9rdi az elv\u00e1l\u00e1s el\u0151tt az \u0151rnagy.<br><br>\u2013 Pet\u0151fi \u2013 felelt S\u00e1ndor.<br><br>\u2013 A po\u00e9ta? \u2013 k\u00e9rdi egy er\u0151s hang, a husz\u00e1rs\u00e1g h\u00e1ts\u00f3 soraib\u00f3l.<br><br>\u2013 Igen \u2013 v\u00e1laszol Pet\u0151fi.<br><br>E sz\u00f3ra, mint var\u00e1zs\u00fct\u00e9sre, felriadt a hallgatag v\u00f6lgy s ezer\u00f6tsz\u00e1z torok \u201e\u00e9ljen\u201d ki\u00e1lt\u00e1sa mennyd\u00f6rg\u00f6tt v\u00e9gig a hegyek k\u00f6zt s \u00e1radatk\u00e9nt megindult az eg\u00e9sz t\u00f6meg szeker\u00fcnk fel\u00e9, melyben Pet\u0151fi l\u00e1ngra gy\u00falt arccal, a meghatotts\u00e1gt\u00f3l mintegy \u00e1tszellem\u00fclten \u00e1llt s levett sapk\u00e1val ny\u00fajtotta kez\u00e9t a fel\u00e9je tolong\u00f3 sz\u00e9kelyeknek.<br><br>Soha jelenet nem volt r\u00e1m ilyen hat\u00e1ssal\u2026 Pet\u0151finek t\u00e1n sohasem volt nagyobb \u00fcnnepe.<br><br>A n\u00e9vtelen azt is hozz\u00e1teszi, hogy tal\u00e1n akkor fogamzott meg Pet\u0151fiben a gondolat \u2013 a sz\u00e9kelyek k\u00f6zt fog letelepedni.<br><br>A jelenet val\u00f3ban \u00edgy zajlott le; P\u00fcnk\u00f6sti Gergely is meger\u0151s\u00edti, aki a Pet\u0151fit meg\u00e9ljenz\u0151 honv\u00e9dekkel menetelt Medgyes \u00e9s Kiskapus k\u00f6zt.<br><br>A k\u00e9t vallom\u00e1ssal egybehangzik egy harmadik tan\u00fanak a nyilatkozata is, aki n\u00e9vtelens\u00e9g\u00e9t szint\u00e9n meg\u0151rizte. \u00cdgy nyilatkozik:<br><br>Amikor Pet\u0151fi 1849-ben az erd\u00e9lyi r\u00e9szekbe utazott, hogy Bem t\u00e1bor\u00e1hoz csatlakozz\u00e9k, minden\u00fctt a legsz\u00edvesebben l\u00e1tott vend\u00e9g volt, s k\u00fcl\u00f6n\u00f6sen tetszett neki az, hogy akikkel \u00e9rintkezett, \u0151szinte ny\u00edlts\u00e1ggal besz\u00e9ltek irodalmi m\u0171k\u00f6d\u00e9s\u00e9r\u0151l. \u201eAz orsz\u00e1gotok az igaz, hogy g\u00f6rbe \u2013 mond\u00e1 egy alkalommal \u2013, de ann\u00e1l egyenesebb a gondolkod\u00e1sm\u00f3dotok!\u201d<br><br>*<br><br>Az erd\u00e9lyi f\u0151parancsnoks\u00e1g akkor Szelindek k\u00f6zs\u00e9gben sz\u00e9kelt. Rom\u00e1n-sz\u00e1sz nagyk\u00f6zs\u00e9g Szebent\u0151l \u00e9szakra, a medgyes-szebeni \u00fat k\u00e9tharmad\u00e1n. Itt megint Sz\u00e9kely M\u00e1rton sz\u00e1zadosnak adjuk \u00e1t a sz\u00f3t, akivel Pet\u0151fi egy\u00fctt indult Debrecenb\u0151l \u00e9s egyid\u0151ben \u00e9rkezett Bem t\u00e1bor\u00e1ba janu\u00e1r 25-\u00e9n. Bem ap\u00f3 aznap verte vissza Puchner t\u00e1mad\u00e1s\u00e1t, \u00e9s visszak\u00e9nyszer\u00edtette az erd\u00e9lyi osztr\u00e1k f\u0151parancsnokot Nagyszebenbe.<br><br>\u2026 Szelindeken \u2013 \u00fagymond \u2013 az erd\u00e9lyi t\u00e1borban a f\u0151hadvez\u00e9rn\u00e9l jelentkeztem, elmondtam neki, hogy Be\u00f6thy, mikor rendelkez\u00e9sszer\u0171en jelentkezt\u00fcnk n\u00e1la, csaknem kikergetett. A f\u0151vez\u00e9r r\u00f6viden v\u00e9gzett a dologgal: \u201eGehens nicht mehr zu Ihm, er ist dumm!\u201d [Ne menjen t\u00f6bbet hozz\u00e1, \u0151 ostoba!]<br><br>Pet\u0151fi a t\u00e1borban maradt, engem Debrecenbe k\u00fcldtek vissza. Ki volt tulajdonk\u00e9ppen ez a f\u0151vez\u00e9r, aki magyarul semmit sem tudott, s a n\u00e9metet is lengyeles kiejt\u00e9ssel besz\u00e9lte? Az \u00f6tvenk\u00e9t\u00e9ves parancsnok, akit mindenki ap\u00f3nak nevez.<br><br>Bem J\u00f3zsef lengyel katonatiszt, majd magyar t\u00e1bornok els\u0151 harcait Gdansk k\u00f6r\u00fcl, Nap\u00f3leon oroszorsz\u00e1gi hadj\u00e1rat\u00e1ban v\u00edvta. Lengyel nemes, de az \u00f6sszeesk\u00fcv\u00e9shez \u00e9s a forradalomhoz is \u00e9rt, s m\u00e9g nincs harminc\u00e9ves, amikor b\u00f6rt\u00f6nre, b\u00fcntet\u0151szolg\u00e1latra \u00edt\u00e9lik. Csatlakozik az 1830\/31-i lengyel felkel\u00e9shez, s az osztrolenkai csat\u00e1ban mint a t\u00fcz\u00e9rs\u00e9g ir\u00e1ny\u00edt\u00f3ja szerez mag\u00e1nak nemzetk\u00f6zi h\u00edrnevet. Azt\u00e1n Nyugatra emigr\u00e1l, k\u00f6nyvet \u00edr a lengyel szabads\u00e1gharcr\u00f3l, majd Lembergbe k\u00f6lt\u00f6zik, ahol b\u0171zlik m\u00e1r valami, s \u201948 okt\u00f3ber\u00e9ben a felkelt B\u00e9cs v\u00e9delm\u00e9t ir\u00e1ny\u00edtja. A felkel\u00e9s lever\u00e9se ut\u00e1n \u00e1lruh\u00e1ban Magyarorsz\u00e1gra sz\u00f6kik. M\u00e1r f\u00e9lig-meddig b\u00e9na. Vars\u00f3ban egy robban\u00e1s megs\u00e1nt\u00edtja, Iganyicn\u00e1l bal karj\u00e1t l\u00f6vik el, Portug\u00e1li\u00e1ban egy lengyel emigr\u00e1ns l\u0151 bel\u00e9, B\u00e9csben \u00fajabb goly\u00f3t kap balj\u00e1ba. Magyarorsz\u00e1gon megint egy honfit\u00e1rsa k\u00f6vet el mer\u00e9nyletet ellene, s csat\u00e1ban veszti el jobb keze k\u00f6z\u00e9ps\u0151 ujj\u00e1t. Ah\u00e1ny orsz\u00e1g \u2013 annyi seb. De a lelke \u00e9rintetlen.<br>A forradalmi magyar korm\u00e1ny kelletlen\u00fcl k\u00fcldi Erd\u00e9lybe december 1-\u00e9n, s Bem a veszett fejsze nyel\u00e9vel p\u00e1holja el az osztr\u00e1k t\u00e1bornokokat. H\u00e1rom h\u00f3nap alatt ki\u0171zi az ellens\u00e9get. Mi a titka? A szem\u00e9lyes b\u00e1tors\u00e1g m\u00e9g nem minden. M\u00e1r a lengyel szabads\u00e1gharcr\u00f3l \u00edrt k\u00f6nyv\u00e9ben d\u00f6nt\u0151 jelent\u0151s\u00e9g\u0171nek mondja az agr\u00e1rk\u00e9rd\u00e9st. Erd\u00e9lyben sok a f\u00f6ldig\u00e9nyl\u0151, kell a k\u00f6zlegel\u0151, s a \u201ekutyaarc\u00fa v\u00e9nember\u201d \u2013 Illy\u00e9s Gyula szavai \u2013 azzal biztatja a parasztokat, hogy \u00f6v\u00e9k a f\u00f6ld, ha megv\u00e9dik s be\u00e1llnak hozz\u00e1 katon\u00e1nak. B\u00e9cs maga mell\u00e9 akarja \u00e1ll\u00edtani a nemzetis\u00e9geket, akik elnyomva \u00e9rzik magukat. Bem m\u00e1r Cs\u00facs\u00e1r\u00f3l ki\u00e1ltv\u00e1nyt int\u00e9z hozz\u00e1juk: \u201eMagyarok, sz\u00e1szok \u00e9s rom\u00e1nok, ny\u00fajtsatok egym\u00e1snak kezet!\u201d Lesz jogegyenl\u0151s\u00e9g, vall\u00e1sszabads\u00e1g, nyelvhaszn\u00e1lat. Z\u00e1szl\u00f3k\u00fcl\u00f6nbs\u00e9g n\u00e9lk\u00fcl. Hiszen m\u00e9g az \u00f6zvegyekr\u0151l \u00e9s \u00e1rv\u00e1kr\u00f3l is \u2013 mondja Bem \u2013 a haza gondoskodik.<br><br>A korm\u00e1ny dohog, hogy Bem illet\u00e9ktelen\u00fcl avatkozik k\u00f6zigazgat\u00e1si k\u00e9rd\u00e9sekbe, G\u00f6rgey megr\u00f3ja, hogy a s\u00f3 \u00e1r\u00e1t \u00f6nk\u00e9nyesen sz\u00e1ll\u00edtotta le a sz\u00e9kelyf\u00f6ld\u00f6n. De k\u00f6zben Bem Kolozsv\u00e1rt\u00f3l Szebenig kergeti az ellens\u00e9get, s most onnan is ki akarja verni Puchnert. Pedig j\u00f3 volna megv\u00e1rni, am\u00edg megj\u00f6n sz\u00e9kelyf\u00f6ldr\u0151l az ut\u00e1np\u00f3tl\u00e1s. De Bemnek nincs vesztegetni val\u00f3 ideje.<br><br>Pet\u0151finek sincs. Nem csoda, ha Bem a k\u00f6lt\u0151t maga mell\u00e9 veszi seg\u00e9dtisztnek, s m\u00e9g fegyelmezetlens\u00e9geit is eln\u00e9zi. A t\u00fcz\u00e9rparancsnok tudja, hogy csat\u00e1t nem csak \u00e1gy\u00faval lehet nyerni. A Szelindeken t\u00f6lt\u00f6tt n\u00e9h\u00e1ny napnak t\u00f6bb tan\u00faja is akad, valamennyi visszaeml\u00e9kez\u00e9s k\u00f6z\u00f6s t\u00e1rgya a B\u00fasul a lengyel c\u00edm\u0171 dal.<br>Id\u0151rendben els\u0151nek egy mag\u00e1t megnevezni nem akar\u00f3 \u201evolt honv\u00e9dhusz\u00e1r\u201d sz\u00f3lal meg, aki m\u00f6g\u00f6tt Imreh S\u00e1ndort sejtj\u00fck, s aki tizenegy \u00e9vvel az esem\u00e9ny ut\u00e1n Marosv\u00e1s\u00e1rhelyt megjelent \u00edr\u00e1s\u00e1ban \u00edgy k\u00f6zli ar\u00e1nylag m\u00e9g friss eml\u00e9keit:<br><br>Pet\u0151fi S\u00e1ndort Szelindeken l\u00e1ttam el\u0151sz\u00f6r, mid\u0151n az 1849. jan. hav\u00e1ban t\u00f6rt\u00e9nt els\u0151 szebeni csata ut\u00e1n oda visszavonultunk, nem \u00e9ppen a visszavonul\u00e1si, hanem az azut\u00e1ni napokon. Mi, az erd\u00e9lyi fiatals\u00e1g, Szelindeken dal\u00e1rd\u00e1t alak\u00edtottunk, el\u00e9bb Bemn\u00e9l, azt\u00e1n Pet\u0151fi S\u00e1ndorn\u00e1l tisztelegt\u00fcnk az esti \u00f3r\u00e1k alatt. Harci s m\u00e1s sz\u00e9p dalokat \u00e9nekelt\u00fcnk. Kedvenc dalunk volt akkor nagyon a magyar n\u00e9pdalokon k\u00edv\u00fcl a Marseillaise \u00e9s a B\u00fasul a lengyel.<br><br>\u00dajabb \u00e9vtized m\u00falva m\u00e1r halv\u00e1nyulnak az eml\u00e9kek, vagy csak az eml\u00e9kez\u0151k v\u00e9lem\u00e9nye oszlik meg?<br><br>Bauer Lajos vez\u00e9rkari \u0151rnagy \u00edgy eml\u00e9kezik vissza:<br><br>Pest, 1870.<br><br>\u2026 Ez id\u0151ben \u00e9rkezett k\u00f6z\u00e9nk Pet\u0151fi S\u00e1ndor, kit Bem a legbens\u0151bb sz\u00edv\u00e9lyess\u00e9ggel, t\u00e1borunk \u00f6sszes \u00e9rtelmis\u00e9ge, s\u0151t a n\u00e9pb\u0151l sz\u00e1rmaz\u00f3 honv\u00e9dek is a legrajong\u00f3bb \u00f6r\u00f6mmel \u00fcdv\u00f6z\u00f6ltek.<br><br>Pet\u0151fi m\u00e9g meg\u00e9rkez\u00e9se est\u00e9j\u00e9n \u00f6ssze\u00e1ll\u00edtott egy r\u00f6gt\u00f6nz\u00f6tt dal\u00e1rd\u00e1t \u00e9s el\u00e9nekeltette \u00e1ltala Bem ablakai alatt a B\u00fasul a lengyelt, ami az \u00f6reg vez\u00e9rt nagyon el\u00e9rz\u00e9keny\u00edt\u00e9.<br><br>Ezzel egybehangzik az egyik szemtan\u00fa, Veress J\u00e1nos honv\u00e9d f\u0151hadnagy visszaeml\u00e9kez\u00e9se, amelyet le\u00e1nya, Veress Ant\u00f3nia m\u00e1r a sz\u00e1zad v\u00e9g\u00e9n k\u00f6zvet\u00edt:<br><br>\u00cdrja \u00e9desap\u00e1m, hogy 1849. janu\u00e1r 22-i napi esem\u00e9nyeihez tartozik Pet\u0151fi S\u00e1ndornak Szelindekre, a hadseregbe \u00e9rkezte [a h\u00e1romnapos t\u00e9ved\u00e9s megbocs\u00e1that\u00f3], hol a t\u00e1bornok azonnal beosztotta sz\u00e1zadosi ranggal a vez\u00e9rkar\u00e1hoz. Pet\u0151fi m\u00e9g azon este szeren\u00e1dot rendezett a t\u00e1bornoknak a B\u00fasul a lengyel ismert dal el\u00e9nekl\u00e9s\u00e9vel, mit maga a t\u00e1bornok igen sz\u00edvesen fogadott.<br><br>Ennek befejez\u00e9se ut\u00e1n maga Pet\u0151fi r\u00e9szes\u00fclt hasonl\u00f3 megtiszteltet\u00e9sben, ami az elvesztett szebeni csata ut\u00e1n n\u00e9mi felpezsd\u00fcl\u00e9st adott a leg\u00e9nys\u00e9g hangulat\u00e1nak. A h\u00e1rom v\u00e1ltozat k\u00f6z\u00fcl m\u00e9gis az els\u0151 l\u00e1tszik a legval\u00f3sz\u00edn\u0171bbnek. Nem t\u00e9telezhet\u0151 fel ugyanis, hogy Pet\u0151fi, b\u00e1r nem \u00e9rtett a muzsik\u00e1hoz, mindj\u00e1rt els\u0151 este szeren\u00e1dot rendezett volna Bemnek. Imreh S\u00e1ndor, aki nemcsak nyomd\u00e1sz, hanem \u00edrogat\u00f3 ember is volt, 1891-ben azt \u00edrja, hogy<br><br>\u20261849. janu\u00e1r 26. p\u00e9nteken [teh\u00e1t a Pet\u0151fi meg\u00e9rkez\u00e9se ut\u00e1ni napon] \u2013 \u00e9ppen az \u0151 ind\u00edtv\u00e1ny\u00e1ra \u2013 hatalmas daltest\u00fcletet r\u00f6gt\u00f6n\u00f6zt\u00fcnk azon c\u00e9lb\u00f3l, hogy este Bemn\u00e9l tisztelegj\u00fcnk. Mi azonban, miut\u00e1n Bemn\u00e9l el\u00e9nekelt\u00fcnk, Pet\u0151fit is felkerest\u00fck s n\u00e1la is tisztelegt\u00fcnk.<br><br>Megk\u00f6sz\u00f6nte sz\u00e9pen a sz\u00edves figyelmet s mindny\u00e1junkkal kezet szor\u00edtott.<br><br><em><strong>Megjelent A H\u00e9t 3. \u00e9vfolyama 36. sz\u00e1m\u00e1ban, 1972. szeptember 8-\u00e1n.<\/strong><\/em><br><br><a href=\"https:\/\/www.ujhet.com\/miko-imre-lantom-kardom-tied-oh-szabadsag-2\/\"><em>Forr\u00e1s: ujhet.com<\/em><\/a><br><br><\/p>\r\n","protected":false},"excerpt":{"rendered":"<p>(Pet\u0151fi eml\u00e9kezete) Bem ap\u00f3 (1849. janu\u00e1r 19. \u2013 1849. janu\u00e1r 30.) \u00datban Marosv\u00e1s\u00e1rhely fel\u00e9 Pet\u0151fi megpihen Beszterc\u00e9n. Ott egy ismeretlennel tal\u00e1lkozik \u00f6ssze, aki elk\u00eds\u00e9ri Bem t\u00e1bor\u00e1ba. Az \u0151sz f\u0151vez\u00e9r fel\u0151l besz\u00e9lget\u00e9nk \u2013 \u00edrja \u2013, mid\u0151n a szob\u00e1ba egy honv\u00e9d sz\u00e1zados l\u00e9p. Pet\u0151fi volt. Ismer\u0151s\u00f6k l\u00e9v\u00e9n, melegen szor\u00edtottunk egym\u00e1ssal kezet. \u0150 a Kir\u00e1lyh\u00e1g\u00f3n t\u00fali esem\u00e9nyek s\u00f6t\u00e9t [&hellip;]<\/p>\n","protected":false},"author":3,"featured_media":0,"comment_status":"open","ping_status":"open","sticky":false,"template":"","format":"standard","meta":{"_monsterinsights_skip_tracking":false,"_monsterinsights_sitenote_active":false,"_monsterinsights_sitenote_note":"","_monsterinsights_sitenote_category":0,"ngg_post_thumbnail":0,"footnotes":""},"categories":[16,1],"tags":[],"class_list":["post-102862","post","type-post","status-publish","format-standard","hentry","category-bongeszde","category-nincs-kategorizalva"],"_links":{"self":[{"href":"https:\/\/ujkafe.website\/index.php?rest_route=\/wp\/v2\/posts\/102862","targetHints":{"allow":["GET"]}}],"collection":[{"href":"https:\/\/ujkafe.website\/index.php?rest_route=\/wp\/v2\/posts"}],"about":[{"href":"https:\/\/ujkafe.website\/index.php?rest_route=\/wp\/v2\/types\/post"}],"author":[{"embeddable":true,"href":"https:\/\/ujkafe.website\/index.php?rest_route=\/wp\/v2\/users\/3"}],"replies":[{"embeddable":true,"href":"https:\/\/ujkafe.website\/index.php?rest_route=%2Fwp%2Fv2%2Fcomments&post=102862"}],"version-history":[{"count":0,"href":"https:\/\/ujkafe.website\/index.php?rest_route=\/wp\/v2\/posts\/102862\/revisions"}],"wp:attachment":[{"href":"https:\/\/ujkafe.website\/index.php?rest_route=%2Fwp%2Fv2%2Fmedia&parent=102862"}],"wp:term":[{"taxonomy":"category","embeddable":true,"href":"https:\/\/ujkafe.website\/index.php?rest_route=%2Fwp%2Fv2%2Fcategories&post=102862"},{"taxonomy":"post_tag","embeddable":true,"href":"https:\/\/ujkafe.website\/index.php?rest_route=%2Fwp%2Fv2%2Ftags&post=102862"}],"curies":[{"name":"wp","href":"https:\/\/api.w.org\/{rel}","templated":true}]}}