
{"id":102885,"date":"2022-09-13T02:50:45","date_gmt":"2022-09-13T02:50:45","guid":{"rendered":"https:\/\/ujkafe.website\/?p=102885"},"modified":"2022-09-12T16:32:08","modified_gmt":"2022-09-12T16:32:08","slug":"gergely-tamas-rocinante-regenye-6","status":"publish","type":"post","link":"https:\/\/ujkafe.website\/?p=102885","title":{"rendered":"Gergely Tam\u00e1s: ROCINANTE REG\u00c9NYE \/ 6"},"content":{"rendered":"\r\n<p><em>(Cervantes nyom\u00e1n szabadon)<\/em><br><br><em><strong>(6.) ROCINANTE B\u00dcD\u00d6S GYAN\u00daJA<\/strong><\/em><br><br>Nem tudom, mit gondoljak a lovagr\u00f3l. Don Magasan Hordja az Orr\u00e1t\u2026 Mert j\u00f3, r\u00e1 van b\u00edzva az ell\u00e1t\u00e1som Panz\u00e1ra, de az tal\u00e1n m\u00e9gis megfordul lovagom fej\u00e9ben, hogy \u00e9n is l\u00e9tezem&#8230;<br>\u2013 Abrak! \u2013 jut err\u0151l eszembe.<br>Sz\u00f3val miut\u00e1n \u00f6sszekaszabolta a k\u00f6nyvt\u00e1rszob\u00e1ban a d\u00edszk\u00f6t\u00e9seket \u2013 Caterina, a mindenes elbesz\u00e9l\u00e9s\u00e9b\u0151l tudom \u2013 odaj\u00f6n, felugrik r\u00e1m, vagyis nyeregbe sz\u00e1ll, m\u00e1ris megy\u00fcnk. Hozz\u00e1m csak annyit sz\u00f3l, lehet, nem is hozz\u00e1m, hanem Panz\u00e1nak, hogy: Vamos!<br>De van nekem egy b\u00fcd\u00f6s gyan\u00fam: hogy tulajdonk\u00e9ppen mindenr\u0151l tud, csak \u00fagy tesz, mintha \u0151t az ilyen apr\u00f3s\u00e1gok, mint az \u00e9n \u00e1llapotom vagy a Panz\u00e1val val\u00f3 viszonyom nem \u00e9rdekeln\u00e9. Vagy ha \u00e9rdekli, azt a taktik\u00e1t v\u00e1lasztja, hogy ha mi ketten, Panza meg \u00e9n visz\u00e1lykodunk, akkor nem ellene megy ki a j\u00e1t\u00e9k, mert \u0151 mindenek f\u00f6l\u00f6tt \u00e1ll, ez a mi dolgunk.<br>Teh\u00e1t ha Panza el is mes\u00e9lte neki, hogy \u00e9n megr\u00fagtam, elhalt ott a panasza, nincs megtorl\u00e1s, nem besz\u00e9l\u00fcnk r\u00f3la.<br>Illetve azt hiszem, hogy Panza val\u00f3sz\u00edn\u0171leg besz\u00e1molt az esetr\u0151l, s a besz\u00e1mol\u00f3t don figyelmeztet\u00e9snek vette. Ezt abb\u00f3l sejtem, hogy azut\u00e1n nem lapogatta a faram a kardj\u00e1val, hanem a kant\u00e1rt er\u0151sen markolta, egyszer m\u00e9g a s\u00f6r\u00e9nyem is elkapta. Biztosan att\u00f3l tartott, hogy a h\u00e1tamr\u00f3l ledobom.<br>Ez t\u00f6rt\u00e9nt. Ez van.<br>\u2013 Abrak!<br><br><em><strong>(Folytatjuk * (7.) HOGYAN V\u00c1S\u00c1ROLTA MEG ROCINANT\u00c9T)<\/strong><\/em><\/p>\r\n","protected":false},"excerpt":{"rendered":"<p>(Cervantes nyom\u00e1n szabadon) (6.) ROCINANTE B\u00dcD\u00d6S GYAN\u00daJA Nem tudom, mit gondoljak a lovagr\u00f3l. Don Magasan Hordja az Orr\u00e1t\u2026 Mert j\u00f3, r\u00e1 van b\u00edzva az ell\u00e1t\u00e1som Panz\u00e1ra, de az tal\u00e1n m\u00e9gis megfordul lovagom fej\u00e9ben, hogy \u00e9n is l\u00e9tezem&#8230;\u2013 Abrak! \u2013 jut err\u0151l eszembe.Sz\u00f3val miut\u00e1n \u00f6sszekaszabolta a k\u00f6nyvt\u00e1rszob\u00e1ban a d\u00edszk\u00f6t\u00e9seket \u2013 Caterina, a mindenes elbesz\u00e9l\u00e9s\u00e9b\u0151l tudom \u2013 [&hellip;]<\/p>\n","protected":false},"author":3,"featured_media":0,"comment_status":"open","ping_status":"open","sticky":false,"template":"","format":"standard","meta":{"_monsterinsights_skip_tracking":false,"_monsterinsights_sitenote_active":false,"_monsterinsights_sitenote_note":"","_monsterinsights_sitenote_category":0,"ngg_post_thumbnail":0,"footnotes":""},"categories":[1,6],"tags":[],"class_list":["post-102885","post","type-post","status-publish","format-standard","hentry","category-nincs-kategorizalva","category-regeny"],"_links":{"self":[{"href":"https:\/\/ujkafe.website\/index.php?rest_route=\/wp\/v2\/posts\/102885","targetHints":{"allow":["GET"]}}],"collection":[{"href":"https:\/\/ujkafe.website\/index.php?rest_route=\/wp\/v2\/posts"}],"about":[{"href":"https:\/\/ujkafe.website\/index.php?rest_route=\/wp\/v2\/types\/post"}],"author":[{"embeddable":true,"href":"https:\/\/ujkafe.website\/index.php?rest_route=\/wp\/v2\/users\/3"}],"replies":[{"embeddable":true,"href":"https:\/\/ujkafe.website\/index.php?rest_route=%2Fwp%2Fv2%2Fcomments&post=102885"}],"version-history":[{"count":0,"href":"https:\/\/ujkafe.website\/index.php?rest_route=\/wp\/v2\/posts\/102885\/revisions"}],"wp:attachment":[{"href":"https:\/\/ujkafe.website\/index.php?rest_route=%2Fwp%2Fv2%2Fmedia&parent=102885"}],"wp:term":[{"taxonomy":"category","embeddable":true,"href":"https:\/\/ujkafe.website\/index.php?rest_route=%2Fwp%2Fv2%2Fcategories&post=102885"},{"taxonomy":"post_tag","embeddable":true,"href":"https:\/\/ujkafe.website\/index.php?rest_route=%2Fwp%2Fv2%2Ftags&post=102885"}],"curies":[{"name":"wp","href":"https:\/\/api.w.org\/{rel}","templated":true}]}}