
{"id":102897,"date":"2022-09-14T02:56:57","date_gmt":"2022-09-14T02:56:57","guid":{"rendered":"https:\/\/ujkafe.website\/?p=102897"},"modified":"2022-09-13T19:58:54","modified_gmt":"2022-09-13T19:58:54","slug":"ivan-karamazov-ket-jegyzet","status":"publish","type":"post","link":"https:\/\/ujkafe.website\/?p=102897","title":{"rendered":"Ivan Karamazov: K\u00e9t jegyzet"},"content":{"rendered":"\r\n<p><em><strong>1.A k\u00f6d\u00f6n \u00e1t &#8211; D\u00e9rczy P\u00e9ter hal\u00e1l\u00e1ra &#8211;<\/strong><\/em><\/p>\r\n<p>Nem vagyok valami nagy t\u00e1j\u00e9koz\u00f3d\u00f3, s amikor el\u0151sz\u00f6r mentem a Rezs\u0151 t\u00e9rre, azt sem tudtam, hol vagyok tulajdonk\u00e9ppen. Pr\u00f3z\u00e1kat vittem D\u00e9rczy P\u00e9ternek, s a kezd\u0151 minden f\u00e9lelme bennem volt.<br>Pedig nem kellett volna f\u00e9lnem, de egy kezd\u0151 mindenk\u00e9ppen f\u00e9l, csak akadnak, akik b\u00e1trabban f\u00e9lnek. \u00c9n nagyokat vihogtam, egyik l\u00e1bamr\u00f3l a m\u00e1sikra \u00e1lltam, r\u00e9mes alak lehettem. De P\u00e9ter j\u00f3l t\u0171rte, nem pir\u00edtott r\u00e1m, nem n\u00e9zett \u00e1t rajtam, nem b\u00facs\u00fazott el siet\u0151sen.<br>Minden novell\u00e1mat k\u00f6z\u00f6lte, ami akkor legal\u00e1bbis olyasmit jelentett, mintha a metr\u00f3 miattam \u00e1llt volna le. Nem lett\u00fcnk bar\u00e1tok, mert t\u00fal g\u00e1tl\u00e1sos voltam, azt sem tudtam volna, honnan kezdjem a bar\u00e1ts\u00e1got, de j\u00f3ban maradtunk.<!--more--><br>A legend\u00e1j\u00e1t is ismertem m\u00e1r akkor, amikor el\u0151sz\u00f6r tal\u00e1lkoztunk, a sz\u00e9gyenletesen sz\u00e9tvert, remek Magyar Napl\u00f3t, melynek \u0151 volt a f\u0151szerkeszt\u0151je, sz\u00edvesen olvastam, g\u00e1tl\u00e1saimhoz teh\u00e1t \u00fajabbak kavarodtak, olyan voltam m\u00e1r, mint egy k\u00e9t l\u00e1bon k\u00f6zleked\u0151 dr\u00f3tsz\u00e9naboglya. \u00c9s ut\u00f3bb nagyon tetszett a Liter\u00e1nak \u00edrt napl\u00f3ja, igazi pr\u00f3za\u00edr\u00f3nak \u00e9reztem.<br>K\u00fcl\u00f6n\u00f6s vonal\u00fa sz\u00e1ja volt, \u00e9s valami furcsa melank\u00f3lia sug\u00e1rzott bel\u0151le. \u0150sz, madaras haj\u00e1val, eleven tekintet\u00e9vel, ingeivel, hahot\u00e1j\u00e1val egy kedves alm\u00e9rn\u00f6kre eml\u00e9keztetett, akit azonban nem lehet \u00e1tverni. \u00c9s nyugtalans\u00e1got is \u00e9reztem a melank\u00f3lia m\u00f6g\u00f6tt, de ism\u00e9t mondom, nagyon t\u00e1volr\u00f3l.<br>Szerettem &#8211; olyan sok\u00e9l\u0171 sz\u00f3 ez, ebben a nagy t\u00f6megben mintha t\u00fal sokakat szeretne az ember. De \u0151t t\u00e9nyleg szerettem, a t\u00e1vols\u00e1gon t\u00fal k\u00f6z\u00f6m volt hozz\u00e1, szeretet volt benne, mint Kert\u00e9sz Jegyz\u0151k\u00f6nyve egyik v\u00e1mos\u00e1ban. <br>Ha m\u00e1r b\u00facs\u00fazni kell, akkor Orb\u00e1n Ott\u00f3 gy\u00f6ny\u00f6r\u0171 vers\u00e9vel b\u00facs\u00fazom, a Hallod-e, te s\u00f6t\u00e9t \u00e1rny\u00e9kkal, annak az Orb\u00e1n Ott\u00f3nak a hal\u00e1ldal\u00e1val, akir\u0151l remek monogr\u00e1fi\u00e1t \u00edrt. <br>&#8222;B\u00facs\u00fazn\u00e9k m\u00e1r, de nem k\u00f6nny\u0171, szakad szememb\u0151l a k\u00f6nny\u0171.<br>\u0150sz szak\u00e1llal mennyd\u00f6r\u00f6gve gy\u00f6ngy\u00f6t sz\u00f3r az \u00e9g a r\u00f6gre.<br>Szakad az es\u0151 a f\u00f6ldre, feh\u00e9r szemfed\u0151vel f\u00f6d be.<br>Szakad az es\u0151 a f\u00f6ldre, belemos\u00f3dom a k\u00f6dbe.&#8221;<br>Isten nyugtasson, P\u00e9ter! L\u00e1tlak \u00e9n a k\u00f6d\u00f6n \u00e1t is.<br><br><em>Forr\u00e1s: Litera.hu &#8211; az irodalmi port\u00e1l<\/em><\/p>\r\n<hr>\r\n<div class=\"m8h3af8h l7ghb35v kjdc1dyq kmwttqpk gh25dzvf n3t5jt4f\">\r\n<div dir=\"auto\"><em><strong>2. Abortusz<\/strong><\/em><\/div>\r\n<div dir=\"auto\">&nbsp;<\/div>\r\n<\/div>\r\n<div class=\"l7ghb35v kjdc1dyq kmwttqpk gh25dzvf jikcssrz n3t5jt4f\">\r\n<div dir=\"auto\">Tegnap mes\u00e9ltem el valakinek, akivel egyfajta k\u00e9rdezz-felelek j\u00e1t\u00e9kot j\u00e1tszottunk, \u00e9s \u00e9letem sz\u00e9gyenletes cselekedeteire volt k\u00edv\u00e1ncsi. Fiatalkorom nagy szerelme teherbe esett, mindketten gy\u00e1v\u00e1k voltunk, a l\u00e1nynak abortuszra kellett mennie. Elk\u00eds\u00e9rtem; azt az arcot, ahogy a rendel\u0151b\u0151l kil\u00e9pett, soha nem felejtem el.<\/div>\r\n<div dir=\"auto\">Akkor \u00e9rtettem meg, hogy egy kapcsolatban term\u00e9szetesen ketten \u00e9lnek, de vannak f\u00e1jdalmak \u00e9s felel\u0151ss\u00e9gek, amelyekr\u0151l egy f\u00e9rfinak fogalma sem lehet, vagy csak fogalma lehet. Az\u00f3ta gondolom \u00fagy, hogy a d\u00f6nt\u00e9s jog\u00e1val nem lehet j\u00e1tszadozni, s hogy az \u00e1llam nem veheti \u00e1t a gondoskod\u00e1snak \u00e1lc\u00e1zott zsarol\u00f3 szerep\u00e9t. Illetve \u00e1tveheti, hiszen megvan hozz\u00e1 a hatalma, de emberibb, ha nem teszi meg. AZ az emberi, ha nem teszi meg.<\/div>\r\n<div dir=\"auto\">&nbsp;<\/div>\r\n<\/div>\r\n<div dir=\"auto\"><em>Forr\u00e1s: szerz\u0151 FB-oldala<\/em><\/div>\r\n","protected":false},"excerpt":{"rendered":"<p>1.A k\u00f6d\u00f6n \u00e1t &#8211; D\u00e9rczy P\u00e9ter hal\u00e1l\u00e1ra &#8211; Nem vagyok valami nagy t\u00e1j\u00e9koz\u00f3d\u00f3, s amikor el\u0151sz\u00f6r mentem a Rezs\u0151 t\u00e9rre, azt sem tudtam, hol vagyok tulajdonk\u00e9ppen. Pr\u00f3z\u00e1kat vittem D\u00e9rczy P\u00e9ternek, s a kezd\u0151 minden f\u00e9lelme bennem volt.Pedig nem kellett volna f\u00e9lnem, de egy kezd\u0151 mindenk\u00e9ppen f\u00e9l, csak akadnak, akik b\u00e1trabban f\u00e9lnek. \u00c9n nagyokat vihogtam, egyik [&hellip;]<\/p>\n","protected":false},"author":3,"featured_media":0,"comment_status":"open","ping_status":"open","sticky":false,"template":"","format":"standard","meta":{"_monsterinsights_skip_tracking":false,"_monsterinsights_sitenote_active":false,"_monsterinsights_sitenote_note":"","_monsterinsights_sitenote_category":0,"ngg_post_thumbnail":0,"footnotes":""},"categories":[16,120],"tags":[],"class_list":["post-102897","post","type-post","status-publish","format-standard","hentry","category-bongeszde","category-essze"],"_links":{"self":[{"href":"https:\/\/ujkafe.website\/index.php?rest_route=\/wp\/v2\/posts\/102897","targetHints":{"allow":["GET"]}}],"collection":[{"href":"https:\/\/ujkafe.website\/index.php?rest_route=\/wp\/v2\/posts"}],"about":[{"href":"https:\/\/ujkafe.website\/index.php?rest_route=\/wp\/v2\/types\/post"}],"author":[{"embeddable":true,"href":"https:\/\/ujkafe.website\/index.php?rest_route=\/wp\/v2\/users\/3"}],"replies":[{"embeddable":true,"href":"https:\/\/ujkafe.website\/index.php?rest_route=%2Fwp%2Fv2%2Fcomments&post=102897"}],"version-history":[{"count":0,"href":"https:\/\/ujkafe.website\/index.php?rest_route=\/wp\/v2\/posts\/102897\/revisions"}],"wp:attachment":[{"href":"https:\/\/ujkafe.website\/index.php?rest_route=%2Fwp%2Fv2%2Fmedia&parent=102897"}],"wp:term":[{"taxonomy":"category","embeddable":true,"href":"https:\/\/ujkafe.website\/index.php?rest_route=%2Fwp%2Fv2%2Fcategories&post=102897"},{"taxonomy":"post_tag","embeddable":true,"href":"https:\/\/ujkafe.website\/index.php?rest_route=%2Fwp%2Fv2%2Ftags&post=102897"}],"curies":[{"name":"wp","href":"https:\/\/api.w.org\/{rel}","templated":true}]}}