
{"id":102898,"date":"2022-09-14T02:53:42","date_gmt":"2022-09-14T02:53:42","guid":{"rendered":"https:\/\/ujkafe.website\/?p=102898"},"modified":"2022-09-13T19:55:01","modified_gmt":"2022-09-13T19:55:01","slug":"banner-zoltan-petofije-kettos-evfordulo-a-podiumon","status":"publish","type":"post","link":"https:\/\/ujkafe.website\/?p=102898","title":{"rendered":"BANNER ZOLT\u00c1N PET\u0150FIJE \u2013 KETT\u0150S \u00c9VFORDUL\u00d3 A P\u00d3DIUMON"},"content":{"rendered":"\r\n<p>\u00c1ll egy ember a sz\u00ednpadon. Besz\u00e9l. Kev\u00e9s id\u0151 ut\u00e1n m\u00e1r l\u00e9nyegtelen a n\u00e9z\u0151t\u00e9r \u00e9s emelv\u00e9ny k\u00f6z\u00f6tti t\u00e1vols\u00e1g, hiszen nek\u00fcnk sz\u00f3l, k\u00f6z\u00fcl\u00fcnk, bel\u0151l\u00fcnk. Ennek a feh\u00e9r haj\u00fa, d\u00e9lceg \u00farnak az els\u0151 mondatai ut\u00e1n elhissz\u00fck, hogy \u0151 a huszonn\u00e9gy \u00e9ves Pet\u0151fi S\u00e1ndor. Ott, az el\u0151ad\u00e1s idej\u00e9ben nincs m\u00f3d, sem ig\u00e9ny az elemz\u00e9sre. Minden szava fontos. Meg akarjuk ismerni. Ez az \u0151 akarata is \u2013 a n\u00e9z\u0151nek, hallgat\u00f3nak pedig nincs m\u00e1s v\u00e1laszt\u00e1sa, mint vele tartani ezen a bemutatkoz\u00f3 k\u00f6r\u00faton.<!--more--> Banner Zolt\u00e1n m\u00e1r az \u00e9n gyerekkoromban is legenda volt. <em>Pet\u0151fi a h\u00eddon<\/em> c\u00edm\u0171 bakelitlemeze szinte az \u00f6sszes ismer\u0151s\u00f6m gy\u0171jtem\u00e9ny\u00e9ben ott volt. Azon ritka hanghordoz\u00f3k k\u00f6z\u00e9 tartozott, amelyek \u00e9l\u0151 t\u00f6rt\u00e9netet is hoztak magukkal, t\u00f6bben \u00e9l\u0151sz\u00f3ban is hallhatt\u00e1k, b\u0151vebben, hiszen az el\u0151ad\u00f3 ezt \u00e9s sok m\u00e1s estj\u00e9t is folyamatosan j\u00e1tszotta a magyarlakta ter\u00fcleteken \u00e9s k\u00f6z\u00f6ss\u00e9gekben, el\u0151sz\u00f6r Erd\u00e9lyben, azt\u00e1n Magyarorsz\u00e1g, Ausztria, Ausztr\u00e1lia, Sv\u00e9dorsz\u00e1g, N\u00e9metorsz\u00e1g sz\u00ednpadjain, \u00f6sszesen legal\u00e1bb sz\u00e1z\u00f6tven alkalommal. Amikor 1972-ben, ezel\u0151tt \u00f6tven \u00e9vvel bemutatta a Pet\u0151fi-m\u0171sort, eg\u00e9szen biztos vagyok benne, hogy nem gondolt arra, hogy ilyen hossz\u00fa t\u00e1v\u00fa hat\u00e1s\u00fa t\u00f6rt\u00e9net lesz bel\u0151le. Pedig sejthette volna: m\u00e9g tizenh\u00e9t \u00e9vig Erd\u00e9lyben \u00e9lt, szinte a diktat\u00fara v\u00e9g\u00e9ig, \u00e9s azokban az \u00e9vekben nagy sz\u00fcks\u00e9g mutatkozott minden megtart\u00f3 sz\u00f3ra. Gondolom, az illet\u00e9kes elvt\u00e1rsak nemigen \u00fcltek a p\u00f3diuma el\u0151tt, mert ha \u00edgy lett volna, k\u00e9tlem, hogy engedt\u00e9k volna tov\u00e1bb mondani ezeket a sz\u00f6vegeket. Mert Pet\u0151fit ismerj\u00fck: nem kertelt. \u00c9s Banner Zolt\u00e1n sem, amikor a sz\u00f6vegeit kiv\u00e1lasztotta: verseib\u0151l, napl\u00f3ib\u00f3l, levelez\u00e9seib\u0151l. K\u00e9t \u00e9s f\u00e9l \u00e9vnyi sz\u00f6veganyagb\u00f3l olyan \u00edvet siker\u00fclt adnia az el\u0151ad\u00f3estnek, melyb\u0151l megismerj\u00fck a mag\u00e1nember gondjait \u00e9s \u00f6r\u00f6meit, v\u00edv\u00f3d\u00e1sait, k\u00f6lt\u0151i \u00f6nreflexi\u00f3it, politikai elk\u00e9pzel\u00e9seit \u00e9s c\u00e9ljait, radik\u00e1lisan \u00faj\u00edt\u00f3 t\u00f6rekv\u00e9seit, forradalmi lelk\u00fclet\u00e9t, h\u00edrt kapunk utaz\u00e1sair\u00f3l \u00e9s aggodalmair\u00f3l. Tulajdonk\u00e9ppen minden igaz\u00e1n fontos ebben az id\u0151szakban t\u00f6rt\u00e9nik vele, ennek a k\u00e9t \u00e9s f\u00e9l \u00e9vnek a term\u00e9s\u00e9b\u0151l meg lehet \u00e9rteni Pet\u0151fit. L\u00e1tjuk bar\u00e1tk\u00e9nt, szerelmesk\u00e9nt, ifj\u00fa h\u00e1zask\u00e9nt \u00e9s apak\u00e9nt, bosszankod\u00f3 alkot\u00f3k\u00e9nt, nemzet\u00e9t f\u00e9lt\u0151 \u00e9s felemelni k\u00edv\u00e1n\u00f3 harcosk\u00e9nt. Banner Zolt\u00e1n \u00e1t tudja adni ezt a lelk\u00fcletet: a b\u00e1tors\u00e1g\u00e1t, az \u0151szintes\u00e9g\u00e9t, a n\u00e9ha pimasz, meg nem alkuv\u00f3, fiatalos hev\u00e9t. Nem egy szobrot mutat, hanem val\u00f3di embert; nem patetikus, hanem boh\u00f3, szinte csib\u00e9szes, vag\u00e1ny, elb\u0171v\u00f6l\u0151 figura. De m\u00e9gis az a Pet\u0151fi, aki k\u00f6zben meg\u00edrta ezeket a verseket. \u00dagy gondolom, egy ilyen \u00f6ssze\u00e1ll\u00edt\u00e1s, ebben az \u00e9rtelmez\u00e9sben igaz\u00e1n k\u00f6zel tudja hozni a legfiatalabbakhoz is a k\u00f6lt\u0151t. Hiszen sokan, tank\u00f6nyvb\u0151l vagy unalmas \u00f3r\u00e1kr\u00f3l ismerve \u0151t, nem is gondoln\u00e1k, mennyire k\u00f6zel \u00e1llt a gondolkod\u00e1sa, a habitusa az \u00f6v\u00e9khez. R\u00e1ad\u00e1sul korban is milyen kev\u00e9s a k\u00fcl\u00f6nbs\u00e9g k\u00f6zt\u00fck \u00e9s a besz\u00e9l\u0151 k\u00f6z\u00f6tt. M\u00e9g utols\u00f3 fennmaradt leveleiben, hal\u00e1la el\u0151tt n\u00e9h\u00e1ny nappal is, egy huszonhat \u00e9s f\u00e9l \u00e9ves ember besz\u00e9l. Mennyire men\u0151nek sz\u00e1m\u00edtana, ha ma \u00e9lne!&nbsp; \u00c9s milyen m\u00e1s meg\u00e9rteni a pr\u00f3f\u00e9tai \u00e9s romantikus volt\u00e1t \u00e9ppen t\u0151le, mikor p\u00e9ld\u00e1ul az 1847-es \u201e\u00f6sszes k\u00f6ltem\u00e9nyek\u201d-hez \u00edrt el\u0151sz\u00f3ban \u00edgy v\u00e9di mag\u00e1t a kritikusokt\u00f3l: <em>\u201eAz \u00e9n \u00e9letem csatat\u00e9ren folyt, a szenved\u00e9sek \u00e9s szenved\u00e9lyek csatater\u00e9n; r\u00e9gi sz\u00e9p napok holttestei, meggyilkolt rem\u00e9nyek hal\u00e1lh\u00f6rg\u00e9se, el nem \u00e9rt v\u00e1gyak g\u00fanykacaja s csal\u00f3d\u00e1sok boszork\u00e1nysip\u00edt\u00e1sai k\u00f6z\u00f6tt dalol f\u00e9lt\u00e9bolyodottan m\u00fazs\u00e1m, mint az el\u00e1tkozott kir\u00e1lyle\u00e1ny az operenci\u00e1s tenger sziget\u00e9ben, melyet vad\u00e1llatok \u00e9s sz\u00f6rnyetegek \u0151riznek. \u2013 Azt\u00e1n e szaggatotts\u00e1g nem is eg\u00e9szen az \u00e9n hib\u00e1m, hanem a sz\u00e1zad\u00e9.\u201d<\/em> Pet\u0151fi eset\u00e9ben nagyon neh\u00e9z a korszer\u0171 sz\u00f6vegelemz\u00e9si m\u00f3dokat alkalmazni, k\u00fcl\u00f6n\u00f6sen azokat, amelyek eltekintenek a szerz\u0151 \u00e9lett\u00f6rt\u00e9net\u00e9t\u0151l. N\u00e1la a h\u0151si hal\u00e1l, de sok egy\u00e9b k\u00f6r\u00fclm\u00e9ny is f\u00e9lelmetes, szinte h\u00e1tborzongat\u00f3 \u00e9rtelmez\u00e9si h\u00e1l\u00f3t fon minden megsz\u00f3lal\u00e1sa k\u00f6r\u00e9. Ritka hiteless\u00e9g k\u00e9pz\u0151dik meg, j\u00f6vend\u0151mond\u00f3 biztons\u00e1ggal. Ez\u00e9rt sem mindegy, hogy az \u0151t megalkot\u00f3 besz\u00e9l\u0151 milyen l\u00e9lekkel tud sz\u00f3lni. \u00c1ll egy ember a sz\u00ednpadon, \u00e1ll k\u00f6z\u00f6tt\u00fcnk. Ismerj\u00fck \u0151t. Az \u00e9rzelmeinkkel is magunk\u00e9nak tudjuk m\u00e1r, nem csak a lexik\u00e1lis adatok \u00e1ltal. Azt\u00e1n sz\u00e9p lassan belev\u00e9sz a m\u00edtoszokba, elemelkedik. \u00c9s \u00e1ll m\u00e9g egy ember, m\u00e9g ha nehezen is v\u00e1laszthat\u00f3 el t\u0151le ezekben a pillanatokban. Az el\u0151ad\u00f3, Banner Zolt\u00e1n. Mindketten \u00e9vfordul\u00f3hoz k\u00f6zelednek, el\u0151bbi a k\u00e9tsz\u00e1zadikhoz, ut\u00f3bbi a kilencvenedikhez. Az el\u0151ad\u00f3est \u00e9ppen \u00f6tvenedik \u00e9ve \u00e9l, \u00e9s t\u00f6rt\u00e9neti jelent\u0151s\u00e9g\u0171, hogy a Gyulai V\u00e1rsz\u00ednh\u00e1z felk\u00e9r\u00e9s\u00e9re megism\u00e9tl\u0151dhetett ez a var\u00e1zslat. Egy olyan el\u0151ad\u00f3m\u0171v\u00e9sz tolm\u00e1csol\u00e1s\u00e1ban, aki mindemellett mai napig akt\u00edvan \u00edr verseket, t\u00e1rc\u00e1kat, m\u0171v\u00e9szett\u00f6rt\u00e9neti munk\u00e1kat, monogr\u00e1fi\u00e1kat, \u00e9s v\u00e9gtelen der\u0171vel, szeretettel \u00e9li \u00e9s alkotja az \u00e9letet. Legyen \u00edgy m\u00e9g nagyon sok\u00e1ig! <br><br><em><strong>Farkas Wellmann \u00c9va<\/strong><\/em><br><br>K\u00f6zvetlen el\u00e9r\u00e9se a m\u00e1solt sz\u00f6vegnek:<a href=\"https:\/\/olvasat.hu\/banner-zoltan-petofije-kettos-evfordulo-a-podiumon\/?fbclid=IwAR2YsGZkfdEqox8pBQkqRQ175u-g7Kx6tCtlo3AIU7Dlagl5ci4PeaPN2YI\">https:\/\/olvasat.hu\/banner-zoltan-petofije-kettos-evfordulo-a-podiumon\/?fbclid=IwAR2YsGZkfdEqox8pBQkqRQ175u-g7Kx6tCtlo3AIU7Dlagl5ci4PeaPN2YI<\/a><\/p>\r\n","protected":false},"excerpt":{"rendered":"<p>\u00c1ll egy ember a sz\u00ednpadon. Besz\u00e9l. Kev\u00e9s id\u0151 ut\u00e1n m\u00e1r l\u00e9nyegtelen a n\u00e9z\u0151t\u00e9r \u00e9s emelv\u00e9ny k\u00f6z\u00f6tti t\u00e1vols\u00e1g, hiszen nek\u00fcnk sz\u00f3l, k\u00f6z\u00fcl\u00fcnk, bel\u0151l\u00fcnk. Ennek a feh\u00e9r haj\u00fa, d\u00e9lceg \u00farnak az els\u0151 mondatai ut\u00e1n elhissz\u00fck, hogy \u0151 a huszonn\u00e9gy \u00e9ves Pet\u0151fi S\u00e1ndor. Ott, az el\u0151ad\u00e1s idej\u00e9ben nincs m\u00f3d, sem ig\u00e9ny az elemz\u00e9sre. Minden szava fontos. Meg akarjuk [&hellip;]<\/p>\n","protected":false},"author":3,"featured_media":0,"comment_status":"open","ping_status":"open","sticky":false,"template":"","format":"standard","meta":{"_monsterinsights_skip_tracking":false,"_monsterinsights_sitenote_active":false,"_monsterinsights_sitenote_note":"","_monsterinsights_sitenote_category":0,"ngg_post_thumbnail":0,"footnotes":""},"categories":[16],"tags":[],"class_list":["post-102898","post","type-post","status-publish","format-standard","hentry","category-bongeszde"],"_links":{"self":[{"href":"https:\/\/ujkafe.website\/index.php?rest_route=\/wp\/v2\/posts\/102898","targetHints":{"allow":["GET"]}}],"collection":[{"href":"https:\/\/ujkafe.website\/index.php?rest_route=\/wp\/v2\/posts"}],"about":[{"href":"https:\/\/ujkafe.website\/index.php?rest_route=\/wp\/v2\/types\/post"}],"author":[{"embeddable":true,"href":"https:\/\/ujkafe.website\/index.php?rest_route=\/wp\/v2\/users\/3"}],"replies":[{"embeddable":true,"href":"https:\/\/ujkafe.website\/index.php?rest_route=%2Fwp%2Fv2%2Fcomments&post=102898"}],"version-history":[{"count":0,"href":"https:\/\/ujkafe.website\/index.php?rest_route=\/wp\/v2\/posts\/102898\/revisions"}],"wp:attachment":[{"href":"https:\/\/ujkafe.website\/index.php?rest_route=%2Fwp%2Fv2%2Fmedia&parent=102898"}],"wp:term":[{"taxonomy":"category","embeddable":true,"href":"https:\/\/ujkafe.website\/index.php?rest_route=%2Fwp%2Fv2%2Fcategories&post=102898"},{"taxonomy":"post_tag","embeddable":true,"href":"https:\/\/ujkafe.website\/index.php?rest_route=%2Fwp%2Fv2%2Ftags&post=102898"}],"curies":[{"name":"wp","href":"https:\/\/api.w.org\/{rel}","templated":true}]}}