
{"id":102899,"date":"2022-09-14T02:50:20","date_gmt":"2022-09-14T02:50:20","guid":{"rendered":"https:\/\/ujkafe.website\/?p=102899"},"modified":"2022-09-13T19:18:13","modified_gmt":"2022-09-13T19:18:13","slug":"gergely-tamas-rocinante-regenye-7","status":"publish","type":"post","link":"https:\/\/ujkafe.website\/?p=102899","title":{"rendered":"Gergely Tam\u00e1s: ROCINANTE REG\u00c9NYE \/ 7"},"content":{"rendered":"\r\n<p><em>(Cervantes nyom\u00e1n szabadon)<\/em><\/p>\r\n<p><br><em><strong>(7.) HOGYAN V\u00c1S\u00c1ROLTA MEG ROCINANT\u00c9T<\/strong><\/em><\/p>\r\n<p><br><br>Hossz\u00fa ideig az sem volt vil\u00e1gos sz\u00e1momra, hogy engem ez a b\u00fask\u00e9p\u0171 mi\u00e9rt vett meg. J\u00f3, hogy lovaghoz illik egy l\u00f3nak a birtokl\u00e1sa, de mi\u00e9rt egy geb\u00e9t v\u00e1lasztott?<br>Ann\u00e1l is jobban elcsod\u00e1lkoztam, amikor megtudtam, hogy hossz\u00fa utakat tervez. Nem gondolt arra, hogy lerogyok alatta f\u00e9l\u00faton? F\u0151leg, hogy nem etetnek rendesen.<br><br>\u2013 Abrak!<br><br>Gebe vagyok. Az oldalbord\u00e1m ki\u00e1ll, tal\u00e1n m\u00e9g a Holdr\u00f3l is l\u00e1tszik, b\u0151r\u00f6m fak\u00f3, s\u00f6r\u00e9nyem ritk\u00e1s.<br>M\u00edgnem Caterina el\u00e1rulta a titkot. Caterina a konyh\u00e1n teljes\u00edt szolg\u00e1latot, bar\u00e1ts\u00e1gos teremt\u00e9s, \u00e9s nagyon egyed\u00fcl van. Kij\u00e1r hozz\u00e1m, el-els\u00edrja a b\u00e1nat\u00e1t.<br>Engem sajn\u00e1l, mintha sorst\u00e1rsak lenn\u00e9nk. Amikor tud, hoz nekem, lop nekem valamit a konyh\u00e1r\u00f3l. Van \u00fagy, hogy csak a k\u00e1posztatorzs\u00e1t siker\u00fcl elcsenni, m\u00e1skor az uborka leh\u00e1ntott h\u00e9j\u00e1t. Ha f\u00e9l alm\u00e1t rejt el a k\u00f6t\u00e9ny\u00e9ben, az m\u00e1r vas\u00e1rnap. \u00dagy is sz\u00e1m\u00edtom: ha Caterina j\u00f6n valami finommal, az a vas\u00e1rnap, m\u00e9g ha h\u00e9tf\u0151 is lenne a kalend\u00e1rium szerint.<br>Sz\u00f3val t\u0151le tudom, hogy a don elhanyagolta a birtok\u00e1t, ez\u00e9rt m\u00e1s l\u00f3ra nem futotta a p\u00e9nz\u00e9b\u0151l, mint r\u00e1m, a geb\u00e9re.<br>Szomor\u00fa tudom\u00e1sul venni, de ez a megal\u00e1z\u00f3 igazs\u00e1g.<\/p>\r\n<p><a href=\"https:\/\/ujkafe.website\/wp-content\/uploads\/2022\/09\/alovag.jpg\"><img loading=\"lazy\" decoding=\"async\" class=\"alignnone  wp-image-102901\" src=\"https:\/\/ujkafe.website\/wp-content\/uploads\/2022\/09\/alovag-300x215.jpg\" alt=\"\" width=\"373\" height=\"267\" srcset=\"https:\/\/ujkafe.website\/wp-content\/uploads\/2022\/09\/alovag-300x215.jpg 300w, https:\/\/ujkafe.website\/wp-content\/uploads\/2022\/09\/alovag-768x550.jpg 768w, https:\/\/ujkafe.website\/wp-content\/uploads\/2022\/09\/alovag.jpg 810w\" sizes=\"auto, (max-width: 373px) 100vw, 373px\" \/><\/a><br><br><em><strong>(Folytatjuk (8.) * MI A MEGAL\u00c1Z\u00d3?)<\/strong><\/em><\/p>\r\n","protected":false},"excerpt":{"rendered":"<p>(Cervantes nyom\u00e1n szabadon) (7.) HOGYAN V\u00c1S\u00c1ROLTA MEG ROCINANT\u00c9T Hossz\u00fa ideig az sem volt vil\u00e1gos sz\u00e1momra, hogy engem ez a b\u00fask\u00e9p\u0171 mi\u00e9rt vett meg. J\u00f3, hogy lovaghoz illik egy l\u00f3nak a birtokl\u00e1sa, de mi\u00e9rt egy geb\u00e9t v\u00e1lasztott?Ann\u00e1l is jobban elcsod\u00e1lkoztam, amikor megtudtam, hogy hossz\u00fa utakat tervez. Nem gondolt arra, hogy lerogyok alatta f\u00e9l\u00faton? F\u0151leg, hogy nem [&hellip;]<\/p>\n","protected":false},"author":3,"featured_media":0,"comment_status":"open","ping_status":"open","sticky":false,"template":"","format":"standard","meta":{"_monsterinsights_skip_tracking":false,"_monsterinsights_sitenote_active":false,"_monsterinsights_sitenote_note":"","_monsterinsights_sitenote_category":0,"ngg_post_thumbnail":0,"footnotes":""},"categories":[6],"tags":[],"class_list":["post-102899","post","type-post","status-publish","format-standard","hentry","category-regeny"],"_links":{"self":[{"href":"https:\/\/ujkafe.website\/index.php?rest_route=\/wp\/v2\/posts\/102899","targetHints":{"allow":["GET"]}}],"collection":[{"href":"https:\/\/ujkafe.website\/index.php?rest_route=\/wp\/v2\/posts"}],"about":[{"href":"https:\/\/ujkafe.website\/index.php?rest_route=\/wp\/v2\/types\/post"}],"author":[{"embeddable":true,"href":"https:\/\/ujkafe.website\/index.php?rest_route=\/wp\/v2\/users\/3"}],"replies":[{"embeddable":true,"href":"https:\/\/ujkafe.website\/index.php?rest_route=%2Fwp%2Fv2%2Fcomments&post=102899"}],"version-history":[{"count":0,"href":"https:\/\/ujkafe.website\/index.php?rest_route=\/wp\/v2\/posts\/102899\/revisions"}],"wp:attachment":[{"href":"https:\/\/ujkafe.website\/index.php?rest_route=%2Fwp%2Fv2%2Fmedia&parent=102899"}],"wp:term":[{"taxonomy":"category","embeddable":true,"href":"https:\/\/ujkafe.website\/index.php?rest_route=%2Fwp%2Fv2%2Fcategories&post=102899"},{"taxonomy":"post_tag","embeddable":true,"href":"https:\/\/ujkafe.website\/index.php?rest_route=%2Fwp%2Fv2%2Ftags&post=102899"}],"curies":[{"name":"wp","href":"https:\/\/api.w.org\/{rel}","templated":true}]}}