
{"id":102910,"date":"2022-09-15T02:50:50","date_gmt":"2022-09-15T02:50:50","guid":{"rendered":"https:\/\/ujkafe.website\/?p=102910"},"modified":"2022-09-14T20:06:43","modified_gmt":"2022-09-14T20:06:43","slug":"gergely-tamas-rocinante-regenye-8","status":"publish","type":"post","link":"https:\/\/ujkafe.website\/?p=102910","title":{"rendered":"Gergely Tam\u00e1s: ROCINANTE REG\u00c9NYE \/ 8"},"content":{"rendered":"\r\n<p><em>(Cervantes nyom\u00e1n szabadon)<\/em><br><br><em><strong>(8.) MI A MEGAL\u00c1Z\u00d3?<\/strong><\/em><br><br>Ha m\u00e1r a megal\u00e1z\u00e1sr\u00f3l besz\u00e9lek, hadd mondjam el a teljes igazs\u00e1got.<br>Kor\u00e1bbi gazd\u00e1m az\u00e9rt adott el, mert isz\u00e1kos volt, s amikor a p\u00e9nze elfogyott, minden\u00e9t \u00e9rt\u00e9kes\u00edteni akarta, hogy pi\u00e1hoz jusson. Eladta m\u00e9g a h\u00e1zat is a feje f\u00f6l\u00fcl, az ist\u00e1ll\u00f3ban aludtunk mi ketten. Azut\u00e1n k\u00f6vetkeztem \u00e9n.<br>Don Magasan Hordja az Orr\u00e1t els\u0151 piacnapon \u00e9szre sem vett, de azt\u00e1n al\u00e1bb adta, mint mondtam, vagyona nagy r\u00e9sze el\u00faszott.<br>Vagyona el\u00faszott, de a becsv\u00e1gya ann\u00e1l nagyobb. \u00cdgy lettem j\u00f3 \u00e9n, b\u00e1r a bord\u00e1m m\u00e1r akkor kil\u00e1tszott.<!--more--><br>Hogy ehhez hogyan viszonyultam? Sehogy, mentem a kant\u00e1rsz\u00e1r ut\u00e1n.<br>Az igazs\u00e1g az, hogy a r\u00e9gi gazd\u00e1m kedveltem. J\u00f3 humora volt, az sem mell\u00e9kes egy lovagn\u00e1l. Azonk\u00edv\u00fcl meg nem vert. Hogy a kaja kev\u00e9s volt, h\u00e1t az biza\u2026<br>\u2013 Abrak!<br>De ha volt neki, j\u00f3sz\u00edvvel adott. N\u00e9ha csak sz\u00e1raz keny\u00e9ren \u00e9lt\u00fcnk, de h\u00e1t meg\u00e9rtettem. A p\u00e1link\u00e1s butykost is ny\u00fajtotta fel\u00e9m, de azt \u00e9n nem szenvedem. L\u00e1ttam egyszer, hogy egy lovat leitattak, megkerg\u00fclt szeg\u00e9ny, nem tudott mit kezdeni mag\u00e1val.<br>Ezt a mostanit m\u00e1r kezdett\u0151l fogva nem kedveltem. Az isz\u00e1kos sz\u00f3lt hozz\u00e1m, ez soha. A kardj\u00e1t is f\u00e9ltem m\u00e1r az els\u0151 perct\u0151l kezdve, az ott cs\u00fcng feszt az oldal\u00e1n. Mert \u0151 lovag.<br>Lovag? H\u00e1t a l\u00f3 \u00e9n vagyok.<br>Sz\u00f3val megal\u00e1z\u00f3 az, ahogyan adnak-vesznek minket. Mi szolg\u00e1lunk, \u00e9s a parancsot mindig m\u00e1s adja. \u00c9s nem mi v\u00e1lasztjuk meg a \u201dm\u00e1s\u201d-t.<br>Az igazs\u00e1ghoz tartozik, hogy magam sem tudom, kit szeretn\u00e9k a gazd\u00e1mnak, nincs meg a v\u00e1laszt\u00e1shoz sem a lehet\u0151s\u00e9gem, sem a kedvem.<br>\u00c9n csak vagyok.<br><br><em><strong>(Folytatjuk (9.) * k\u00f6vetkezik: K\u00d6T\u00d6ZNI VAL\u00d3 BOLOND)<\/strong><\/em><br><br><br><\/p>\r\n","protected":false},"excerpt":{"rendered":"<p>(Cervantes nyom\u00e1n szabadon) (8.) MI A MEGAL\u00c1Z\u00d3? Ha m\u00e1r a megal\u00e1z\u00e1sr\u00f3l besz\u00e9lek, hadd mondjam el a teljes igazs\u00e1got.Kor\u00e1bbi gazd\u00e1m az\u00e9rt adott el, mert isz\u00e1kos volt, s amikor a p\u00e9nze elfogyott, minden\u00e9t \u00e9rt\u00e9kes\u00edteni akarta, hogy pi\u00e1hoz jusson. Eladta m\u00e9g a h\u00e1zat is a feje f\u00f6l\u00fcl, az ist\u00e1ll\u00f3ban aludtunk mi ketten. Azut\u00e1n k\u00f6vetkeztem \u00e9n.Don Magasan Hordja az [&hellip;]<\/p>\n","protected":false},"author":3,"featured_media":0,"comment_status":"open","ping_status":"open","sticky":false,"template":"","format":"standard","meta":{"_monsterinsights_skip_tracking":false,"_monsterinsights_sitenote_active":false,"_monsterinsights_sitenote_note":"","_monsterinsights_sitenote_category":0,"ngg_post_thumbnail":0,"footnotes":""},"categories":[6],"tags":[],"class_list":["post-102910","post","type-post","status-publish","format-standard","hentry","category-regeny"],"_links":{"self":[{"href":"https:\/\/ujkafe.website\/index.php?rest_route=\/wp\/v2\/posts\/102910","targetHints":{"allow":["GET"]}}],"collection":[{"href":"https:\/\/ujkafe.website\/index.php?rest_route=\/wp\/v2\/posts"}],"about":[{"href":"https:\/\/ujkafe.website\/index.php?rest_route=\/wp\/v2\/types\/post"}],"author":[{"embeddable":true,"href":"https:\/\/ujkafe.website\/index.php?rest_route=\/wp\/v2\/users\/3"}],"replies":[{"embeddable":true,"href":"https:\/\/ujkafe.website\/index.php?rest_route=%2Fwp%2Fv2%2Fcomments&post=102910"}],"version-history":[{"count":0,"href":"https:\/\/ujkafe.website\/index.php?rest_route=\/wp\/v2\/posts\/102910\/revisions"}],"wp:attachment":[{"href":"https:\/\/ujkafe.website\/index.php?rest_route=%2Fwp%2Fv2%2Fmedia&parent=102910"}],"wp:term":[{"taxonomy":"category","embeddable":true,"href":"https:\/\/ujkafe.website\/index.php?rest_route=%2Fwp%2Fv2%2Fcategories&post=102910"},{"taxonomy":"post_tag","embeddable":true,"href":"https:\/\/ujkafe.website\/index.php?rest_route=%2Fwp%2Fv2%2Ftags&post=102910"}],"curies":[{"name":"wp","href":"https:\/\/api.w.org\/{rel}","templated":true}]}}