
{"id":102912,"date":"2022-09-15T02:55:03","date_gmt":"2022-09-15T02:55:03","guid":{"rendered":"https:\/\/ujkafe.website\/?p=102912"},"modified":"2022-09-14T20:15:37","modified_gmt":"2022-09-14T20:15:37","slug":"boloni-domokos-bongeszoje-585","status":"publish","type":"post","link":"https:\/\/ujkafe.website\/?p=102912","title":{"rendered":"B\u00f6l\u00f6ni Domokos b\u00f6ng\u00e9sz\u0151je"},"content":{"rendered":"\r\n<p><em><strong>Varga Melinda: A SZ\u00c9KELY B\u00d3K<\/strong><\/em><br><br>\u2013 Szerusz, Erzsi! J\u00f3l n\u00e9zel ki!<br>\u2013 Szerusz, R\u00f3zsi! Te se panaszkodhatsz, j\u00f3l meg vagy asszonyosodva.<br>\u2013 Nem es kell helyettem kivigye m\u00e1s a nagysz\u0151nyeget, mint n\u00e1latok.<br>\u2013 Menj el, menj el, te el\u00fcl deszka, h\u00e1tul l\u00e9c!<br>\u2013 Hogy vagytok, no?<br>\u2013 Megvagyunk.<!--more--><br>\u2013 Errefele se dugj\u00e1tok az arrotokot, ami\u00f3ta minden \u00fcnnepkor N\u00e9metbe j\u00e1rtok a le\u00e1nyotokhoz. El vagytok b\u0151cs\u00fclve, hallod-e.<br>\u2013 S a fiunkhoz es Magyarba a fered\u0151be. Nem \u00e9r\u00fcnk rea.<br>\u2013 L\u00e1tom, a h\u00e1zat es fel\u00faj\u00edtott\u00e1tok, s b\u00e9k\u00f6tt\u00e9k a g\u00e1zt! Pedig er\u0151sen dr\u00e1ga. Mondt\u00e1k a t\u00e9v\u00e9be, hogy \u00fagy megdr\u00e1giccs\u00e1k, hogy bel\u00e9nyekkennek az emberek. Megl\u00e1tod, nem vezet j\u00f3ra ez a nagyzol\u00e1s. Meglesz a b\u0151jtje.<br>\u2013 Ne se t\u00f6r\u0151dj, a fiam k\u0171d p\u00e9nzt rea, ha megszorulunk. De mit mind annyit valag\u00e1sz\u00f3dol te is, most szerelt\u00e9k b\u00e9 n\u00e1latok az \u00faj k\u00f6zponti f\u0171t\u00e9st, az es olyan, mintha g\u00e1z v\u00f3na benn.<br>\u2013 Nem eppen, mert meg kell rakni a kaz\u00e1nt, ahogy nem rakod meg, a meleg ki van menve. A havat reggel a sz\u00edn el\u0151l el kell h\u00e1nni, m\u00e1sk\u00e9pp b\u00e9 se jutsz. A kezem \u00f6r\u00f6kk\u00e9 le van gemberedve.<br>\u2013 M\u00e9 nem k\u0171d\u00f6d az uradot? Nem feh\u00e9rn\u00e9pnek val\u00f3 munka.<br>\u2013 M\u00e9t, m\u00e9t?! H\u00e1 csak.<br>\u2013 Azz\u00e9t biztos, met este a bodeg\u00e1ba j\u00f3l megr\u00e9szegedik, s reggel azt se tudja, fi\u00fa-e vagy le\u00e1n, nemhogy m\u00e9g felkeljen s t\u00fczet rakjon.<br>\u2013 A te uradat se kell dics\u00e9rni, hadd el. M\u00faltkor es l\u00e1ttam, hogy a kom\u00e1masszonodt\u00f3l este k\u00e9s\u0151n kanyarodott ki, s iszkiri haza a kertek alatt, hogy m\u00edg te a gy\u00e1rb\u00f3l hazaj\u00f6ssz, legyen \u0151 es otthon.<br>\u2013 Ejsze teleszk\u00f3p van a szemed helyibe, hogy te ell\u00e1tsz a kom\u00e1m asszonig? K\u00e9t ucc\u00e1val feljebb lakik.<br>\u2013 Nekem nincs, de Teri kom\u00e1n\u00e9m ott lakik vele szemk\u00f6zt, s \u0151 mondta tegnap a b\u00f3tba. M\u00e1s es l\u00e1tta, nem csak \u0151.<br>\u2013 Csak menjek fel kenyer\u00e9tt, me a derek\u00e1t elt\u00f6r\u00f6m! A fosk\u00fcp\u0171je!<br>\u2013 Nem hib\u00e1s \u0151 semmi\u00e9tt. J\u00f3l tudod, hogy \u00c1m\u00e1li kom\u00e1n\u00e9d er\u0151sen kajt\u00e1r\u00f6l\u0171. \u00d6r\u00f6kk\u00e9 viszket neki a valaga.<br>\u2013 Az anyja es ilyen v\u00f3t, hogy a rosszseb egye meg a fajt\u00e1jukat!<br>\u2013 J\u00f3 na, j\u00f3! Ne herrgeld fel magadot \u00fagy, m\u00e9g a v\u00e9gin meg\u00fct a gutta, mint a fesszegbe J\u00f3z\u00e9f\u00e1t.<br>\u2013 A h\u00e1zat l\u00e1tom, a ny\u00e1ron k\u00fcjjel lefestett\u00e9tek.<br>\u2013 Le. De nem olyan hitv\u00e1ny z\u0151dre, mint t\u00fc. Az eg\u00e9sz ucca ezen kacag.<br>\u2013 Menj el, menj el! H\u00e1t nem es olyan cik\u00f3riavir\u00e1gs\u00e1rga, mint a t\u00fc h\u00e1zatok.<br>\u2013 A le\u00e1nka hogy van? R\u00e9g nem l\u00e1ttam.<br>\u2013 Tan\u00f3l \u00f6r\u00f6kk\u00e9, nincs hogy l\u00e1ssad. Elmegy az oskol\u00e1ba, s onnan haza, s azzal napszent\u00fcletig tan\u00f3l.<br>\u2013 Ejszen papnak k\u00e9sz\u00fcl.<br>\u2013 Hanemegyeb.<br><br><em>El\u0151retolt Hely\u0151rs\u00e9g, 2022. j\u00falius<\/em><\/p>\r\n","protected":false},"excerpt":{"rendered":"<p>Varga Melinda: A SZ\u00c9KELY B\u00d3K \u2013 Szerusz, Erzsi! J\u00f3l n\u00e9zel ki!\u2013 Szerusz, R\u00f3zsi! Te se panaszkodhatsz, j\u00f3l meg vagy asszonyosodva.\u2013 Nem es kell helyettem kivigye m\u00e1s a nagysz\u0151nyeget, mint n\u00e1latok.\u2013 Menj el, menj el, te el\u00fcl deszka, h\u00e1tul l\u00e9c!\u2013 Hogy vagytok, no?\u2013 Megvagyunk.<\/p>\n","protected":false},"author":3,"featured_media":0,"comment_status":"open","ping_status":"open","sticky":false,"template":"","format":"standard","meta":{"_monsterinsights_skip_tracking":false,"_monsterinsights_sitenote_active":false,"_monsterinsights_sitenote_note":"","_monsterinsights_sitenote_category":0,"ngg_post_thumbnail":0,"footnotes":""},"categories":[16],"tags":[],"class_list":["post-102912","post","type-post","status-publish","format-standard","hentry","category-bongeszde"],"_links":{"self":[{"href":"https:\/\/ujkafe.website\/index.php?rest_route=\/wp\/v2\/posts\/102912","targetHints":{"allow":["GET"]}}],"collection":[{"href":"https:\/\/ujkafe.website\/index.php?rest_route=\/wp\/v2\/posts"}],"about":[{"href":"https:\/\/ujkafe.website\/index.php?rest_route=\/wp\/v2\/types\/post"}],"author":[{"embeddable":true,"href":"https:\/\/ujkafe.website\/index.php?rest_route=\/wp\/v2\/users\/3"}],"replies":[{"embeddable":true,"href":"https:\/\/ujkafe.website\/index.php?rest_route=%2Fwp%2Fv2%2Fcomments&post=102912"}],"version-history":[{"count":0,"href":"https:\/\/ujkafe.website\/index.php?rest_route=\/wp\/v2\/posts\/102912\/revisions"}],"wp:attachment":[{"href":"https:\/\/ujkafe.website\/index.php?rest_route=%2Fwp%2Fv2%2Fmedia&parent=102912"}],"wp:term":[{"taxonomy":"category","embeddable":true,"href":"https:\/\/ujkafe.website\/index.php?rest_route=%2Fwp%2Fv2%2Fcategories&post=102912"},{"taxonomy":"post_tag","embeddable":true,"href":"https:\/\/ujkafe.website\/index.php?rest_route=%2Fwp%2Fv2%2Ftags&post=102912"}],"curies":[{"name":"wp","href":"https:\/\/api.w.org\/{rel}","templated":true}]}}