
{"id":102914,"date":"2022-09-15T02:57:26","date_gmt":"2022-09-15T02:57:26","guid":{"rendered":"https:\/\/ujkafe.website\/?p=102914"},"modified":"2022-09-14T20:04:16","modified_gmt":"2022-09-14T20:04:16","slug":"szekedi-ferenc-ez-mar-a-xxi-szazad","status":"publish","type":"post","link":"https:\/\/ujkafe.website\/?p=102914","title":{"rendered":"Sz\u00e9kedi Ferenc: Ez m\u00e1r a XXI. sz\u00e1zad&#8230;"},"content":{"rendered":"\r\n<p><a href=\"https:\/\/ujkafe.website\/wp-content\/uploads\/2022\/09\/zenehaz.jpg\"><img loading=\"lazy\" decoding=\"async\" class=\"alignnone  wp-image-102916\" src=\"https:\/\/ujkafe.website\/wp-content\/uploads\/2022\/09\/zenehaz-205x300.jpg\" alt=\"\" width=\"274\" height=\"401\" srcset=\"https:\/\/ujkafe.website\/wp-content\/uploads\/2022\/09\/zenehaz-205x300.jpg 205w, https:\/\/ujkafe.website\/wp-content\/uploads\/2022\/09\/zenehaz-700x1024.jpg 700w, https:\/\/ujkafe.website\/wp-content\/uploads\/2022\/09\/zenehaz-768x1124.jpg 768w, https:\/\/ujkafe.website\/wp-content\/uploads\/2022\/09\/zenehaz-1049x1536.jpg 1049w, https:\/\/ujkafe.website\/wp-content\/uploads\/2022\/09\/zenehaz.jpg 1399w\" sizes=\"auto, (max-width: 274px) 100vw, 274px\" \/><\/a><\/p>\r\n<p>A vil\u00e1gj\u00e1rv\u00e1ny miatt csup\u00e1n a napokban tekintette meg budapesti alkot\u00e1s\u00e1t, a Magyar Zene H\u00e1z\u00e1t Fudzsimoto Szu jap\u00e1n szt\u00e1r\u00e9p\u00edt\u00e9sz. \u00c9n m\u00e1r n\u00e9h\u00e1ny h\u00f3napja l\u00e1ttam. Azt hiszem, ez az egyik legrokonszenvesebb, term\u00e9szet- \u00e9s emberk\u00f6zeli \u00e9p\u00edtm\u00e9ny, amelyet a huszonegyedik sz\u00e1zad eddig el\u00e9nk var\u00e1zsolt. Rengeteg fot\u00f3t k\u00e9sz\u00edtettem r\u00f3la, majd m\u00e9g visszat\u00e9rek r\u00e1, hogy mi\u00e9rt tartom remekm\u0171nek (Forr\u00e1s: szerz\u0151 FB-oldala)<\/p>\r\n","protected":false},"excerpt":{"rendered":"<p>A vil\u00e1gj\u00e1rv\u00e1ny miatt csup\u00e1n a napokban tekintette meg budapesti alkot\u00e1s\u00e1t, a Magyar Zene H\u00e1z\u00e1t Fudzsimoto Szu jap\u00e1n szt\u00e1r\u00e9p\u00edt\u00e9sz. \u00c9n m\u00e1r n\u00e9h\u00e1ny h\u00f3napja l\u00e1ttam. Azt hiszem, ez az egyik legrokonszenvesebb, term\u00e9szet- \u00e9s emberk\u00f6zeli \u00e9p\u00edtm\u00e9ny, amelyet a huszonegyedik sz\u00e1zad eddig el\u00e9nk var\u00e1zsolt. Rengeteg fot\u00f3t k\u00e9sz\u00edtettem r\u00f3la, majd m\u00e9g visszat\u00e9rek r\u00e1, hogy mi\u00e9rt tartom remekm\u0171nek (Forr\u00e1s: szerz\u0151 FB-oldala)<\/p>\n","protected":false},"author":3,"featured_media":0,"comment_status":"open","ping_status":"open","sticky":false,"template":"","format":"standard","meta":{"_monsterinsights_skip_tracking":false,"_monsterinsights_sitenote_active":false,"_monsterinsights_sitenote_note":"","_monsterinsights_sitenote_category":0,"ngg_post_thumbnail":0,"footnotes":""},"categories":[5],"tags":[],"class_list":["post-102914","post","type-post","status-publish","format-standard","hentry","category-foto"],"_links":{"self":[{"href":"https:\/\/ujkafe.website\/index.php?rest_route=\/wp\/v2\/posts\/102914","targetHints":{"allow":["GET"]}}],"collection":[{"href":"https:\/\/ujkafe.website\/index.php?rest_route=\/wp\/v2\/posts"}],"about":[{"href":"https:\/\/ujkafe.website\/index.php?rest_route=\/wp\/v2\/types\/post"}],"author":[{"embeddable":true,"href":"https:\/\/ujkafe.website\/index.php?rest_route=\/wp\/v2\/users\/3"}],"replies":[{"embeddable":true,"href":"https:\/\/ujkafe.website\/index.php?rest_route=%2Fwp%2Fv2%2Fcomments&post=102914"}],"version-history":[{"count":0,"href":"https:\/\/ujkafe.website\/index.php?rest_route=\/wp\/v2\/posts\/102914\/revisions"}],"wp:attachment":[{"href":"https:\/\/ujkafe.website\/index.php?rest_route=%2Fwp%2Fv2%2Fmedia&parent=102914"}],"wp:term":[{"taxonomy":"category","embeddable":true,"href":"https:\/\/ujkafe.website\/index.php?rest_route=%2Fwp%2Fv2%2Fcategories&post=102914"},{"taxonomy":"post_tag","embeddable":true,"href":"https:\/\/ujkafe.website\/index.php?rest_route=%2Fwp%2Fv2%2Ftags&post=102914"}],"curies":[{"name":"wp","href":"https:\/\/api.w.org\/{rel}","templated":true}]}}