
{"id":102920,"date":"2022-09-15T03:00:55","date_gmt":"2022-09-15T03:00:55","guid":{"rendered":"https:\/\/ujkafe.website\/?p=102920"},"modified":"2022-09-14T20:35:35","modified_gmt":"2022-09-14T20:35:35","slug":"jona-david-a-terdek-remegese","status":"publish","type":"post","link":"https:\/\/ujkafe.website\/?p=102920","title":{"rendered":"J\u00f3na D\u00e1vid A t\u00e9rdek remeg\u00e9se"},"content":{"rendered":"\r\n<p><em>Baranyi Ferenc Roskad\u00f3 al\u00e1zat c\u00edm\u0171 vers\u00e9re.<\/em><br><br>F\u00e9l\u00e9vsz\u00e1zadnyi m\u0171k\u00f6d\u0151 eleml\u00e1mpa<br>f\u00e9nykarik\u00e1i ugr\u00e1lnak a t\u00e9rben,<br>benne l\u00e1tlak minden suhan\u00f3 \u00e1rnyban,<br>sz\u00e9p szerelmes sz\u00f6vev\u00e9nyben.<\/p>\r\n<p><!--more--><br>Meg van a sarki m\u00e1lnafagylalt,<br>s\u00e1padt t\u00f6lcs\u00e9r alja ereszti v\u00e9r\u00e9t,<br>balaton-k\u00e9k szem, mosolyg\u00e1sa s\u00f3hajt,<br>k\u00edv\u00e1nja beteljesed\u00e9s\u00e9t.<\/p>\r\n<p><br>Sosem volt j\u00f3zan e var\u00e1zs,<br>ez adta izgalm\u00e1t \u00e9s sz\u00e9p\u00e9t,<br>mint \u00e9rett k\u00f6rt\u00e9n a sz\u00f6v\u0151dar\u00e1zs,<br>sz\u00edvtad a nap cukorr\u00e1 lett f\u00e9ny\u00e9t.<\/p>\r\n<p><br>Harcok vannak, ha ellent mondasz,<br>kancsalva n\u00e9z a mindenf\u00e9le norma.<br>Benned a v\u00e1gy olthatatlan szomjaz,<br>leny\u0171g\u00f6z a bels\u0151, var\u00e1zsol a forma.<br>Sz\u00e9ps\u00e9gr\u0151l sz\u00e9ps\u00e9get \u00edrni ez a napi lecke,<\/p>\r\n<div dir=\"auto\">A t\u00e9rdek remeg\u00e9se tal\u00e1n nem is al\u00e1zat volt.<\/div>\r\n<div dir=\"auto\">Ha roskadt, nem terh\u00e9t\u0151l, ink\u00e1bb a v\u00e1gyt\u00f3l,<\/div>\r\n<div dir=\"auto\">m\u00edg \u0151 a szent elv\u00e1r\u00e1sok ellen is dacolt,<\/div>\r\n<div dir=\"auto\">szedted \u00e9des gy\u00fcm\u00f6lcs\u00e9t az eperf\u00e1r\u00f3l.<\/div>\r\n<p>Forr\u00e1s: <a href=\"https:\/\/www.facebook.com\/Szikla.20?__cft__[0]=AZXIXY1PsPZVaiUO7sk4X02QHBxSbVSUCi2DMAk2VBBPa1CKrZemK3DK7568CCg7ag7qD_sjw7AYWZKvbgU62fcYlTHfNtZ_FMEiSGvV9dtQL0q3nXlkKS_YornIfCt0WwnrUD-P2vp_Pkx_Zfv25GjPGwYBSpUJLsJ8EkmiM9yiIWE_Df9ReJZ5e5buQRe2QjcsqZueshV8ZdbZisjtzYOQ&amp;__tn__=-UC%2CP-y-R\">Sziikla Magazin<\/a><\/p>\r\n","protected":false},"excerpt":{"rendered":"<p>Baranyi Ferenc Roskad\u00f3 al\u00e1zat c\u00edm\u0171 vers\u00e9re. F\u00e9l\u00e9vsz\u00e1zadnyi m\u0171k\u00f6d\u0151 eleml\u00e1mpaf\u00e9nykarik\u00e1i ugr\u00e1lnak a t\u00e9rben,benne l\u00e1tlak minden suhan\u00f3 \u00e1rnyban,sz\u00e9p szerelmes sz\u00f6vev\u00e9nyben.<\/p>\n","protected":false},"author":3,"featured_media":0,"comment_status":"open","ping_status":"open","sticky":false,"template":"","format":"standard","meta":{"_monsterinsights_skip_tracking":false,"_monsterinsights_sitenote_active":false,"_monsterinsights_sitenote_note":"","_monsterinsights_sitenote_category":0,"ngg_post_thumbnail":0,"footnotes":""},"categories":[4],"tags":[],"class_list":["post-102920","post","type-post","status-publish","format-standard","hentry","category-vers"],"_links":{"self":[{"href":"https:\/\/ujkafe.website\/index.php?rest_route=\/wp\/v2\/posts\/102920","targetHints":{"allow":["GET"]}}],"collection":[{"href":"https:\/\/ujkafe.website\/index.php?rest_route=\/wp\/v2\/posts"}],"about":[{"href":"https:\/\/ujkafe.website\/index.php?rest_route=\/wp\/v2\/types\/post"}],"author":[{"embeddable":true,"href":"https:\/\/ujkafe.website\/index.php?rest_route=\/wp\/v2\/users\/3"}],"replies":[{"embeddable":true,"href":"https:\/\/ujkafe.website\/index.php?rest_route=%2Fwp%2Fv2%2Fcomments&post=102920"}],"version-history":[{"count":0,"href":"https:\/\/ujkafe.website\/index.php?rest_route=\/wp\/v2\/posts\/102920\/revisions"}],"wp:attachment":[{"href":"https:\/\/ujkafe.website\/index.php?rest_route=%2Fwp%2Fv2%2Fmedia&parent=102920"}],"wp:term":[{"taxonomy":"category","embeddable":true,"href":"https:\/\/ujkafe.website\/index.php?rest_route=%2Fwp%2Fv2%2Fcategories&post=102920"},{"taxonomy":"post_tag","embeddable":true,"href":"https:\/\/ujkafe.website\/index.php?rest_route=%2Fwp%2Fv2%2Ftags&post=102920"}],"curies":[{"name":"wp","href":"https:\/\/api.w.org\/{rel}","templated":true}]}}