
{"id":102922,"date":"2022-09-16T02:52:12","date_gmt":"2022-09-16T02:52:12","guid":{"rendered":"https:\/\/ujkafe.website\/?p=102922"},"modified":"2022-09-15T18:38:36","modified_gmt":"2022-09-15T18:38:36","slug":"naszta-katalin-ket-reszben","status":"publish","type":"post","link":"https:\/\/ujkafe.website\/?p=102922","title":{"rendered":"N\u00e1szta Katalin: K\u00e9t r\u00e9szben"},"content":{"rendered":"\r\n<p><em>Egy\u2026<\/em><br>T\u00fal t\u00f6k\u00e9letes ez a vil\u00e1g ahhoz, hogy csak \u00fagy, mag\u00e1t\u00f3l j\u00f6tt volna l\u00e9tre, bele\u00e9rtve a vil\u00e1gegyetem eg\u00e9sz\u00e9t. T\u00fal sok pr\u00f3f\u00e9cia egyezik azzal, amik megt\u00f6rt\u00e9ntek \u00e9s azokkal, amik bek\u00f6vetkeznek m\u00e9g.<br>Ha a vall\u00e1sok k\u00f6z\u00fcl J\u00e9zus Krisztuson k\u00edv\u00fcl lenne m\u00e1s, akinek k\u00f6ze van a teremt\u00e9shez, akkor is meg kellene fontolni az emberis\u00e9gnek a saj\u00e1t dolgait. Hasonl\u00edtsd \u00f6ssze legal\u00e1bb a m\u00e9g fellelhet\u0151, ismert alkot\u00f3kkal, tal\u00e1lsz-e egyet is, aki ilyen pontosan, el\u0151re megj\u00f6vend\u00f6lt, visszamen\u0151leg igazolt t\u00f6rt\u00e9n\u00e9seket kijelentett volna. Nincs Isten rajtam k\u00edv\u00fcl \u2013 mondja \u2013 \u00e9s nem tudod bebizony\u00edtani az ellenkez\u0151j\u00e9t.<!--more--> Csod\u00e1latos k\u00e9pess\u00e9geiddel sem b\u00edrod utol\u00e9rni, fel\u00fclm\u00falni \u0151t, az \u0151sk\u00f6db\u0151l kiemelked\u0151t \u00e9s ezalatt a m\u00faltba vesz\u0151 id\u0151k hom\u00e1ly\u00e1t \u00e9rtj\u00fck, mikor a mes\u00e9s teremt\u00e9s elkezd\u0151d\u00f6tt \u00e9s legv\u00e9g\u00fcl feltette a csillagokat d\u00edsznek az \u00e9gre, mint mikor a j\u00f3 munk\u00e1t v\u00e9gz\u0151 megszeml\u00e9li alkot\u00e1s\u00e1t kieg\u00e9sz\u00edtve m\u00e9g valamikkel, nem csak saj\u00e1t kedvtel\u00e9s\u00e9re, arra is, hogy gy\u00f6ny\u00f6rk\u00f6dj\u00e9k benne az eg\u00e9sz teremt\u00e9s. Az \u00e9j b\u00e1rsonyfeket\u00e9j\u00e9n \u00fagy ragyognak, mint asszonyok k\u00e9zimunk\u00e1j\u00e1n a tekintetek.<br>Van-e enn\u00e9l csod\u00e1sabb titok, mint a gy\u00f6ny\u00f6rk\u00f6d\u00e9s k\u00e9pess\u00e9g\u00e9nek hasonl\u00f3s\u00e1ga a teremt\u0151\u00e9vel? Emeld fel szemeidet \u00e9s l\u00e1ss \u2013 mondja sokszor \u2013 \u00e9s arra buzd\u00edt, ne csak a f\u00f6ldre szegezd tekinteted, hanem a sz\u00e9les horizontot n\u00e9zd, a v\u00e9gtelennek tetsz\u0151 t\u00e1jat, amibe bele\u00e1lmodott, belerakott mag\u00e1nak, de az eg\u00e9sz vil\u00e1gegyetemnek is, kiknek angyalai t\u00e9ged csod\u00e1lnak, \u00f6rd\u00f6gei meg irigyelnek, \u00fcld\u00f6znek, hogy eladd magad nekik.<\/p>\r\n<p><br><em>\u2026 s m\u00e1s:<\/em><br>az ember mindig nagyot mondana<br>de oly kicsi az a nagy<br>belecsend\u00fcl a m\u00e1sik f\u00fcle<br>de csak az\u00e9rt, mert nagy a hangja<br>ha h\u00e1tral\u00e9p kett\u0151t, hogy jobban l\u00e1ssa<br>kider\u00fcl milyen kicsi<br>s mennyire pont olyan, m\u00e9gis<br>mint a m\u00e1sik\u00e9 <br>j\u00f6jj! l\u00e1ss csod\u00e1t! fiam van!<br>gy\u00f6ny\u00f6rk\u00f6dj benne<br>az \u00e9let titka feslik \u00fajra fel <br>mikor gyermek sz\u00fcletik<br>silabiz\u00e1lhatj\u00e1k a r\u00e9szleteket<br>de mag\u00e1t a fogantat\u00e1st <br>s r\u00e1 a kedvet<br>senki nem tudja produk\u00e1lni<br>hi\u00e1ba k\u00eds\u00e9rleteznek<br>a v\u00e1gyat, mi megsz\u00fcletik <br>ki tudja elemezni?<br>egyszercsak van, \u00e1rad \u00e9s \u00e1rad<br>csillap\u00edthatod, de buzog<br>szerelem, szeretet, \u00f6r\u00f6m<br>csodakateg\u00f3ri\u00e1k bizony<br>gondolj bele, csak gondold v\u00e9gig<br>dr\u00e1ga gyermek<br>embervoltod, teremtetts\u00e9ged k\u00f6sz\u00f6n vissza<br>mindegyik gyermekedben<br>s a szellem, ami bebugyol\u00e1l Isten\u00e9<br>ki, ahogyan csak \u0151 tud <br>t\u00e9ged kigondolt<\/p>\r\n<p><br><em>2022-09-12<\/em><\/p>\r\n<p><em>Forr\u00e1s: szerz\u0151 FB-oldala<\/em><\/p>\r\n<p>&nbsp;<\/p>\r\n","protected":false},"excerpt":{"rendered":"<p>Egy\u2026T\u00fal t\u00f6k\u00e9letes ez a vil\u00e1g ahhoz, hogy csak \u00fagy, mag\u00e1t\u00f3l j\u00f6tt volna l\u00e9tre, bele\u00e9rtve a vil\u00e1gegyetem eg\u00e9sz\u00e9t. T\u00fal sok pr\u00f3f\u00e9cia egyezik azzal, amik megt\u00f6rt\u00e9ntek \u00e9s azokkal, amik bek\u00f6vetkeznek m\u00e9g.Ha a vall\u00e1sok k\u00f6z\u00fcl J\u00e9zus Krisztuson k\u00edv\u00fcl lenne m\u00e1s, akinek k\u00f6ze van a teremt\u00e9shez, akkor is meg kellene fontolni az emberis\u00e9gnek a saj\u00e1t dolgait. Hasonl\u00edtsd \u00f6ssze legal\u00e1bb [&hellip;]<\/p>\n","protected":false},"author":3,"featured_media":0,"comment_status":"open","ping_status":"open","sticky":false,"template":"","format":"standard","meta":{"_monsterinsights_skip_tracking":false,"_monsterinsights_sitenote_active":false,"_monsterinsights_sitenote_note":"","_monsterinsights_sitenote_category":0,"ngg_post_thumbnail":0,"footnotes":""},"categories":[4],"tags":[],"class_list":["post-102922","post","type-post","status-publish","format-standard","hentry","category-vers"],"_links":{"self":[{"href":"https:\/\/ujkafe.website\/index.php?rest_route=\/wp\/v2\/posts\/102922","targetHints":{"allow":["GET"]}}],"collection":[{"href":"https:\/\/ujkafe.website\/index.php?rest_route=\/wp\/v2\/posts"}],"about":[{"href":"https:\/\/ujkafe.website\/index.php?rest_route=\/wp\/v2\/types\/post"}],"author":[{"embeddable":true,"href":"https:\/\/ujkafe.website\/index.php?rest_route=\/wp\/v2\/users\/3"}],"replies":[{"embeddable":true,"href":"https:\/\/ujkafe.website\/index.php?rest_route=%2Fwp%2Fv2%2Fcomments&post=102922"}],"version-history":[{"count":0,"href":"https:\/\/ujkafe.website\/index.php?rest_route=\/wp\/v2\/posts\/102922\/revisions"}],"wp:attachment":[{"href":"https:\/\/ujkafe.website\/index.php?rest_route=%2Fwp%2Fv2%2Fmedia&parent=102922"}],"wp:term":[{"taxonomy":"category","embeddable":true,"href":"https:\/\/ujkafe.website\/index.php?rest_route=%2Fwp%2Fv2%2Fcategories&post=102922"},{"taxonomy":"post_tag","embeddable":true,"href":"https:\/\/ujkafe.website\/index.php?rest_route=%2Fwp%2Fv2%2Ftags&post=102922"}],"curies":[{"name":"wp","href":"https:\/\/api.w.org\/{rel}","templated":true}]}}