
{"id":102926,"date":"2022-09-16T02:54:10","date_gmt":"2022-09-16T02:54:10","guid":{"rendered":"https:\/\/ujkafe.website\/?p=102926"},"modified":"2022-09-15T19:19:28","modified_gmt":"2022-09-15T19:19:28","slug":"elmenetel-miert","status":"publish","type":"post","link":"https:\/\/ujkafe.website\/?p=102926","title":{"rendered":"Elmenetel &#8211; mi\u00e9rt?"},"content":{"rendered":"\r\n<p><em>A Litera -. irodalmi port\u00e1l, fenn\u00e1ll\u00e1s\u00e1nak 20. \u00e9v\u00e9re eml\u00e9keztetve &#8211; sorozatot ind\u00edtott sz\u00fcl\u0151f\u00f6ldj\u00fcket elhagy\u00f3 \u00edr\u00f3kat mnegsz\u00f3l\u00edtva. A k\u00e9rd\u00e9s: mi\u00e9rt kerekedett fel az illet\u0151? Els\u0151k\u00e9nt az Erd\u00e9lx b\u0151l \u00e1ttelep\u00fclt Bartis Attila v\u00e1lasz\u00e1t k\u00f6zli&#8230; Az interj\u00fab\u00f3l:<\/em> <br><br><em><strong>Hol \u00e9lsz most, \u00e9s mikor k\u00f6lt\u00f6zt\u00e9l oda?<\/strong><\/em><br><br>R\u00e9szben Budapesten, r\u00e9szben Yogyakart\u00e1ban \u00e9lek (J\u00e1va, Indon\u00e9zia). 2014 \u00f3ta ing\u00e1zom, nagy \u00e1tlagban egy-egy \u00e9vet t\u00f6lt\u00f6k itt is, ott is. Itthon tal\u00e1n egy kicsit t\u00f6bbet. Vagyis nem elhagytam Magyarorsz\u00e1got, hanem k\u00e9t helyen \u00e9lek. Mert mindkett\u0151re sz\u00fcks\u00e9gem van. Amikor azon van a hangs\u00faly, hogy hol nem vagyunk, akkor ment\u00fcnk el valahonnan. Ha azon van a hangs\u00faly, hogy hol vagyunk, akkor vagyunk igaz\u00e1n jelen valahol. \u00c9n J\u00e1v\u00e1n nem nemmagyarorsz\u00e1gon vagyok, hanem J\u00e1v\u00e1n vagyok. Az el\u0151bbihez el\u00e9g lenne mondjuk hazamennem Erd\u00e9lybe.<br><br><a href=\"https:\/\/litera.hu\/magazin\/interju\/miert-mentel-el-bartis-attila.html?fbclid=IwAR39VHSJKfDvfQqvzsm5L1pCxc4rOk30pAjWr5gbKDx_K41SF0ORHOrDSuo\"><em><strong>Az interj\u00fa teljes sz\u00f6vege a port\u00e1l oldal\u00e1n.<\/strong><\/em><\/a><br><br><\/p>\r\n","protected":false},"excerpt":{"rendered":"<p>A Litera -. irodalmi port\u00e1l, fenn\u00e1ll\u00e1s\u00e1nak 20. \u00e9v\u00e9re eml\u00e9keztetve &#8211; sorozatot ind\u00edtott sz\u00fcl\u0151f\u00f6ldj\u00fcket elhagy\u00f3 \u00edr\u00f3kat mnegsz\u00f3l\u00edtva. A k\u00e9rd\u00e9s: mi\u00e9rt kerekedett fel az illet\u0151? Els\u0151k\u00e9nt az Erd\u00e9lx b\u0151l \u00e1ttelep\u00fclt Bartis Attila v\u00e1lasz\u00e1t k\u00f6zli&#8230; Az interj\u00fab\u00f3l: Hol \u00e9lsz most, \u00e9s mikor k\u00f6lt\u00f6zt\u00e9l oda? R\u00e9szben Budapesten, r\u00e9szben Yogyakart\u00e1ban \u00e9lek (J\u00e1va, Indon\u00e9zia). 2014 \u00f3ta ing\u00e1zom, nagy \u00e1tlagban egy-egy \u00e9vet [&hellip;]<\/p>\n","protected":false},"author":3,"featured_media":0,"comment_status":"open","ping_status":"open","sticky":false,"template":"","format":"standard","meta":{"_monsterinsights_skip_tracking":false,"_monsterinsights_sitenote_active":false,"_monsterinsights_sitenote_note":"","_monsterinsights_sitenote_category":0,"ngg_post_thumbnail":0,"footnotes":""},"categories":[16],"tags":[],"class_list":["post-102926","post","type-post","status-publish","format-standard","hentry","category-bongeszde"],"_links":{"self":[{"href":"https:\/\/ujkafe.website\/index.php?rest_route=\/wp\/v2\/posts\/102926","targetHints":{"allow":["GET"]}}],"collection":[{"href":"https:\/\/ujkafe.website\/index.php?rest_route=\/wp\/v2\/posts"}],"about":[{"href":"https:\/\/ujkafe.website\/index.php?rest_route=\/wp\/v2\/types\/post"}],"author":[{"embeddable":true,"href":"https:\/\/ujkafe.website\/index.php?rest_route=\/wp\/v2\/users\/3"}],"replies":[{"embeddable":true,"href":"https:\/\/ujkafe.website\/index.php?rest_route=%2Fwp%2Fv2%2Fcomments&post=102926"}],"version-history":[{"count":0,"href":"https:\/\/ujkafe.website\/index.php?rest_route=\/wp\/v2\/posts\/102926\/revisions"}],"wp:attachment":[{"href":"https:\/\/ujkafe.website\/index.php?rest_route=%2Fwp%2Fv2%2Fmedia&parent=102926"}],"wp:term":[{"taxonomy":"category","embeddable":true,"href":"https:\/\/ujkafe.website\/index.php?rest_route=%2Fwp%2Fv2%2Fcategories&post=102926"},{"taxonomy":"post_tag","embeddable":true,"href":"https:\/\/ujkafe.website\/index.php?rest_route=%2Fwp%2Fv2%2Ftags&post=102926"}],"curies":[{"name":"wp","href":"https:\/\/api.w.org\/{rel}","templated":true}]}}