
{"id":102940,"date":"2022-09-17T14:14:29","date_gmt":"2022-09-17T14:14:29","guid":{"rendered":"https:\/\/ujkafe.website\/?p=102940"},"modified":"2022-09-17T14:14:29","modified_gmt":"2022-09-17T14:14:29","slug":"akademia-vadasdon","status":"publish","type":"post","link":"https:\/\/ujkafe.website\/?p=102940","title":{"rendered":"Akad\u00e9mia Vadasdon"},"content":{"rendered":"\r\n<p><strong>Interj\u00fasorozat Sz\u00e9kely Ferenccel<\/strong><br><br><strong>1. A megmentett h\u0171s\u00e9g<\/strong><br><br><em>Ha j\u00f3l tudom, tizedik interj\u00fak\u00f6teted jelenik meg Kar\u00e1csonyra, t\u00e9vedn\u00e9k?<\/em><br><br>2022. kar\u00e1csony\u00e1ra tervezem a 11. interj\u00fak\u00f6tetet, mely sorozat 2012-ben indult. Akkor csak egy t\u00e1jegys\u00e9gre, a S\u00f3vid\u00e9kre f\u00f3kusz\u00e1ltam, s 25 kort\u00e1rs szem\u00e9lyis\u00e9ggel k\u00e9sz\u00edtettem \u00e9letm\u0171-besz\u00e9lget\u00e9st. A k\u00f6tet A megmentett h\u0171s\u00e9g c. alatt jelent meg 2012 kar\u00e1csony\u00e1ra, s az \u00f6tlet, hogy k\u00f6tetben gondolkodjunk a korondi tan\u00e1r-k\u00f6lt\u0151t\u0151l, Hazan\u00e9z\u0151-f\u0151szerkeszt\u0151t\u0151l, Ambrus Lajost\u00f3l sz\u00e1rmazott. T\u00f6bb ut\u00e1nnyom\u00e1s k\u00f6vetkezett, minthogy az 1000 p\u00e9ld\u00e1nyos els\u0151 kiad\u00e1s szinte napok alatt elkelt&#8230; <!--more--><br><br>A k\u00f6tet \u0151sbemutat\u00f3ja Korondon volt 2013. janu\u00e1r 18-\u00e1n, majd elvitt\u00fck Erd\u0151szentgy\u00f6rgyre, Segesv\u00e1rra, Sz\u00e9kelyudvarhelyre \u00e9s Szov\u00e1t\u00e1ra is. E siker buzd\u00edtott arra, hogy ne \u00e1lljak le, \u00e9s k\u00e9sz\u00edtsek kerek \u00e9vfordul\u00f3s besz\u00e9lget\u00e9seket k\u00e9s\u0151bb is \u2013 f\u00f6ldrajzi t\u00e1jol\u00e1st\u00f3l f\u00fcggetlen\u00fcl. \u00cdgy sz\u00fclettek meg k\u00e9s\u0151bb: A sz\u00fcl\u0151f\u00f6ld \u00f6l\u00e9ben, Harangsz\u00f3 a sz\u00e9lben, \u00c9gbe ny\u00fal\u00f3 kapaszkod\u00f3, \u0150rhelyen gy\u00fajtott jelt\u00fczek, \u00c9let-kalangy\u00e1k, A sas visszat\u00e9r, Aranyp\u00e9nz, T\u00e1volban egy feh\u00e9r torony, Egyszer \u00fagyis boldogok lesz\u00fcnk. c. k\u00f6tetek.<\/p>\r\n<p><a href=\"https:\/\/ujkafe.website\/wp-content\/uploads\/2022\/09\/Szekely-Ferenc-A-megmentett.jpg\"><img loading=\"lazy\" decoding=\"async\" class=\"alignnone size-medium wp-image-102941\" src=\"https:\/\/ujkafe.website\/wp-content\/uploads\/2022\/09\/Szekely-Ferenc-A-megmentett-225x300.jpg\" alt=\"\" width=\"225\" height=\"300\" srcset=\"https:\/\/ujkafe.website\/wp-content\/uploads\/2022\/09\/Szekely-Ferenc-A-megmentett-225x300.jpg 225w, https:\/\/ujkafe.website\/wp-content\/uploads\/2022\/09\/Szekely-Ferenc-A-megmentett.jpg 339w\" sizes=\"auto, (max-width: 225px) 100vw, 225px\" \/><\/a><br><br><em>Kiket k\u00e9rdezel &#8217;22-ben?<\/em><br><br>A 2022. kar\u00e1csony\u00e1ra tervezett interj\u00fak\u00f6tetbe a k\u00f6vetkez\u0151 szem\u00e9lyis\u00e9geket sz\u00e1nd\u00e9kszom &#8222;megh\u00edvni&#8221;: Bandi Kati textil- \u00e9s iparm\u0171v\u00e9sz, Fazakas J\u00e1nos n\u00e9pt\u00e1ncoktat\u00f3, Fekete \u00c1rp\u00e1d t\u00f6rt\u00e9n\u00e9sz, Gergely Tam\u00e1s \u00edr\u00f3, J\u00f3zsa J\u00e1nos fazakasm\u0171v\u00e9sz, L\u0151rincz J\u00f3zsef k\u00f6lt\u0151, Makkai Gergely id\u0151j\u00e1r\u00e1skutat\u00f3, Moln\u00e1r T\u00fcnde orgonam\u0171v\u00e9sz, N\u00e9meth J\u00e1nos tan\u00e1r-k\u00f6lt\u0151. A 10. hely m\u00e9g kiad\u00f3, b\u00e1r t\u00f6bb opci\u00f3 is l\u00e9tezik&#8230;<br><br><br><em>K\u00e9rdezett: Gergely Tam\u00e1s<\/em><br><br><em>(Folytatjuk.)<\/em><br><br><\/p>\r\n","protected":false},"excerpt":{"rendered":"<p>Interj\u00fasorozat Sz\u00e9kely Ferenccel 1. A megmentett h\u0171s\u00e9g Ha j\u00f3l tudom, tizedik interj\u00fak\u00f6teted jelenik meg Kar\u00e1csonyra, t\u00e9vedn\u00e9k? 2022. kar\u00e1csony\u00e1ra tervezem a 11. interj\u00fak\u00f6tetet, mely sorozat 2012-ben indult. Akkor csak egy t\u00e1jegys\u00e9gre, a S\u00f3vid\u00e9kre f\u00f3kusz\u00e1ltam, s 25 kort\u00e1rs szem\u00e9lyis\u00e9ggel k\u00e9sz\u00edtettem \u00e9letm\u0171-besz\u00e9lget\u00e9st. A k\u00f6tet A megmentett h\u0171s\u00e9g c. alatt jelent meg 2012 kar\u00e1csony\u00e1ra, s az \u00f6tlet, hogy k\u00f6tetben [&hellip;]<\/p>\n","protected":false},"author":2954,"featured_media":0,"comment_status":"open","ping_status":"open","sticky":false,"template":"","format":"standard","meta":{"_monsterinsights_skip_tracking":false,"_monsterinsights_sitenote_active":false,"_monsterinsights_sitenote_note":"","_monsterinsights_sitenote_category":0,"ngg_post_thumbnail":0,"footnotes":""},"categories":[1],"tags":[],"class_list":["post-102940","post","type-post","status-publish","format-standard","hentry","category-nincs-kategorizalva"],"_links":{"self":[{"href":"https:\/\/ujkafe.website\/index.php?rest_route=\/wp\/v2\/posts\/102940","targetHints":{"allow":["GET"]}}],"collection":[{"href":"https:\/\/ujkafe.website\/index.php?rest_route=\/wp\/v2\/posts"}],"about":[{"href":"https:\/\/ujkafe.website\/index.php?rest_route=\/wp\/v2\/types\/post"}],"author":[{"embeddable":true,"href":"https:\/\/ujkafe.website\/index.php?rest_route=\/wp\/v2\/users\/2954"}],"replies":[{"embeddable":true,"href":"https:\/\/ujkafe.website\/index.php?rest_route=%2Fwp%2Fv2%2Fcomments&post=102940"}],"version-history":[{"count":0,"href":"https:\/\/ujkafe.website\/index.php?rest_route=\/wp\/v2\/posts\/102940\/revisions"}],"wp:attachment":[{"href":"https:\/\/ujkafe.website\/index.php?rest_route=%2Fwp%2Fv2%2Fmedia&parent=102940"}],"wp:term":[{"taxonomy":"category","embeddable":true,"href":"https:\/\/ujkafe.website\/index.php?rest_route=%2Fwp%2Fv2%2Fcategories&post=102940"},{"taxonomy":"post_tag","embeddable":true,"href":"https:\/\/ujkafe.website\/index.php?rest_route=%2Fwp%2Fv2%2Ftags&post=102940"}],"curies":[{"name":"wp","href":"https:\/\/api.w.org\/{rel}","templated":true}]}}