
{"id":102942,"date":"2022-09-17T02:58:27","date_gmt":"2022-09-17T02:58:27","guid":{"rendered":"https:\/\/ujkafe.website\/?p=102942"},"modified":"2022-09-16T20:01:06","modified_gmt":"2022-09-16T20:01:06","slug":"bencze-mihaly-kezek","status":"publish","type":"post","link":"https:\/\/ujkafe.website\/?p=102942","title":{"rendered":"Bencze Mih\u00e1ly: Kezek"},"content":{"rendered":"\r\n<p>\u00d6sszekulcsolt anyai k\u00e9z remeg, im\u00e1t morzsol,<br>Halk foh\u00e1szt k\u00fcld fi\u00e1nak, ki messzi f\u00f6ld\u00f6n harcol.<br>Nem sz\u00edv\u00e9be, csak f\u00f6l\u00e9je f\u00far\u00f3dik a goly\u00f3,<br>Angyal mentette ki, h\u00f6mp\u00f6ly\u00f6g a v\u00e9res foly\u00f3.<!--more--><br><br>Dolgos kezei al\u00f3l sz\u00e9p h\u00e1zak emelkedtek,<br>Sz\u00e1ntott, vetett, aratott, s az \u00e9vek hamar teltek.<br>Az egyik b\u00e1lon lelki t\u00e1rsra tal\u00e1lt t\u00e1nc k\u00f6zben,<br>Kez\u00fck \u00f6sszefon\u00f3dott, boldogan \u00e9ltek cs\u00f6ndben.<br><br>G\u00f6mb\u00f6ly\u00f6d\u0151 hasacsk\u00e1t k\u00e9t kez\u00fck simogatta,<br>S\u00edrtam, any\u00e1m \u00f6l\u00e9ben \u00e9bredtem e vil\u00e1gra.<br>S a szent anyai k\u00e9z \u00e9vekig v\u00e9dett \u00e9s nevelt,<br>Lelkem szobr\u00e1szkodta, ha megbotlottam felemelt.<br><br>K\u00e9zbe vett ap\u00e1m, megtan\u00edtott f\u00farni, faragni,<br>S egy elvadult t\u00e1rsadalomban talpon maradni.<br>Egy napon a sz\u00fcl\u0151i kezek csak integettek,<br>Vil\u00e1gg\u00e1 mentem, kir\u00e1lyfi lettem, nem \u00e9rtettek.<br><br>De v\u00edvtam a harcom, \u00e9s egy forr\u00f3 ny\u00e1ri napon,<br><br>\u00c1tkaroltam lelki t\u00e1rsam, s git\u00e1roztam dalom.<br>Sz\u00fcleim agg kezei \u00e1ld\u00e1sukat adt\u00e1k r\u00e1nk,<br>F\u00f6ld\u00f6nt\u00fali boldogs\u00e1g t\u0171z\u00e9ben \u00e9gett orc\u00e1nk.<br><br>J\u00f6ttek a gyerekek, teljess\u00e9 v\u00e1lt az \u00e9let\u00fcnk,<br>A sok \u00e1ldott kezecske \u00f6lel\u00e9s\u00e9t \u00e9lvezt\u00fck.<br>Zord t\u00e9li \u00e9jszak\u00e1n, ap\u00e1m elengedte kezem,<br>F\u00e9l\u00e1rv\u00e1n, f\u00e9l\u00e1rb\u00f3con, remeg haj\u00f3m s a lelkem.<br><br>Gyerekeim kirep\u00fcltek, integet\u0151 kezek,<br>N\u00e9ha meg\u00f6lelj\u00fck egym\u00e1st, virtu\u00e1lis terek.<br>Novemberi d\u00e9lut\u00e1n any\u00e1m keze remegett,<br>Mennyorsz\u00e1gb\u00f3l \u00e1lmomban n\u00e9ha nekem integet.<br><br>Gyerekeink kez\u00e9be kapaszkodunk, mit tegy\u00fcnk,<br>\u00c1rva lettem, a p\u00e1rom f\u00e9l\u00e1rva, fogjuk kez\u00fcnk.<br>Egy napon, kez\u00e9t elengedi valamelyik\u00fcnk,<br>Marad egy im\u00e1ra kulcsolt k\u00e9z, s az Isten vel\u00fcnk.<br><br><em>(Csern\u00e1tfalu, 2012. november 23.)<\/em><\/p>\r\n","protected":false},"excerpt":{"rendered":"<p>\u00d6sszekulcsolt anyai k\u00e9z remeg, im\u00e1t morzsol,Halk foh\u00e1szt k\u00fcld fi\u00e1nak, ki messzi f\u00f6ld\u00f6n harcol.Nem sz\u00edv\u00e9be, csak f\u00f6l\u00e9je f\u00far\u00f3dik a goly\u00f3,Angyal mentette ki, h\u00f6mp\u00f6ly\u00f6g a v\u00e9res foly\u00f3.<\/p>\n","protected":false},"author":3,"featured_media":0,"comment_status":"open","ping_status":"open","sticky":false,"template":"","format":"standard","meta":{"_monsterinsights_skip_tracking":false,"_monsterinsights_sitenote_active":false,"_monsterinsights_sitenote_note":"","_monsterinsights_sitenote_category":0,"ngg_post_thumbnail":0,"footnotes":""},"categories":[4],"tags":[],"class_list":["post-102942","post","type-post","status-publish","format-standard","hentry","category-vers"],"_links":{"self":[{"href":"https:\/\/ujkafe.website\/index.php?rest_route=\/wp\/v2\/posts\/102942","targetHints":{"allow":["GET"]}}],"collection":[{"href":"https:\/\/ujkafe.website\/index.php?rest_route=\/wp\/v2\/posts"}],"about":[{"href":"https:\/\/ujkafe.website\/index.php?rest_route=\/wp\/v2\/types\/post"}],"author":[{"embeddable":true,"href":"https:\/\/ujkafe.website\/index.php?rest_route=\/wp\/v2\/users\/3"}],"replies":[{"embeddable":true,"href":"https:\/\/ujkafe.website\/index.php?rest_route=%2Fwp%2Fv2%2Fcomments&post=102942"}],"version-history":[{"count":0,"href":"https:\/\/ujkafe.website\/index.php?rest_route=\/wp\/v2\/posts\/102942\/revisions"}],"wp:attachment":[{"href":"https:\/\/ujkafe.website\/index.php?rest_route=%2Fwp%2Fv2%2Fmedia&parent=102942"}],"wp:term":[{"taxonomy":"category","embeddable":true,"href":"https:\/\/ujkafe.website\/index.php?rest_route=%2Fwp%2Fv2%2Fcategories&post=102942"},{"taxonomy":"post_tag","embeddable":true,"href":"https:\/\/ujkafe.website\/index.php?rest_route=%2Fwp%2Fv2%2Ftags&post=102942"}],"curies":[{"name":"wp","href":"https:\/\/api.w.org\/{rel}","templated":true}]}}