
{"id":102954,"date":"2022-09-18T02:55:38","date_gmt":"2022-09-18T02:55:38","guid":{"rendered":"https:\/\/ujkafe.website\/?p=102954"},"modified":"2022-09-17T18:32:41","modified_gmt":"2022-09-17T18:32:41","slug":"szente-b-levente-s-csak-kezere-emlekszem-igazan","status":"publish","type":"post","link":"https:\/\/ujkafe.website\/?p=102954","title":{"rendered":"Szente B. Levente: S csak kez\u00e9re eml\u00e9kszem igaz\u00e1n"},"content":{"rendered":"\r\n<p><em>(\u201eki kell kapcsolni a szavakat<\/em><br><em>hogy azt\u00e1n valami titkos energi\u00e1val ir\u00e1ny\u00edtani lehessen\u201d) \u2013 ismeretlen<\/em><br><br>eml\u00e9kszem egy \u00e1tkos r\u00e9gi korra<br>ahol a b\u0171n\u00f6z\u0151knek sz\u00e9gyenfala volt<br>n\u00e9zt\u00fck f\u00e9lve \u00e9s rettegve<br>ma pedig az ilyeneknek eltakarj\u00e1k az arcukat<br>joggal ruh\u00e1zz\u00e1k fel \u0151ket<!--more--><br><br>az utc\u00e1n h\u00e1rom n\u00e9gy embern\u00e9l t\u00f6bben<br>nem lehett\u00fcnk mert az m\u00e1r t\u00f6meg<br>m\u00e9g iskol\u00e1b\u00f3l j\u00f6vet is r\u00e1nk sz\u00f3ltak illet\u00e9kesek<br>meg akik m\u00e9g \u00f3vtak minket<br>oszolni gyorsan oszolni kell \u2013<br>ap\u00e1m egyszer f\u00e9l szemmel intett<br>hogy n\u00e9 ott arra az emberre vigy\u00e1zni kell<br>az \u00e1llamon csom\u00f3ban a sz\u0151rzet<br>a c\u00e9lz\u00e1st meg\u00e9rtettem<br><br>egyszer sok\u00e1ig n\u00e9ztem egy<br>a t\u00e1rsadalom sz\u00e1m\u00e1ra f\u00f6l\u00f6tt\u00e9bb hasznos egy\u00e9nt<br>aki a rendszert igen csak buzg\u00f3n kiszolg\u00e1lta<br>m\u00e1sok k\u00e1r\u00e1ra persze \u00e9s szemem rajta is felejtettem<br>mert nagy fekete feje volt neki<br>haja Jimy Hendrix\u00e9 is lehetett volna<br>elk\u00e9pzeltem amint vel\u00fcnk egy\u00fctt<br>tal\u00e1n az els\u0151 sorban rockkoncerten a fej\u00e9t r\u00e1zza<br>b\u0151re feh\u00e9r volt m\u00e1jfoltos sz\u00e1raz cs\u00fany\u00e1n repedezett<br>a k\u00edgy\u00f3k vedlenek \u00edgy \u2013 m\u00e1s hasonlattal nem tudok \u00e9lni<br>pedig volt akkor vagy harminc fok \u00e1rny\u00e9kban<br><br>s csak kez\u00e9re eml\u00e9kszem igaz\u00e1n mert k\u00e9tszer arcon \u00fct\u00f6tt<br>s\u00f6t\u00e9tk\u00e9t iskol\u00e1s egyenruh\u00e1m meg az ingem nyakamn\u00e1l r\u00e1ngatta<br>h\u00e1ny embert verhetett hal\u00e1lra ez a vad\u00e1llat<br>csak hallom\u00e1sb\u00f3l tudom<br>h\u00e9tv\u00e9gente gyermekeivel egy\u00fctt l\u00e1ttam<br>amint fej\u00fckre finoman barackot nyomott<br>azzal a hatalmas durva kez\u00e9vel<br>amelyikkel k\u00e9tszer arcul \u00fct\u00f6tt<br>t\u00f6bb mint harminc \u00e9vvel k\u00e9s\u0151bb ugyanazzal a kez\u00e9vel<br>mikrofont markolt kem\u00e9nyen egy telev\u00edzi\u00f3s m\u0171sorban<br>ujjai s\u00e1rg\u00e1k voltak v\u00e9rtelenek ahogy keskeny sz\u00e1ja is<br>arc\u00e1t nem takart\u00e1k el \u2013 mik\u00e9nt szok\u00e1s ez manaps\u00e1g<br>\u00f3 micsoda el\u00e9gt\u00e9tel volt<br>micsoda el\u00e9gt\u00e9tel ez nekem<\/p>\r\n","protected":false},"excerpt":{"rendered":"<p>(\u201eki kell kapcsolni a szavakathogy azt\u00e1n valami titkos energi\u00e1val ir\u00e1ny\u00edtani lehessen\u201d) \u2013 ismeretlen eml\u00e9kszem egy \u00e1tkos r\u00e9gi korraahol a b\u0171n\u00f6z\u0151knek sz\u00e9gyenfala voltn\u00e9zt\u00fck f\u00e9lve \u00e9s rettegvema pedig az ilyeneknek eltakarj\u00e1k az arcukatjoggal ruh\u00e1zz\u00e1k fel \u0151ket<\/p>\n","protected":false},"author":3,"featured_media":0,"comment_status":"open","ping_status":"open","sticky":false,"template":"","format":"standard","meta":{"_monsterinsights_skip_tracking":false,"_monsterinsights_sitenote_active":false,"_monsterinsights_sitenote_note":"","_monsterinsights_sitenote_category":0,"ngg_post_thumbnail":0,"footnotes":""},"categories":[4],"tags":[],"class_list":["post-102954","post","type-post","status-publish","format-standard","hentry","category-vers"],"_links":{"self":[{"href":"https:\/\/ujkafe.website\/index.php?rest_route=\/wp\/v2\/posts\/102954","targetHints":{"allow":["GET"]}}],"collection":[{"href":"https:\/\/ujkafe.website\/index.php?rest_route=\/wp\/v2\/posts"}],"about":[{"href":"https:\/\/ujkafe.website\/index.php?rest_route=\/wp\/v2\/types\/post"}],"author":[{"embeddable":true,"href":"https:\/\/ujkafe.website\/index.php?rest_route=\/wp\/v2\/users\/3"}],"replies":[{"embeddable":true,"href":"https:\/\/ujkafe.website\/index.php?rest_route=%2Fwp%2Fv2%2Fcomments&post=102954"}],"version-history":[{"count":0,"href":"https:\/\/ujkafe.website\/index.php?rest_route=\/wp\/v2\/posts\/102954\/revisions"}],"wp:attachment":[{"href":"https:\/\/ujkafe.website\/index.php?rest_route=%2Fwp%2Fv2%2Fmedia&parent=102954"}],"wp:term":[{"taxonomy":"category","embeddable":true,"href":"https:\/\/ujkafe.website\/index.php?rest_route=%2Fwp%2Fv2%2Fcategories&post=102954"},{"taxonomy":"post_tag","embeddable":true,"href":"https:\/\/ujkafe.website\/index.php?rest_route=%2Fwp%2Fv2%2Ftags&post=102954"}],"curies":[{"name":"wp","href":"https:\/\/api.w.org\/{rel}","templated":true}]}}