
{"id":102956,"date":"2022-09-18T02:58:12","date_gmt":"2022-09-18T02:58:12","guid":{"rendered":"https:\/\/ujkafe.website\/?p=102956"},"modified":"2022-09-17T18:37:18","modified_gmt":"2022-09-17T18:37:18","slug":"gergely-tamas-rocinante-regenye-10","status":"publish","type":"post","link":"https:\/\/ujkafe.website\/?p=102956","title":{"rendered":"Gergely Tam\u00e1s: ROCINANTE REG\u00c9NYE \/ 10"},"content":{"rendered":"\r\n<p><em>(Cervantes nyom\u00e1n szabadon)<\/em><br><br><em><strong>(10.) IZABELLA<\/strong><\/em><br><br>Kezdetben azt hittem, hogy Izabella a szak\u00e1csn\u0151nk, Caterina f\u0151n\u00f6ke. Mintha azt is Izabell\u00e1nak h\u00edvn\u00e1k, az\u00e9rt t\u00e9vesztehettem \u00f6ssze a nagy Izabell\u00e1val, Caterina elmes\u00e9lte, hogy ez ut\u00f3bbi Spanyolorsz\u00e1g kir\u00e1lyn\u0151je volt.<br>Sz\u00f3val, hogy a lovagunk im\u00e1dja azt a n\u0151t, m\u00e9g hogyha halott is, mert az orsz\u00e1g az \u0151 idej\u00e9ben lett nagy, s h\u00e1t neki lovagk\u00e9nt feladata visszaszerezni azt, ami volt. \u00dagyhogy neki, Izabell\u00e1nak aj\u00e1nl fel minden gy\u0151zelmet, \u00e9s elhat\u00e1rozta, hogy legy\u0151zi a f\u00fcggetlenedett tartom\u00e1nyokat. F\u0151leg Katal\u00f3nia elveszt\u00e9se miatt szenved.<br>Err\u0151l sz\u00e1molt be Caterina. Nyomott k\u00f6zben k\u00e9t meg nem pucolt murkot a pof\u00e1mba, kiss\u00e9 homokos volt mind a kett\u0151, csikorgott a fogam k\u00f6z\u00f6tt, de h\u00e1t a sz\u00e1nd\u00e9k a fontos. K\u00fcl\u00f6nben is \u00f6rvendjek, hogy m\u00e9g van fogam\u2026<br>Ezen azt\u00e1n elt\u00f6prengtem. Spanyolorsz\u00e1gon.<br>Mert \u00e9n azt hittem, Mancha Spanyolorsz\u00e1g. Ez a f\u00f6ld, amin j\u00e1runk, a pat\u00e1m is elkopott m\u00e1r t\u00f6bb rendben az egyenetlen \u00fat kavics\u00e1t\u00f3l. De hogy Zaragoza, meg Kajtal\u00f3nia, azt nek\u00fcnk, lovaknak nem tan\u00edtott\u00e1k. A mi \u201doskol\u00e1nk\u201d az a szerkezet, amelyikbe bez\u00e1rj\u00e1k a makrancos parip\u00e1kat, hogy tudj\u00e1k megpatkolni \u0151ket. Mert sok l\u00f3 nem tudja, mi a j\u00f3 neki. Na mindegy.<br>Sz\u00f3val visszah\u00f3d\u00edtani a tartom\u00e1nyokat, rendben, gondolom, de akkor legyen kaja! \u00c9n Zaragoz\u00e1ba is csak \u00fagy megyek, ha \u00fajra kapok zabot. Ha nem, \u00f6sszerogyok alatta.<br>Megl\u00e1tjuk. A k\u00e9t murok viszont j\u00f3lesett.<br><br><em><strong>(Folytatjuk * K\u00f6vetkezik: (11.) \u00c9GB\u0150L A MANNA)<\/strong><\/em><\/p>\r\n","protected":false},"excerpt":{"rendered":"<p>(Cervantes nyom\u00e1n szabadon) (10.) IZABELLA Kezdetben azt hittem, hogy Izabella a szak\u00e1csn\u0151nk, Caterina f\u0151n\u00f6ke. Mintha azt is Izabell\u00e1nak h\u00edvn\u00e1k, az\u00e9rt t\u00e9vesztehettem \u00f6ssze a nagy Izabell\u00e1val, Caterina elmes\u00e9lte, hogy ez ut\u00f3bbi Spanyolorsz\u00e1g kir\u00e1lyn\u0151je volt.Sz\u00f3val, hogy a lovagunk im\u00e1dja azt a n\u0151t, m\u00e9g hogyha halott is, mert az orsz\u00e1g az \u0151 idej\u00e9ben lett nagy, s h\u00e1t neki [&hellip;]<\/p>\n","protected":false},"author":3,"featured_media":0,"comment_status":"open","ping_status":"open","sticky":false,"template":"","format":"standard","meta":{"_monsterinsights_skip_tracking":false,"_monsterinsights_sitenote_active":false,"_monsterinsights_sitenote_note":"","_monsterinsights_sitenote_category":0,"ngg_post_thumbnail":0,"footnotes":""},"categories":[1,6],"tags":[],"class_list":["post-102956","post","type-post","status-publish","format-standard","hentry","category-nincs-kategorizalva","category-regeny"],"_links":{"self":[{"href":"https:\/\/ujkafe.website\/index.php?rest_route=\/wp\/v2\/posts\/102956","targetHints":{"allow":["GET"]}}],"collection":[{"href":"https:\/\/ujkafe.website\/index.php?rest_route=\/wp\/v2\/posts"}],"about":[{"href":"https:\/\/ujkafe.website\/index.php?rest_route=\/wp\/v2\/types\/post"}],"author":[{"embeddable":true,"href":"https:\/\/ujkafe.website\/index.php?rest_route=\/wp\/v2\/users\/3"}],"replies":[{"embeddable":true,"href":"https:\/\/ujkafe.website\/index.php?rest_route=%2Fwp%2Fv2%2Fcomments&post=102956"}],"version-history":[{"count":0,"href":"https:\/\/ujkafe.website\/index.php?rest_route=\/wp\/v2\/posts\/102956\/revisions"}],"wp:attachment":[{"href":"https:\/\/ujkafe.website\/index.php?rest_route=%2Fwp%2Fv2%2Fmedia&parent=102956"}],"wp:term":[{"taxonomy":"category","embeddable":true,"href":"https:\/\/ujkafe.website\/index.php?rest_route=%2Fwp%2Fv2%2Fcategories&post=102956"},{"taxonomy":"post_tag","embeddable":true,"href":"https:\/\/ujkafe.website\/index.php?rest_route=%2Fwp%2Fv2%2Ftags&post=102956"}],"curies":[{"name":"wp","href":"https:\/\/api.w.org\/{rel}","templated":true}]}}