
{"id":102959,"date":"2022-09-18T02:52:49","date_gmt":"2022-09-18T02:52:49","guid":{"rendered":"https:\/\/ujkafe.website\/?p=102959"},"modified":"2022-09-17T17:46:19","modified_gmt":"2022-09-17T17:46:19","slug":"ivan-karamazov-korona-valtozatok-6","status":"publish","type":"post","link":"https:\/\/ujkafe.website\/?p=102959","title":{"rendered":"Ivan Karamazov: Korona-v\u00e1ltozatok &#8211; 6"},"content":{"rendered":"\r\n<p><em><strong>G\u00e1sp\u00e1rikattil\u00e1san<\/strong><\/em><br><br>\u00c9n irt\u00f3zatosan sz\u00e9gyelln\u00e9m magam, ha belesz\u00f3ln\u00e9k a magyar \u00e1llampolg\u00e1rok \u00e9let\u00e9be. Csak tudn\u00e1m, hova tettem a M\u00e1rki-Zay sz\u00e1m\u00e1t&#8230;<br>A kult\u00fara nem vicc \u00e9s nem \u00e1ru, hanem a kult\u00fara az kult\u00fara. \u00c9n ezen gondolkodn\u00e9k el a mindenkori \u00e9s -kor\u00fa d\u00f6ntn\u00f6k\u00f6k hely\u00e9ben. <br>Sok bes\u00fag\u00f3 van, aki val\u00f3j\u00e1ban nem bes\u00fag\u00f3, \u00e9s sok olyan, aki bes\u00fag\u00f3. Neh\u00e9z rendet tenni, de mindent megteszek a j\u00f3 \u00fcgy \u00e9rdek\u00e9ben. Bottoni szakt\u00e1rs, k\u00e9retik figyelni! Felk\u00e9sz\u00fcl Ungv\u00e1ry Kriszti\u00e1n.<br>A sz\u00ednh\u00e1z a t\u00e1rsadalom aspektusainak t\u00fckr\u00f6z\u0151d\u00e9se a sz\u00ednpadon. Nem t\u00f6bb \u00e9s nem kevesebb. Aki Vidny\u00e1nszkyra hallgat, az mindezt nem tudhatja, de h\u00e1t az ne is tudjon semmit.<br>\u00c9n mindenkit v\u00e9gighallgatok, illetve ha v\u00e9gig nem is, de meghallgatom, \u00e9s azt\u00e1n d\u00f6nt\u00f6k, egyesek szerint szubjekt\u00edven, de h\u00e1t az ember szubjekt\u00edv, \u00e9s nem lehet minden szubjektivit\u00e1s mell\u00e9 k\u00f6zleked\u00e9si rend\u0151rt \u00e1ll\u00edtani. Ezt ugyan Rejt\u0151 mondta, nem Nyir\u0151, de az\u00e9rt aj\u00e1nlom mindenkinek a figyelm\u00e9be.<br><br><em>Forr\u00e1s: szerz\u0151 FB-oldala<\/em><\/p>\r\n","protected":false},"excerpt":{"rendered":"<p>G\u00e1sp\u00e1rikattil\u00e1san \u00c9n irt\u00f3zatosan sz\u00e9gyelln\u00e9m magam, ha belesz\u00f3ln\u00e9k a magyar \u00e1llampolg\u00e1rok \u00e9let\u00e9be. Csak tudn\u00e1m, hova tettem a M\u00e1rki-Zay sz\u00e1m\u00e1t&#8230;A kult\u00fara nem vicc \u00e9s nem \u00e1ru, hanem a kult\u00fara az kult\u00fara. \u00c9n ezen gondolkodn\u00e9k el a mindenkori \u00e9s -kor\u00fa d\u00f6ntn\u00f6k\u00f6k hely\u00e9ben. Sok bes\u00fag\u00f3 van, aki val\u00f3j\u00e1ban nem bes\u00fag\u00f3, \u00e9s sok olyan, aki bes\u00fag\u00f3. Neh\u00e9z rendet tenni, de [&hellip;]<\/p>\n","protected":false},"author":3,"featured_media":0,"comment_status":"open","ping_status":"open","sticky":false,"template":"","format":"standard","meta":{"_monsterinsights_skip_tracking":false,"_monsterinsights_sitenote_active":false,"_monsterinsights_sitenote_note":"","_monsterinsights_sitenote_category":0,"ngg_post_thumbnail":0,"footnotes":""},"categories":[16],"tags":[],"class_list":["post-102959","post","type-post","status-publish","format-standard","hentry","category-bongeszde"],"_links":{"self":[{"href":"https:\/\/ujkafe.website\/index.php?rest_route=\/wp\/v2\/posts\/102959","targetHints":{"allow":["GET"]}}],"collection":[{"href":"https:\/\/ujkafe.website\/index.php?rest_route=\/wp\/v2\/posts"}],"about":[{"href":"https:\/\/ujkafe.website\/index.php?rest_route=\/wp\/v2\/types\/post"}],"author":[{"embeddable":true,"href":"https:\/\/ujkafe.website\/index.php?rest_route=\/wp\/v2\/users\/3"}],"replies":[{"embeddable":true,"href":"https:\/\/ujkafe.website\/index.php?rest_route=%2Fwp%2Fv2%2Fcomments&post=102959"}],"version-history":[{"count":0,"href":"https:\/\/ujkafe.website\/index.php?rest_route=\/wp\/v2\/posts\/102959\/revisions"}],"wp:attachment":[{"href":"https:\/\/ujkafe.website\/index.php?rest_route=%2Fwp%2Fv2%2Fmedia&parent=102959"}],"wp:term":[{"taxonomy":"category","embeddable":true,"href":"https:\/\/ujkafe.website\/index.php?rest_route=%2Fwp%2Fv2%2Fcategories&post=102959"},{"taxonomy":"post_tag","embeddable":true,"href":"https:\/\/ujkafe.website\/index.php?rest_route=%2Fwp%2Fv2%2Ftags&post=102959"}],"curies":[{"name":"wp","href":"https:\/\/api.w.org\/{rel}","templated":true}]}}