
{"id":102962,"date":"2022-09-18T02:59:12","date_gmt":"2022-09-18T02:59:12","guid":{"rendered":"https:\/\/ujkafe.website\/?p=102962"},"modified":"2022-09-17T18:42:05","modified_gmt":"2022-09-17T18:42:05","slug":"boloni-domokos-bongeszoje-590","status":"publish","type":"post","link":"https:\/\/ujkafe.website\/?p=102962","title":{"rendered":"B\u00f6l\u00f6ni Domokos b\u00f6ng\u00e9sz\u0151je"},"content":{"rendered":"\r\n<p><em><strong>LAKATOS ISTV\u00c1N: PEDIG NEM IS..<\/strong><\/em><br><br>Volt egy bar\u00e1tom, aki ifj\u00fakor\u00e1ban alig foglalkozott zen\u00e9vel. K\u00e9s\u0151bb azonban zenekedvel\u0151 lett, \u00e9s el\u00e9g gyakran j\u00e1rt hangversenyekre. Hamarosan olyan szak\u00e9rt\u0151je lett a zenem\u0171v\u00e9szetnek, hogy f\u00f6l\u00e9nyesen kezdett hozz\u00e1sz\u00f3lni olyan zenei dolgokhoz, melyekhez nem sok k\u00f6ze volt. <br>A v\u00e9letlen \u00fagy hozta, hogy egy hangversenyen mell\u00e9m ker\u00fclt. A zenekar Wagner-m\u0171vet j\u00e1tszott, \u00e9s bar\u00e1tom az el\u0151ad\u00e1s folyam\u00e1n hozz\u00e1m \u00e9s m\u00e1sik szomsz\u00e9dj\u00e1hoz is besz\u00e9lt, \u00e9s er\u0151sen b\u00edr\u00e1lta a zenekart, a karmestert, de f\u0151k\u00e9nt a faf\u00fav\u00f3kat. Csit\u00edtgattam \u00e9s bizonygattam, hogy igaztalan a b\u00edr\u00e1lata, mert az el\u0151ad\u00e1s eg\u00e9szen j\u00f3. \u00c1m zenebar\u00e1tom leintett, mintha csak azt mondta volna, hallgassak, \u00fagysem \u00e9rtek hozz\u00e1. D\u00fch\u00f6s lettem \u00e9s megk\u00e9rdeztem: <br>\u2014 Te J\u00f3zsi! Hallod az obo\u00e1t? <br>F\u00f6l\u00e9nyesen v\u00e1laszolta: <br>\u2014 M\u00e1r hogyne hallan\u00e1m! <br>\u2014 Pedig nem is j\u00e1tszik \u2014 feleltem k\u00e1r\u00f6r\u00f6mmel&#8230; <br><br><em>Utunk \u00e9vk\u00f6nyv 1970<\/em><\/p>\r\n","protected":false},"excerpt":{"rendered":"<p>LAKATOS ISTV\u00c1N: PEDIG NEM IS.. Volt egy bar\u00e1tom, aki ifj\u00fakor\u00e1ban alig foglalkozott zen\u00e9vel. K\u00e9s\u0151bb azonban zenekedvel\u0151 lett, \u00e9s el\u00e9g gyakran j\u00e1rt hangversenyekre. Hamarosan olyan szak\u00e9rt\u0151je lett a zenem\u0171v\u00e9szetnek, hogy f\u00f6l\u00e9nyesen kezdett hozz\u00e1sz\u00f3lni olyan zenei dolgokhoz, melyekhez nem sok k\u00f6ze volt. A v\u00e9letlen \u00fagy hozta, hogy egy hangversenyen mell\u00e9m ker\u00fclt. A zenekar Wagner-m\u0171vet j\u00e1tszott, \u00e9s bar\u00e1tom [&hellip;]<\/p>\n","protected":false},"author":3,"featured_media":0,"comment_status":"open","ping_status":"open","sticky":false,"template":"","format":"standard","meta":{"_monsterinsights_skip_tracking":false,"_monsterinsights_sitenote_active":false,"_monsterinsights_sitenote_note":"","_monsterinsights_sitenote_category":0,"ngg_post_thumbnail":0,"footnotes":""},"categories":[16],"tags":[],"class_list":["post-102962","post","type-post","status-publish","format-standard","hentry","category-bongeszde"],"_links":{"self":[{"href":"https:\/\/ujkafe.website\/index.php?rest_route=\/wp\/v2\/posts\/102962","targetHints":{"allow":["GET"]}}],"collection":[{"href":"https:\/\/ujkafe.website\/index.php?rest_route=\/wp\/v2\/posts"}],"about":[{"href":"https:\/\/ujkafe.website\/index.php?rest_route=\/wp\/v2\/types\/post"}],"author":[{"embeddable":true,"href":"https:\/\/ujkafe.website\/index.php?rest_route=\/wp\/v2\/users\/3"}],"replies":[{"embeddable":true,"href":"https:\/\/ujkafe.website\/index.php?rest_route=%2Fwp%2Fv2%2Fcomments&post=102962"}],"version-history":[{"count":0,"href":"https:\/\/ujkafe.website\/index.php?rest_route=\/wp\/v2\/posts\/102962\/revisions"}],"wp:attachment":[{"href":"https:\/\/ujkafe.website\/index.php?rest_route=%2Fwp%2Fv2%2Fmedia&parent=102962"}],"wp:term":[{"taxonomy":"category","embeddable":true,"href":"https:\/\/ujkafe.website\/index.php?rest_route=%2Fwp%2Fv2%2Fcategories&post=102962"},{"taxonomy":"post_tag","embeddable":true,"href":"https:\/\/ujkafe.website\/index.php?rest_route=%2Fwp%2Fv2%2Ftags&post=102962"}],"curies":[{"name":"wp","href":"https:\/\/api.w.org\/{rel}","templated":true}]}}