
{"id":102995,"date":"2022-09-19T15:24:15","date_gmt":"2022-09-19T15:24:15","guid":{"rendered":"https:\/\/ujkafe.website\/?p=102995"},"modified":"2022-09-19T15:24:15","modified_gmt":"2022-09-19T15:24:15","slug":"akademia-vadasdon-2","status":"publish","type":"post","link":"https:\/\/ujkafe.website\/?p=102995","title":{"rendered":"Akad\u00e9mia Vadasdon"},"content":{"rendered":"<p><strong>Interj\u00fasorozat Sz\u00e9kely Ferenccel<\/strong><\/p>\n<p><strong>2. Erd\u0151szentgy\u00f6rgy \u00e9s Ny\u00e1r\u00e1dszereda k\u00f6z\u00f6tt<\/strong><\/p>\n<p>&nbsp;<\/p>\n<p><em>\u2012<\/em><em> Arr\u00f3l, hogy mik\u00e9ppen indult el az interj\u00fasorozat, m\u00e1r sz\u00f3lt\u00e1l, \u00e1ruld most el, \u201dakad\u00e9mi\u00e1d\u201d mi\u00e9rt Vadasdhoz kapcsol\u00f3dik? Hol <\/em><em>\u00e9<\/em><em>lsz? <\/em><\/p>\n<p>\u2012 Eur\u00f3p\u00e1ban, Erd\u00e9lyben, Marossz\u00e9ken, egy piciny magyar faluban, Vadasdon, ahol jelenleg, minden reggel kb. 350-en kelnek fel. Persze a t\u00f6rt\u00e9nelem sor\u00e1n laktak t\u00f6bben is, 500-600-an, de most lass\u00fa apad\u00e1s tapasztalhat\u00f3, mint \u00e1ltal\u00e1ban, minden\u00fctt&#8230; 1974-ben, k\u00f6zel f\u00e9l \u00e9vsz\u00e1zada ker\u00fcltem a faluba, azel\u0151tt a hagyom\u00e1nyos \u00e9letvitel\u00e9r\u0151l h\u00edres Sz\u00e9ken, \u00c1kosfalv\u00e1n \u00e9s Sz\u00e9kelyvaj\u00e1ban laktam, illetve dolgoztam gazdas\u00e1gi egys\u00e9gekben. Kor\u00e1bban n\u00e9gy \u00e9vet a sz\u00e9kelyudvarhelyi Sz\u00e9kely t\u00e1mad v\u00e1rban m\u0171k\u00f6d\u0151 mez\u0151gazdas\u00e1gi profil\u00fa szakl\u00edceumban h\u00faztam le, amely a \u201989-es v\u00e1ltoz\u00e1st k\u00f6vet\u0151en lett az E\u00f6tv\u00f6s J\u00f3zsef k\u00f6z\u00e9piskola.<!--more--><\/p>\n<p>Vadasd Erd\u0151szentgy\u00f6rgy \u00e9s Ny\u00e1r\u00e1dszereda k\u00f6z\u00f6tt fekszik, az \u00fan. Patak mente kis n\u00e9prajzi t\u00e1jegys\u00e9g egyik falujak\u00e9nt. Itt sz\u00fcletett Jakab \u00d6d\u00f6n (1854-1931) k\u00f6lt\u0151 \u00e9s Moln\u00e1r D\u00e9nes (1947-2000) grafikusm\u0171v\u00e9sz, tan\u00e1r. Anyai \u00e1gon innen sz\u00e1rmazik Hajdu Zolt\u00e1n (1924-1982) k\u00f6lt\u0151 \u00e9s \u00f6ccse, Hajdu Gy\u0151z\u0151 (1929-2018), az Igaz Sz\u00f3 egykori f\u0151szerkeszt\u0151je. Szint\u00e9n innen sz\u00e1rmazik \u2012 \u00e9desanyja r\u00e9v\u00e9n \u2012 B\u00f6l\u00f6ni L\u00e1szl\u00f3 eur\u00f3pai h\u00edr\u0171 futballista, aki n\u00e9ha hazal\u00e1togat. Nagyapj\u00e1t, S\u00e1ntha J\u00f3zsef k\u00e1ntor-tan\u00edt\u00f3t 1949-ben a falu hat\u00e1r\u00e1ban v\u00e9gezt\u00e9k ki az \u00e1llambiztons\u00e1g emberei \u2013 s\u00edrja k\u00f6zvetlen\u00fcl a reform\u00e1tus templom szomsz\u00e9ds\u00e1g\u00e1ban tal\u00e1lhat\u00f3.<\/p>\n<p>&nbsp;<\/p>\n<p><a href=\"https:\/\/ujkafe.website\/wp-content\/uploads\/2022\/09\/Szekely-Ferenc-1.jpg\"><img loading=\"lazy\" decoding=\"async\" class=\"size-full wp-image-102987\" src=\"https:\/\/ujkafe.website\/wp-content\/uploads\/2022\/09\/Szekely-Ferenc-1.jpg\" alt=\"\" width=\"250\" height=\"258\"><\/a><\/p>\n<p>Nos, ebben a piriny\u00f3 kis faluban \u00e9lek, innen \u201etekintek\u201d \u2012 a vil\u00e1got megh\u00f3d\u00edt\u00f3 internet \u00e9s t\u00f6megkommunik\u00e1ci\u00f3 seg\u00edts\u00e9g\u00e9vel \u2012 a k\u00f6zeli \u00e9s t\u00e1voli vil\u00e1g \u201ezsibong\u00e1saira.\u201d \u00c9s ugyaninnen igyekszem kapcsolatot teremteni\/\u00e1polni nemzet\u00fcnk jeleseivel \u2012 b\u00e1rhol is \u00e9ljenek a nagyvil\u00e1gban.<\/p>\n<p><em>\u2012<\/em><em> H<\/em><em>\u00e1<\/em><em>nyan ker<\/em><em>\u00fc<\/em><em>ltek eddig <\/em><em>\u201e<\/em><em>tollhegyre<\/em><em>\u201d<\/em><em> vagy <\/em><em>\u201e<\/em><em>mikronfonv<\/em><em>\u00e9<\/em><em>gre<\/em><em>\u201d<\/em><em>? <\/em><\/p>\n<p>\u2012 Tavaly \u00f6sszeadtam, s a t\u00edz k\u00f6tetben 117 interj\u00faalanyt sz\u00e1moltam \u00f6ssze. Val\u00f3j\u00e1ban 123 besz\u00e9lget\u00e9s l\u00e1tott napvil\u00e1got, de volt olyan is, aki k\u00e9tszer szerepelt. Pl . A megmentett h\u0171s\u00e9gben, mint korondi tan\u00e1r-igazgat\u00f3 benne van Beder Tibor neves utaz\u00f3, magyars\u00e1gkutat\u00f3, de r\u00e1 hat \u00e9vre, amikor bet\u00f6lt\u00f6tte a 80-at (2018-ban) \u00fajb\u00f3l felkerestem, s most, mint kerek \u00e9vfordul\u00f3s szem\u00e9lyis\u00e9get, k\u00f6z\u00edr\u00f3t, vil\u00e1gutaz\u00f3t faggattam egy \u00e9letm\u0171-potr\u00e9ban. Ebb\u0151l a meggondol\u00e1sb\u00f3l kerestem fel k\u00e9tszer is Kir\u00e1ly L\u00e1szl\u00f3 k\u00f6lt\u0151t, de m\u00e1sokat is\u2026<\/p>\n<p>Ehhez a 117 interj\u00faalanyhoz 2022-ben \u00fajabb 10 szem\u00e9lyt sz\u00e1nd\u00e9kszom az olvas\u00f3k, \u00e9letrajz\u00edr\u00f3k \u00e9s kutat\u00f3k figyelm\u00e9be aj\u00e1nlani.<\/p>\n<p>J\u00f3l mondtad, hogy \u201etollhegyre\u201d, illetve \u201emikrofonv\u00e9gre\u201d, mert a fizikailag t\u00e1volban l\u00e9v\u0151 jeleseknek mindig interneten teszem fel a k\u00e9rd\u00e9seket, el\u0151zetets egyeztet\u00e9s k\u00f6vet\u0151en. A f\u00f6ldrajzi \u00e9rtelemben vett \u201ek\u00f6zelebbieket\u201d \u2012 ha lehet\u0151s\u00e9g van \u2012 szem\u00e9lyesen keresem fel, \u00e9s kismagn\u00f3val r\u00f6gz\u00edtem a besz\u00e9lget\u00e9st. \u00c1ltal\u00e1ban megk\u00e9rdem: melyiket v\u00e1lasztja? A d\u00f6nt\u00e9st mindig az alanyra b\u00edzom.<\/p>\n<p>&nbsp;<\/p>\n<p><em>K\u00e9rdezett: Gergely Tam\u00e1s<\/em><\/p>\n<p><em>(Folytatjuk) <\/em><\/p>\n<p><em>&nbsp;<\/em><\/p>\n<p><em>Az email-interj\u00fa els<\/em>\u0151<em> r\u00e9sze itt olvashat\u00f3: https:\/\/ujkafe.website\/?p=102940#more-102940<\/em><\/p>\n<p>&nbsp;<\/p>\n","protected":false},"excerpt":{"rendered":"<p>Interj\u00fasorozat Sz\u00e9kely Ferenccel 2. Erd\u0151szentgy\u00f6rgy \u00e9s Ny\u00e1r\u00e1dszereda k\u00f6z\u00f6tt &nbsp; \u2012 Arr\u00f3l, hogy mik\u00e9ppen indult el az interj\u00fasorozat, m\u00e1r sz\u00f3lt\u00e1l, \u00e1ruld most el, \u201dakad\u00e9mi\u00e1d\u201d mi\u00e9rt Vadasdhoz kapcsol\u00f3dik? Hol \u00e9lsz? \u2012 Eur\u00f3p\u00e1ban, Erd\u00e9lyben, Marossz\u00e9ken, egy piciny magyar faluban, Vadasdon, ahol jelenleg, minden reggel kb. 350-en kelnek fel. Persze a t\u00f6rt\u00e9nelem sor\u00e1n laktak t\u00f6bben is, 500-600-an, de most [&hellip;]<\/p>\n","protected":false},"author":2954,"featured_media":0,"comment_status":"open","ping_status":"open","sticky":false,"template":"","format":"standard","meta":{"_monsterinsights_skip_tracking":false,"_monsterinsights_sitenote_active":false,"_monsterinsights_sitenote_note":"","_monsterinsights_sitenote_category":0,"ngg_post_thumbnail":0,"footnotes":""},"categories":[1],"tags":[],"class_list":["post-102995","post","type-post","status-publish","format-standard","hentry","category-nincs-kategorizalva"],"_links":{"self":[{"href":"https:\/\/ujkafe.website\/index.php?rest_route=\/wp\/v2\/posts\/102995","targetHints":{"allow":["GET"]}}],"collection":[{"href":"https:\/\/ujkafe.website\/index.php?rest_route=\/wp\/v2\/posts"}],"about":[{"href":"https:\/\/ujkafe.website\/index.php?rest_route=\/wp\/v2\/types\/post"}],"author":[{"embeddable":true,"href":"https:\/\/ujkafe.website\/index.php?rest_route=\/wp\/v2\/users\/2954"}],"replies":[{"embeddable":true,"href":"https:\/\/ujkafe.website\/index.php?rest_route=%2Fwp%2Fv2%2Fcomments&post=102995"}],"version-history":[{"count":0,"href":"https:\/\/ujkafe.website\/index.php?rest_route=\/wp\/v2\/posts\/102995\/revisions"}],"wp:attachment":[{"href":"https:\/\/ujkafe.website\/index.php?rest_route=%2Fwp%2Fv2%2Fmedia&parent=102995"}],"wp:term":[{"taxonomy":"category","embeddable":true,"href":"https:\/\/ujkafe.website\/index.php?rest_route=%2Fwp%2Fv2%2Fcategories&post=102995"},{"taxonomy":"post_tag","embeddable":true,"href":"https:\/\/ujkafe.website\/index.php?rest_route=%2Fwp%2Fv2%2Ftags&post=102995"}],"curies":[{"name":"wp","href":"https:\/\/api.w.org\/{rel}","templated":true}]}}