
{"id":103006,"date":"2022-09-21T02:50:27","date_gmt":"2022-09-21T02:50:27","guid":{"rendered":"https:\/\/ujkafe.website\/?p=103006"},"modified":"2022-09-20T19:59:18","modified_gmt":"2022-09-20T19:59:18","slug":"gergely-tamas-rocinante-regenye-13","status":"publish","type":"post","link":"https:\/\/ujkafe.website\/?p=103006","title":{"rendered":"Gergely Tam\u00e1s: ROCINANTE REG\u00c9NYE &#8211; 13"},"content":{"rendered":"<em>(Cervantes nyom\u00e1n szabadon)<\/em>\r\n\r\n<em><strong>(13.)DULCINEA<\/strong><\/em>\r\n\r\n\u2013 Fegyverhordoz\u00f3m m\u00e1r van \u2013 b\u00f6k\u00f6tt a lovag a feje b\u00fabj\u00e1ra \u2013 meg parip\u00e1m \u2013 ekkor m\u00e1sodszorra r\u00e1m n\u00e9zett, el\u0151sz\u00f6r, amikor a l\u00f3kupect\u0151l megv\u00e1s\u00e1rolt. \u2013 Majd mindenem megvan, ami egy lovagnak a porty\u00e1z\u00e1shoz sz\u00fcks\u00e9ges.\r\nRosszul fejezte ki mag\u00e1t, ez\u00fattal m\u00e1r nem porty\u00e1zni akart, hanem hadba indulni, Kakaf\u00f3nia, na, hogy is h\u00edvj\u00e1k, Kaszt\u00e1k\u00f3lia ellen.\r\n\u2013 De egy nemes h\u00f6lgy, akinek a sikereim h\u00edr\u00fcl viszem, az nincsen.\r\nKeresg\u00e9lni kezdett eml\u00e9kezet\u00e9ben \u00e9lete n\u0151i ismer\u0151sei ut\u00e1n, de nem volt neki olyan. N\u0151szem\u00e9ly kett\u0151 forgol\u00f3dott a k\u00f6rnyezet\u00e9ben, a szak\u00e1csn\u00e9 meg Caterina, de h\u00e1t azok nem feleltek meg nemes d\u00e1m\u00e1nak, p\u00f3rn\u00e9p volt mindkett\u0151 Quijote (\u00edgy h\u00edvj\u00e1k a lovagom) szem\u00e9ben.\r\nNa de ekkor el\u0151ugrott egy r\u00e9gi eml\u00e9k, hogy amikor fiatalkor\u00e1ban be akart menni a tobos\u00f3i vend\u00e9gfogad\u00f3ba, szembetal\u00e1lkozott egy m\u00e1sik fiatallal, az l\u00e1bbal el\u0151re \u00e9rkezett, akit a csapl\u00e1rosn\u00e9 \u00e9ppen dobott ki.\r\n\u201dMicsoda er\u0151 van benne \u2013 gondolta Quijote \u2013 \u00e9s micsoda hang, hogy m\u00e9g egy s\u00e1rk\u00e1ny is megijedne t\u0151le\u201d.\r\nEzt gondolta akkor, s ez az \u00e9lm\u00e9ny rakt\u00e1roz\u00f3dott el az agy\u00e1ban. S most, az \u00fatra k\u00e9sz\u00fclve \u00fagy \u00edt\u00e9lte meg, hogy az a kecses, b\u00e1jos n\u0151, akinek a nev\u00e9t sem tudta, s bel\u0151le sem sokat l\u00e1tott, lovag m\u00fazs\u00e1j\u00e1nak megfelelne.\r\n\u2013 \u0150 az! \u2013 ki\u00e1ltott fel \u2013 az \u00e9n Dulcine\u00e1m!\r\nEkkor azonban megd\u00f6rd\u00fclt az \u00e9g, \u00e9s a lovag felpillantva, gomolyg\u00f3 felh\u0151ket l\u00e1tott, vill\u00e1ml\u00e1st, s azonnal meg\u00e9rtette, hogy Izabella \u00fczen. S az \u00fczenete: nem!\r\nHa nem, h\u00e1t nem. \u0150 ugye az eg\u00e9sz katal\u00f3niai harcot neki aj\u00e1nlotta fel, engedelmeskednie kell. \u00c9s \u2013 az igazs\u00e1got megvallva \u2013 j\u00f3l is esett neki az engedelmess\u00e9g.\r\n\r\n<strong><em>(Folytatjuk *K\u00f6vetkezik: (14.) V\u00c9GRE ZAB)<\/em><\/strong>\r\n\r\n<!-- \/wp:post-content -->","protected":false},"excerpt":{"rendered":"<p>(Cervantes nyom\u00e1n szabadon) (13.)DULCINEA \u2013 Fegyverhordoz\u00f3m m\u00e1r van \u2013 b\u00f6k\u00f6tt a lovag a feje b\u00fabj\u00e1ra \u2013 meg parip\u00e1m \u2013 ekkor m\u00e1sodszorra r\u00e1m n\u00e9zett, el\u0151sz\u00f6r, amikor a l\u00f3kupect\u0151l megv\u00e1s\u00e1rolt. \u2013 Majd mindenem megvan, ami egy lovagnak a porty\u00e1z\u00e1shoz sz\u00fcks\u00e9ges. Rosszul fejezte ki mag\u00e1t, ez\u00fattal m\u00e1r nem porty\u00e1zni akart, hanem hadba indulni, Kakaf\u00f3nia, na, hogy is h\u00edvj\u00e1k, [&hellip;]<\/p>\n","protected":false},"author":3,"featured_media":0,"comment_status":"open","ping_status":"open","sticky":false,"template":"","format":"standard","meta":{"_monsterinsights_skip_tracking":false,"_monsterinsights_sitenote_active":false,"_monsterinsights_sitenote_note":"","_monsterinsights_sitenote_category":0,"ngg_post_thumbnail":0,"footnotes":""},"categories":[6],"tags":[],"class_list":["post-103006","post","type-post","status-publish","format-standard","hentry","category-regeny"],"_links":{"self":[{"href":"https:\/\/ujkafe.website\/index.php?rest_route=\/wp\/v2\/posts\/103006","targetHints":{"allow":["GET"]}}],"collection":[{"href":"https:\/\/ujkafe.website\/index.php?rest_route=\/wp\/v2\/posts"}],"about":[{"href":"https:\/\/ujkafe.website\/index.php?rest_route=\/wp\/v2\/types\/post"}],"author":[{"embeddable":true,"href":"https:\/\/ujkafe.website\/index.php?rest_route=\/wp\/v2\/users\/3"}],"replies":[{"embeddable":true,"href":"https:\/\/ujkafe.website\/index.php?rest_route=%2Fwp%2Fv2%2Fcomments&post=103006"}],"version-history":[{"count":0,"href":"https:\/\/ujkafe.website\/index.php?rest_route=\/wp\/v2\/posts\/103006\/revisions"}],"wp:attachment":[{"href":"https:\/\/ujkafe.website\/index.php?rest_route=%2Fwp%2Fv2%2Fmedia&parent=103006"}],"wp:term":[{"taxonomy":"category","embeddable":true,"href":"https:\/\/ujkafe.website\/index.php?rest_route=%2Fwp%2Fv2%2Fcategories&post=103006"},{"taxonomy":"post_tag","embeddable":true,"href":"https:\/\/ujkafe.website\/index.php?rest_route=%2Fwp%2Fv2%2Ftags&post=103006"}],"curies":[{"name":"wp","href":"https:\/\/api.w.org\/{rel}","templated":true}]}}